{"id":414648,"date":"2023-01-05T08:06:08","date_gmt":"2023-01-05T11:06:08","guid":{"rendered":"https:\/\/investnews.com.br\/?p=414648"},"modified":"2024-06-25T15:26:43","modified_gmt":"2024-06-25T18:26:43","slug":"3-fatos-para-hoje-marina-pretende-atrair-investimentos-ipc-fipe-sobe-e-tesla","status":"publish","type":"post","link":"https:\/\/investnews.com.br\/economia\/3-fatos-para-hoje-marina-pretende-atrair-investimentos-ipc-fipe-sobe-e-tesla\/","title":{"rendered":"3 fatos para hoje: Marina pretende atrair investimentos, IPC-Fipe sobe e Tesla"},"content":{"rendered":"\n<h2 class=\"wp-block-heading\">1 &#8211; Marina anuncia secretaria especial e diz que vai abrir mercados no Brasil<\/h2>\n\n\n\n<p>A ministra do Meio Ambiente, <strong>Marina Silv<\/strong>a, anunciou na quarta-feira (4), ao tomar posse, a cria\u00e7\u00e3o de uma secretaria extraordin\u00e1ria de combate ao desmatamento que ter\u00e1 como medida de sucesso ser extinguida ao acabar com a destrui\u00e7\u00e3o da floresta, em um discurso com a promessa de atrair investimentos e abrir o mercado brasileiro ao tornar o pa\u00eds respeitado no mundo pela preserva\u00e7\u00e3o ambiental.<\/p>\n\n\n\n<p>&#8220;Vamos ter uma a\u00e7\u00e3o que respeita o multilateralismo, mas vamos atuar internamente para que o Brasil volte, em lugar de ser um p\u00e1ria ambiental, ser um pa\u00eds que vai nos ajudar a fazer com que a gente consiga finalizar o acordo do Mercosul (com a Uni\u00e3o Europeia)&#8221;, afirmou.<\/p>\n\n\n\n<p>&#8220;Que a gente consiga trazer os investimentos, que a gente consiga abrir os mercados para os nossos produtos. Que a gente deixe de ser o pior cart\u00e3o de visitas para os nossos interesses.&#8221;<\/p>\n\n\n\n<p>Marina, que volta ao minist\u00e9rio que comandou anteriormente de 2003 a 2008, tamb\u00e9m anunciou que a Autoridade Nacional do Clima proposta por ela ser\u00e1 criada at\u00e9 mar\u00e7o e ficar\u00e1 sob a al\u00e7ada de seu minist\u00e9rio, e ainda disse que ser\u00e1 criado um conselho sobre mudan\u00e7a do clima que ser\u00e1 liderado pelo pr\u00f3prio presidente Luiz In\u00e1cio Lula da Silva.<\/p>\n\n\n\n<p>Em uma cerim\u00f4nia super concorrida no Pal\u00e1cio do Planalto, Marina afirmou ao ministro da Agricultura, Carlos F\u00e1varo, que espera trabalhar &#8220;muito conjuntamente&#8221;, e exaltou o compromisso assumido por Lula de tornar o meio ambiente um tema transversal em todo o governo.<\/p>\n\n\n\n<p>A ministra reconheceu que haver\u00e1 &#8220;tens\u00f5es&#8221;, mas acrescentou que o papel de seu minist\u00e9rio n\u00e3o \u00e9 &#8220;ser um entrave \u00e0s justas expectativas de desenvolvimento social, mas facilitador&#8221; de que isso ocorra sem atacar o meio ambiente.<\/p>\n\n\n\n<p>Com capital pol\u00edtico pr\u00f3prio e visibilidade internacional, a ministra vai comandar uma \u00e1rea que vai ser acompanhada de perto no exterior e ela pr\u00f3pria ser\u00e1 uma esp\u00e9cie de baliza do sucesso do governo Lula 3 em conciliar interesses, como o de ambientalistas e o do importante setor do agroneg\u00f3cio.<\/p>\n\n\n\n<p>Marina disse que o governo brasileiro n\u00e3o se furtar\u00e1 a exercer um papel de lideran\u00e7a nacional e internacional frente \u00e0 emerg\u00eancia clim\u00e1tica que se imp\u00f5e, que tem como mais atingidos os mais pobres, lembrou.<\/p>\n\n\n\n<p>Ela fez duras cr\u00edticas \u00e0 gest\u00e3o do ex-presidente Jair Bolsonaro na \u00e1rea ambiental e mencionou declara\u00e7\u00e3o do ex-ministro do Meio Ambiente Ricardo Salles durante uma reuni\u00e3o ministerial sobre &#8220;passar a boiada&#8221;.<\/p>\n\n\n\n<p>&#8220;Boiadas se passaram nos lugares onde deveriam passar apenas pol\u00edticas de prote\u00e7\u00e3o ambiental&#8221;, disse. Durante o governo Bolsonaro, diversas pol\u00edticas ambientais foram desmontadas, resultando em um recorde de 15 anos no desmatamento da Amaz\u00f4nia.<\/p>\n\n\n\n<figure class=\"wp-block-image size-large\"><img loading=\"lazy\" decoding=\"async\" width=\"1024\" height=\"683\" src=\"https:\/\/media.investnews.com.br\/uploads\/2023\/01\/2023-01-04T221527Z_1_LYNXMPEJ030OM_RTROPTP_4_BRAZIL-POLITICS-1024x683.jpg\" alt=\"\" class=\"wp-image-414651\" srcset=\"https:\/\/media.investnews.com.br\/uploads\/2023\/01\/2023-01-04T221527Z_1_LYNXMPEJ030OM_RTROPTP_4_BRAZIL-POLITICS-1024x683.jpg 1024w, https:\/\/media.investnews.com.br\/uploads\/2023\/01\/2023-01-04T221527Z_1_LYNXMPEJ030OM_RTROPTP_4_BRAZIL-POLITICS-300x200.jpg 300w, https:\/\/media.investnews.com.br\/uploads\/2023\/01\/2023-01-04T221527Z_1_LYNXMPEJ030OM_RTROPTP_4_BRAZIL-POLITICS-768x512.jpg 768w, https:\/\/media.investnews.com.br\/uploads\/2023\/01\/2023-01-04T221527Z_1_LYNXMPEJ030OM_RTROPTP_4_BRAZIL-POLITICS-1536x1025.jpg 1536w, https:\/\/media.investnews.com.br\/uploads\/2023\/01\/2023-01-04T221527Z_1_LYNXMPEJ030OM_RTROPTP_4_BRAZIL-POLITICS-1256x838.jpg 1256w, https:\/\/media.investnews.com.br\/uploads\/2023\/01\/2023-01-04T221527Z_1_LYNXMPEJ030OM_RTROPTP_4_BRAZIL-POLITICS-172x115.jpg 172w, https:\/\/media.investnews.com.br\/uploads\/2023\/01\/2023-01-04T221527Z_1_LYNXMPEJ030OM_RTROPTP_4_BRAZIL-POLITICS-150x100.jpg 150w, https:\/\/media.investnews.com.br\/uploads\/2023\/01\/2023-01-04T221527Z_1_LYNXMPEJ030OM_RTROPTP_4_BRAZIL-POLITICS.jpg 2048w\" sizes=\"auto, (max-width: 1024px) 100vw, 1024px\" \/><figcaption class=\"wp-element-caption\">Ministra do Meio Ambiente, Marina Silva, com ministro da Agricultura, Carlos F\u00e1varo, no Planalto\n04\/01\/2023\nREUTERS\/Adriano Machado<\/figcaption><\/figure>\n\n\n\n<h2 class=\"wp-block-heading\"><strong>2 &#8211; Fundos com a\u00e7\u00f5es da Tesla podem ter problema em 2023<\/strong><\/h2>\n\n\n\n<p>A acentuada queda nas a\u00e7\u00f5es da Tesla <a href=\"https:\/\/investnews.com.br\/cotacao\/tsla34-tesla\/\">(TSLA34) <\/a>est\u00e1 se provando um pesadelo incessante para gestores de fundos que apostaram pesado na fabricante de carros el\u00e9tricos liderada por Elon Musk.<\/p>\n\n\n\n<p>No geral, 50 fundos com gest\u00e3o ativa nos Estados Unidos t\u00eam a\u00e7\u00f5es da Tesla representando mais de 5% de seus ativos, excedendo a barreira que muitos gestores de portf\u00f3lio n\u00e3o cruzam com apenas uma posi\u00e7\u00e3o para diversificar sua exposi\u00e7\u00e3o.<\/p>\n\n\n\n<p>Estes fundos ca\u00edram uma m\u00e9dia de 42,1% ano passado, mais que o dobro da m\u00e9dia de 17% dos <a href=\"https:\/\/investnews.com.br\/guias\/fundos-de-acoes-como-investir\/\">fundos de a\u00e7\u00f5es<\/a> nos EUA, segundo a Morningstar.<\/p>\n\n\n\n<p>O fundo Baron Partners Retail, de 6 bilh\u00f5es de d\u00f3lares, e que lidera todos os fundos m\u00fatuos dos EUA com cerca de 52% de seus ativos em a\u00e7\u00f5es da Tesla, despencou quase 43% ano passado. O fundo Zevenbergen Genea Institutional, de 54 milh\u00f5es de d\u00f3lares e que tem 13% de seus ativos atrelados \u00e0 montadora, caiu quase 59%. Ambos n\u00e3o comentaram o assunto.<\/p>\n\n\n\n<p>As a\u00e7\u00f5es da Tesla despencaram cerca de 65% no ano passado, com decl\u00ednios acelerando depois que Musk decidiu comprar o Twitter. Os pap\u00e9is da montadoras tombaram 37% em dezembro e ca\u00edram mais de 12% na ter\u00e7a-feira, primeiro dia de negocia\u00e7\u00e3o de 2023, depois que as entregas da companhia ficaram abaixo do esperado no quarto trimestre.<\/p>\n\n\n\n<p>A perspectiva de outro ano de performance menor que as expectativas do mercado pode fazer outros grandes investidores na Tesla reduzirem suas exposi\u00e7\u00f5es, disse Dan Ives, analista da Wedbush Securities.<\/p>\n\n\n\n<p>&#8220;\u00c9 um momento de encruzilhada para muitos desses investidores institucionais, e muito de para onde eles v\u00e3o \u00e9 dependente de Musk&#8221;, disse ele. &#8220;Musk come\u00e7ou o fogo com o show de circo no Twitter e \u00e9 o \u00fanico que pode apaga-lo e fazer com que Wall Street foque nos fundamentos da empresa novamente.&#8221;<\/p>\n\n\n\n<p>Musk concluiu a aquisi\u00e7\u00e3o do Twitter por 44 bilh\u00f5es de d\u00f3lares em outubro. Ele logo come\u00e7ou a demitir altos executivos da empresa e promoveu demiss\u00f5es de mais da metade dos funcion\u00e1rios da rede social enquanto parece mudar a estrat\u00e9gia da companhia tu\u00edte por tu\u00edte. O <a href=\"https:\/\/investnews.com.br\/guias\/patrimonio-liquido\/\">patrim\u00f4nio l\u00edquido<\/a> do bilion\u00e1rio caiu mais de 100 bilh\u00f5es de d\u00f3lares, de acordo com a Forbes, o que o tirou da posi\u00e7\u00e3o de pessoa mais rica do mundo.<\/p>\n\n\n\n<p>At\u00e9 agora, h\u00e1 poucos sinais de que os maiores apoiadores da Tesla est\u00e3o perdendo a f\u00e9. O ARK Innovation <a href=\"https:\/\/investnews.com.br\/guias\/etfs-o-que-sao-como-funcionam\/\">ETF<\/a>, por exemplo, comprou 144.776 a\u00e7\u00f5es da Tesla durante a queda do papel na ter\u00e7a-feira, elevando a participa\u00e7\u00e3o da montadora nos seus 5,9 bilh\u00f5es de d\u00f3lares em ativos para cerca de 6,5%. O fundo caiu 67% no ano passado, perto das maiores quedas registradas por todos os fundos de a\u00e7\u00f5es dos EUA. O fundo n\u00e3o comentou o assunto.<\/p>\n\n\n\n<p>Embora as a\u00e7\u00f5es da Tesla estejam atualmente sofrendo, elas est\u00e3o em posi\u00e7\u00e3o de superar o desempenho ao longo do tempo devido \u00e0 sua tecnologia de bateria superior, disse Graham Tanaka, cujo Tanaka Growth Fund, de 14 milh\u00f5es de d\u00f3lares, tem cerca de 5,3% de seus ativos na empresa.<\/p>\n\n\n\n<p>&#8220;O Twitter \u00e9 uma distra\u00e7\u00e3o tempor\u00e1ria, mas enorme, e \u00e9 lament\u00e1vel que Musk tenha mordido mais do que pode mastigar, mas n\u00e3o prejudicou de forma alguma as opera\u00e7\u00f5es ou as perspectivas de crescimento futuro da Tesla&#8221;, disse ele.<\/p>\n\n\n\n<h2 class=\"wp-block-heading\"><strong>3 &#8211; IPC-Fipe fecha 2022 com alta de 7,32%, pressionado por alimentos<\/strong><\/h2>\n\n\n\n<p>O \u00cdndice de Pre\u00e7os ao Consumidor <strong>(IPC<\/strong>) <strong>de S\u00e3o Paulo<\/strong> acelerou a alta em dezembro 0,54% e encerrou 2022 com avan\u00e7o acumulado de 7,32% informou a Funda\u00e7\u00e3o Instituto de Pesquisas Econ\u00f4micas (Fipe) nesta quinta-feira.<\/p>\n\n\n\n<p>A infla\u00e7\u00e3o acumulada no ano passado ficou abaixo da taxa de 9,73% vista em 2021. Em novembro o \u00edndice havia subido 0,47%.<\/p>\n\n\n\n<p>No ano passado, o destaque ficou para a disparada de 14,74% dos custos de Alimenta\u00e7\u00e3o. J\u00e1 os pre\u00e7os de Vestu\u00e1rio e Despesas Pessoais saltaram respctivamente 11,49% e 10,82%.<\/p>\n\n\n\n<p>O maior impacto no \u00faltimo m\u00eas do ano foi exercido por Alimenta\u00e7\u00e3o, com alta de 1,07% dos pre\u00e7os sobre novembro. Tamb\u00e9m pesaram com for\u00e7a as Despesas Pessoais, cujos custos subiram 0,75%.<\/p>\n\n\n\n<p>O IPC-Fipe mede as varia\u00e7\u00f5es quadrissemanais dos pre\u00e7os \u00e0s fam\u00edlias paulistanas com renda mensal entre 1 e 10 sal\u00e1rios m\u00ednimos.<\/p>\n","protected":false},"excerpt":{"rendered":"<p>A ministra do Meio Ambiente anunciou uma secretaria extraordin\u00e9ria e diz que pretende abrir o mercado brasileiro.<\/p>\n","protected":false},"author":61,"featured_media":414651,"comment_status":"closed","ping_status":"open","sticky":false,"template":"","format":"standard","meta":{"_acf_changed":false,"inline_featured_image":false,"footnotes":""},"categories":[5],"tags":[2370,302,528],"autor-wsj":[],"coauthors":[2494],"class_list":["post-414648","post","type-post","status-publish","format-standard","has-post-thumbnail","hentry","category-economia","tag-luiz-inacio-lula-da-silva","tag-fundos","tag-tesla"],"acf":[],"amp_enabled":true,"_links":{"self":[{"href":"https:\/\/investnews.com.br\/inv-api\/wp\/v2\/posts\/414648","targetHints":{"allow":["GET"]}}],"collection":[{"href":"https:\/\/investnews.com.br\/inv-api\/wp\/v2\/posts"}],"about":[{"href":"https:\/\/investnews.com.br\/inv-api\/wp\/v2\/types\/post"}],"author":[{"embeddable":true,"href":"https:\/\/investnews.com.br\/inv-api\/wp\/v2\/users\/61"}],"replies":[{"embeddable":true,"href":"https:\/\/investnews.com.br\/inv-api\/wp\/v2\/comments?post=414648"}],"version-history":[{"count":10,"href":"https:\/\/investnews.com.br\/inv-api\/wp\/v2\/posts\/414648\/revisions"}],"predecessor-version":[{"id":414659,"href":"https:\/\/investnews.com.br\/inv-api\/wp\/v2\/posts\/414648\/revisions\/414659"}],"wp:featuredmedia":[{"embeddable":true,"href":"https:\/\/investnews.com.br\/inv-api\/wp\/v2\/media\/414651"}],"wp:attachment":[{"href":"https:\/\/investnews.com.br\/inv-api\/wp\/v2\/media?parent=414648"}],"wp:term":[{"taxonomy":"category","embeddable":true,"href":"https:\/\/investnews.com.br\/inv-api\/wp\/v2\/categories?post=414648"},{"taxonomy":"post_tag","embeddable":true,"href":"https:\/\/investnews.com.br\/inv-api\/wp\/v2\/tags?post=414648"},{"taxonomy":"autor-wsj","embeddable":true,"href":"https:\/\/investnews.com.br\/inv-api\/wp\/v2\/autor-wsj?post=414648"},{"taxonomy":"author","embeddable":true,"href":"https:\/\/investnews.com.br\/inv-api\/wp\/v2\/coauthors?post=414648"}],"curies":[{"name":"wp","href":"https:\/\/api.w.org\/{rel}","templated":true}]}}