{"id":415537,"date":"2023-01-09T05:00:00","date_gmt":"2023-01-09T08:00:00","guid":{"rendered":"https:\/\/investnews.com.br\/?p=415537"},"modified":"2024-06-24T15:37:20","modified_gmt":"2024-06-24T18:37:20","slug":"o-executivo-que-trouxe-a-dell-para-o-brasil-e-virou-ceo-da-empresa-apos-23-anos","status":"publish","type":"post","link":"https:\/\/investnews.com.br\/negocios\/o-executivo-que-trouxe-a-dell-para-o-brasil-e-virou-ceo-da-empresa-apos-23-anos\/","title":{"rendered":"O executivo que trouxe a Dell para o Brasil e virou CEO da empresa ap\u00f3s 23 anos"},"content":{"rendered":"\n<figure class=\"wp-block-embed is-type-video is-provider-youtube wp-block-embed-youtube wp-embed-aspect-16-9 wp-has-aspect-ratio\"><div class=\"wp-block-embed__wrapper\">\n<iframe loading=\"lazy\" title=\"O executivo que trouxe a Dell para o Brasil e virou CEO ap\u00f3s 23 anos\" width=\"500\" height=\"281\" src=\"https:\/\/www.youtube.com\/embed\/1jWrnSxyZTY?feature=oembed\" frameborder=\"0\" allow=\"accelerometer; autoplay; clipboard-write; encrypted-media; gyroscope; picture-in-picture; web-share\" referrerpolicy=\"strict-origin-when-cross-origin\" allowfullscreen><\/iframe>\n<\/div><\/figure>\n\n\n\n<p>O ga\u00facho <strong>Diego Puerta<\/strong>, de 50 anos, foi um dos principais respons\u00e1veis por trazer a <strong>Dell Technologies<\/strong> <a href=\"https:\/\/investnews.com.br\/cotacao\/d1el34-dell\/\">(D1EL34)<\/a> para o Brasil e, depois de 23 anos, tornou-se o <strong>CEO da empresa no pa\u00eds<\/strong>. Nascido na pequena cidade de Alegrete, ele trocou a carreira no <a href=\"https:\/\/investnews.com.br\/guias\/como-funciona-o-mercado-financeiro\/\">mercado financeiro<\/a> pela tecnologia, ap\u00f3s se apaixonar pela hist\u00f3ria da fabricante americana que revolucionava o mercado de computadores pessoais.<\/p>\n\n\n\n<p>Graduado em administra\u00e7\u00e3o de empresas, Puerta conta em entrevista ao <em>InvestNews <\/em>que decidiu cursar um mestrado pela UC Berkeley na Calif\u00f3rnia, nos Estados Unidos, e ficou fascinado pela revolu\u00e7\u00e3o tecnol\u00f3gica que presenciou no Vale do Sil\u00edcio, polo industrial e de inova\u00e7\u00e3o onde est\u00e3o localizadas as principais empresas de computa\u00e7\u00e3o e tecnologia da informa\u00e7\u00e3o do mundo.<\/p>\n\n\n\n<p>Durante seu trabalho de conclus\u00e3o de curso, o executivo conta que seu trabalho no mestrado foi um estudo sobre a hist\u00f3ria da Dell. &#8220;Conheci a empresa, a trajet\u00f3ria do Michael Dell [fundador], o modelo operacional\u201d, diz.<\/p>\n\n\n\n<h2 class=\"wp-block-heading\">Do Vale do Sil\u00edcio ao Sul do Brasil<\/h2>\n\n\n\n<p>Ao retornar ao Brasil, o executivo foi trabalhar em uma consultoria no Rio Grande do Sul que tentava atrair novas empresas e ind\u00fastrias para o estado. E uma das empresas que o estado queria atrair era justamente a Dell, ap\u00f3s descobrir que havia interesse da companhia americana em investir na Am\u00e9rica Latina. <\/p>\n\n\n\n<p>Puerta agiu r\u00e1pido. Contatou os respons\u00e1veis pela empresa e os convidou para conhecer o Rio Grande do Sul. Ele chegou a segurar a plaquinha com os nomes dos executivos no aeroporto para recepcionar os convidados e, em 1999, a Dell instalou a primeira f\u00e1brica no Brasil, na cidade ga\u00facha de Eldorado.<\/p>\n\n\n\n<blockquote class=\"wp-block-quote is-layout-flow wp-block-quote-is-layout-flow\">\n<p>\u201cTive a oportunidade de n\u00e3o apenas come\u00e7ar a operar a Dell no Brasil, fui um dos primeiros funcion\u00e1rios contratados, mas eu participei tamb\u00e9m do processo de sele\u00e7\u00e3o da localidade onde a empresa ia se instalar no pa\u00eds.\u201d<\/p>\n<\/blockquote>\n\n\n\n<figure class=\"wp-block-image size-large\"><img loading=\"lazy\" decoding=\"async\" width=\"712\" height=\"1024\" src=\"https:\/\/media.investnews.com.br\/uploads\/2023\/01\/Diego-Puerta-Dell-712x1024.jpg\" alt=\"\" class=\"wp-image-415571\" srcset=\"https:\/\/media.investnews.com.br\/uploads\/2023\/01\/Diego-Puerta-Dell-712x1024.jpg 712w, https:\/\/media.investnews.com.br\/uploads\/2023\/01\/Diego-Puerta-Dell-209x300.jpg 209w, https:\/\/media.investnews.com.br\/uploads\/2023\/01\/Diego-Puerta-Dell-768x1104.jpg 768w, https:\/\/media.investnews.com.br\/uploads\/2023\/01\/Diego-Puerta-Dell-1069x1536.jpg 1069w, https:\/\/media.investnews.com.br\/uploads\/2023\/01\/Diego-Puerta-Dell-1425x2048.jpg 1425w, https:\/\/media.investnews.com.br\/uploads\/2023\/01\/Diego-Puerta-Dell-650x934.jpg 650w, https:\/\/media.investnews.com.br\/uploads\/2023\/01\/Diego-Puerta-Dell-120x172.jpg 120w, https:\/\/media.investnews.com.br\/uploads\/2023\/01\/Diego-Puerta-Dell-150x216.jpg 150w, https:\/\/media.investnews.com.br\/uploads\/2023\/01\/Diego-Puerta-Dell.jpg 1781w\" sizes=\"auto, (max-width: 712px) 100vw, 712px\" \/><figcaption class=\"wp-element-caption\">O ga\u00facho Diego Puerta ajudou a trazer f\u00e1brica da Dell para o Brasil em 1999 Cr\u00e9dito: Divulga\u00e7\u00e3o<\/figcaption><\/figure>\n\n\n\n<p><\/p>\n\n\n\n<h2 class=\"wp-block-heading\">Trajet\u00f3ria profissional<\/h2>\n\n\n\n<p>Durante os 23 anos trabalhando na companhia, Puerta passou por dez fun\u00e7\u00f5es em diferentes \u00e1reas. Ap\u00f3s come\u00e7ar no setor de marketing, ele tornou-se vendedor na \u00e1rea comercial, trabalhou em planejamento e servi\u00e7os e solu\u00e7\u00f5es. <\/p>\n\n\n\n<p>Em 2017, assumiu o cargo de vice-presidente para o segmento de clientes finais e pequenas empresas. Foi tamb\u00e9m respons\u00e1vel por consolidar lideran\u00e7as em mercados importantes, como o segmento de pequenas empresas e computadores de linha premium. <\/p>\n\n\n\n<p>Em outubro de 2020 assumiu a presid\u00eancia da Dell no Brasil, liderando toda a opera\u00e7\u00e3o da companhia que \u00e9 uma das l\u00edderes do segmento de tecnologia no pa\u00eds. Atualmente, a f\u00e1brica da Dell est\u00e1 instalada na cidade de Hortol\u00e2ndia, no interior paulista.<\/p>\n\n\n\n<blockquote class=\"wp-block-quote is-layout-flow wp-block-quote-is-layout-flow\">\n<p>\u201cSomos o \u00fanico pa\u00eds do mundo que tem uma f\u00e1brica atendendo apenas o pa\u00eds. Temos uma f\u00e1brica no Brasil que produz 95% do que a gente vende.\u201d<\/p>\n<\/blockquote>\n\n\n\n<p>A Dell, que viu sua demanda aumentar durante a pandemia de covid-19, com a procura por notebooks e solu\u00e7\u00f5es tecnol\u00f3gicas, quer ser o principal fornecer de infraestrutura para auxiliar as empresas brasileiras na transforma\u00e7\u00e3o digital. E, em 2023, o principal investimento \u00e9 na capacita\u00e7\u00e3o de m\u00e3o-de-obra.<\/p>\n","protected":false},"excerpt":{"rendered":"<p>Diego Puerta se apaixonou por tecnologia ao estudar no Vale do Sil\u00edcio e deixou o mercado financeiro. <\/p>\n","protected":false},"author":73,"featured_media":415554,"comment_status":"closed","ping_status":"open","sticky":false,"template":"","format":"standard","meta":{"_acf_changed":false,"inline_featured_image":false,"footnotes":""},"categories":[6],"tags":[155,81],"autor-wsj":[],"coauthors":[101284],"class_list":["post-415537","post","type-post","status-publish","format-standard","has-post-thumbnail","hentry","category-negocios","tag-brasil","tag-empreendedorismo"],"acf":[],"amp_enabled":true,"_links":{"self":[{"href":"https:\/\/investnews.com.br\/inv-api\/wp\/v2\/posts\/415537","targetHints":{"allow":["GET"]}}],"collection":[{"href":"https:\/\/investnews.com.br\/inv-api\/wp\/v2\/posts"}],"about":[{"href":"https:\/\/investnews.com.br\/inv-api\/wp\/v2\/types\/post"}],"author":[{"embeddable":true,"href":"https:\/\/investnews.com.br\/inv-api\/wp\/v2\/users\/73"}],"replies":[{"embeddable":true,"href":"https:\/\/investnews.com.br\/inv-api\/wp\/v2\/comments?post=415537"}],"version-history":[{"count":24,"href":"https:\/\/investnews.com.br\/inv-api\/wp\/v2\/posts\/415537\/revisions"}],"predecessor-version":[{"id":416674,"href":"https:\/\/investnews.com.br\/inv-api\/wp\/v2\/posts\/415537\/revisions\/416674"}],"wp:featuredmedia":[{"embeddable":true,"href":"https:\/\/investnews.com.br\/inv-api\/wp\/v2\/media\/415554"}],"wp:attachment":[{"href":"https:\/\/investnews.com.br\/inv-api\/wp\/v2\/media?parent=415537"}],"wp:term":[{"taxonomy":"category","embeddable":true,"href":"https:\/\/investnews.com.br\/inv-api\/wp\/v2\/categories?post=415537"},{"taxonomy":"post_tag","embeddable":true,"href":"https:\/\/investnews.com.br\/inv-api\/wp\/v2\/tags?post=415537"},{"taxonomy":"autor-wsj","embeddable":true,"href":"https:\/\/investnews.com.br\/inv-api\/wp\/v2\/autor-wsj?post=415537"},{"taxonomy":"author","embeddable":true,"href":"https:\/\/investnews.com.br\/inv-api\/wp\/v2\/coauthors?post=415537"}],"curies":[{"name":"wp","href":"https:\/\/api.w.org\/{rel}","templated":true}]}}