{"id":416208,"date":"2023-01-09T08:34:55","date_gmt":"2023-01-09T11:34:55","guid":{"rendered":"https:\/\/investnews.com.br\/?p=416208"},"modified":"2024-06-25T15:26:30","modified_gmt":"2024-06-25T18:26:30","slug":"moraes-afasta-governador-do-distrito-federal-por-90-dias","status":"publish","type":"post","link":"https:\/\/investnews.com.br\/economia\/moraes-afasta-governador-do-distrito-federal-por-90-dias\/","title":{"rendered":"Moraes afasta governador do Distrito Federal por 90 dias ap\u00f3s ataques"},"content":{"rendered":"\n<p>O\u00a0governador do Distrito Federal (DF), Ibaneis Rocha, ficar\u00e1 90 dias afastado do cargo. Em decis\u00e3o publicada\u00a0na madrugada desta\u00a0segunda-feira (9),\u00a0o\u00a0ministro Alexandre de Moraes, do Supremo Tribunal Federal (STF), citou descaso e omiss\u00e3o por parte do governador\u00a0e do ent\u00e3o secret\u00e1rio de Seguran\u00e7a do DF,\u00a0Anderson Torres, que foi exonerado\u00a0no domingo (8), ap\u00f3s invas\u00f5es \u00e0s sedes do governo, judici\u00e1rio e legislativo por grupos radicais que apoiam o ex-presidente Jair Bolsonaro (PL).<\/p>\n\n\n\n<blockquote class=\"wp-block-quote is-layout-flow wp-block-quote-is-layout-flow\">\n<p>\u201cO descaso e a coniv\u00eancia do ex-ministro da Justi\u00e7a e Seguran\u00e7a P\u00fablica e, at\u00e9 ent\u00e3o, secret\u00e1rio de Seguran\u00e7a P\u00fablica do Distrito Federal, Anderson Torres&nbsp;\u2013 cuja responsabilidade est\u00e1 sendo apurada em peti\u00e7\u00e3o em separado \u2013 com qualquer planejamento que garantisse a seguran\u00e7a e a ordem no DF, tanto do patrim\u00f4nio p\u00fablico \u2013&nbsp;Congresso Nacional, Presid\u00eancia da Rep\u00fablica e Supremo Tribunal Federal \u2013 s\u00f3 n\u00e3o foi mais acintoso do que a conduta dolosamente omissiva do governador do DF,&nbsp;Ibaneis Rocha, que n\u00e3o s\u00f3 deu declara\u00e7\u00f5es p\u00fablicas defendendo uma falsa \u201clivre manifesta\u00e7\u00e3o pol\u00edtica em Bras\u00edlia\u201d \u2013 mesmo sabedor, por todas as redes, que ataques \u00e0s institui\u00e7\u00f5es e seus membros seriam realizados \u2013 como tamb\u00e9m ignorou todos os apelos das autoridades para a realiza\u00e7\u00e3o de um plano de seguran\u00e7a semelhante ao&nbsp;realizado&nbsp;nos \u00faltimos dois anos, em&nbsp;7 de setembro&nbsp;em especial, com a proibi\u00e7\u00e3o de ingresso na Esplanada dos Minist\u00e9rios pelos criminosos terroristas; tendo liberado o amplo acesso\u201d, destacou&nbsp;o magistrado.<\/p>\n<\/blockquote>\n\n\n\n<p>O&nbsp;chefe do Executivo local e o secret\u00e1rio de Seguran\u00e7a exonerado&nbsp;Anderson Torres&nbsp;tamb\u00e9m ser\u00e3o inclu\u00eddos no inqu\u00e9rito que investiga atos antidemocr\u00e1ticos.&nbsp;A&nbsp;vice&nbsp;de Ibaneis,&nbsp;Celina Le\u00e3o (PP),&nbsp;assumir\u00e1 o comando do&nbsp;Executivo local&nbsp;nesse per\u00edodo.<\/p>\n\n\n\n<p>Moraes&nbsp;determinou&nbsp;ainda&nbsp;a desocupa\u00e7\u00e3o total do acampamento bolsonarista em frente ao Quartel do Ex\u00e9rcito, na \u00e1rea central de Bras\u00edlia, em at\u00e9 24 horas. Os que insistirem,&nbsp;alerta o ministro,&nbsp;poder\u00e3o ser presos em flagrante e enquadrados em pelo menos sete crimes diferentes. \u201cDetermino a desocupa\u00e7\u00e3o e dissolu\u00e7\u00e3o total, em 24 (vinte e quatro) horas, dos acampamentos realizados nas imedia\u00e7\u00f5es dos quart\u00e9is generais e outras unidades militares para a pr\u00e1tica de atos antidemocr\u00e1ticos e pris\u00e3o em flagrante de seus participantes pela pr\u00e1tica dos crimes previstos nos artigos 2\u00aa, 3\u00ba, 5\u00ba e 6\u00ba (atos terroristas, inclusive preparat\u00f3rios) da Lei n\u00ba 13.260, de&nbsp;16 de mar\u00e7o de 2016 e nos artigos 288 (associa\u00e7\u00e3o criminosa), 359-L (aboli\u00e7\u00e3o violenta do Estado Democr\u00e1tico de Direito) e 359-M (golpe de Estado), 147 (amea\u00e7a), 147-A, \u00a7 1\u00ba, III (persegui\u00e7\u00e3o), 286 (incita\u00e7\u00e3o ao crime)\u201d.<\/p>\n\n\n\n<p>A&nbsp;desocupa\u00e7\u00e3o&nbsp;dever\u00e1 ser feita&nbsp;pelas pol\u00edcias militares dos estados e Distrito Federal, com o apoio da For\u00e7a Nacional e Pol\u00edcia Federal se necess\u00e1rio, devendo o governador do estado e DF ser intimado para efetivar a decis\u00e3o, sob pena de responsabilidade pessoal.<\/p>\n\n\n\n<p>Em v\u00eddeo divulgado no domingo (8) a noite,\u00a0Ibaneis Rocha\u00a0pediu\u00a0desculpas aos chefes dos Tr\u00eas Poderes. Segundo o governador afastado, n\u00e3o se imaginava que os atos tomariam tal propor\u00e7\u00e3o.\u00a0\u201cQuero me dirigir aqui, primeiramente ao presidente Luiz In\u00e1cio Lula da Silva, para pedir desculpas pelo que aconteceu\u00a0hoje\u00a0em nossa cidade. Para a presidente do Supremo Tribunal Federal [Rosa Weber], ao meu querido amigo Arthur Lira [presidente da C\u00e2mara], ao meu querido amigo Rodrigo Pacheco [presidente do Senado]\u201d, disse.<\/p>\n\n\n\n<h2 class=\"wp-block-heading\">Interven\u00e7\u00e3o<\/h2>\n\n\n\n<p>No domingo, o presidente Luiz In\u00e1cio Lula da Silva\u00a0anunciou a publica\u00e7\u00e3o de um decreto que prev\u00ea a\u00a0interven\u00e7\u00e3o na \u00e1rea de seguran\u00e7a p\u00fablica\u00a0do governo do Distrito Federal (GDF). A\u00a0interven\u00e7\u00e3o vai at\u00e9\u00a031 de janeiro deste ano.<\/p>\n","protected":false},"excerpt":{"rendered":"<p>Ministro do STF citou descaso e omiss\u00e3o de Ibaneis Rocha durante invas\u00f5es aos Tr\u00eas Poderes.<\/p>\n","protected":false},"author":63,"featured_media":416212,"comment_status":"closed","ping_status":"open","sticky":false,"template":"","format":"standard","meta":{"_acf_changed":false,"inline_featured_image":false,"footnotes":""},"categories":[5],"tags":[155,83],"autor-wsj":[],"coauthors":[2490],"class_list":["post-416208","post","type-post","status-publish","format-standard","has-post-thumbnail","hentry","category-economia","tag-brasil","tag-stf"],"acf":[],"amp_enabled":true,"_links":{"self":[{"href":"https:\/\/investnews.com.br\/inv-api\/wp\/v2\/posts\/416208","targetHints":{"allow":["GET"]}}],"collection":[{"href":"https:\/\/investnews.com.br\/inv-api\/wp\/v2\/posts"}],"about":[{"href":"https:\/\/investnews.com.br\/inv-api\/wp\/v2\/types\/post"}],"author":[{"embeddable":true,"href":"https:\/\/investnews.com.br\/inv-api\/wp\/v2\/users\/63"}],"replies":[{"embeddable":true,"href":"https:\/\/investnews.com.br\/inv-api\/wp\/v2\/comments?post=416208"}],"version-history":[{"count":9,"href":"https:\/\/investnews.com.br\/inv-api\/wp\/v2\/posts\/416208\/revisions"}],"predecessor-version":[{"id":416225,"href":"https:\/\/investnews.com.br\/inv-api\/wp\/v2\/posts\/416208\/revisions\/416225"}],"wp:featuredmedia":[{"embeddable":true,"href":"https:\/\/investnews.com.br\/inv-api\/wp\/v2\/media\/416212"}],"wp:attachment":[{"href":"https:\/\/investnews.com.br\/inv-api\/wp\/v2\/media?parent=416208"}],"wp:term":[{"taxonomy":"category","embeddable":true,"href":"https:\/\/investnews.com.br\/inv-api\/wp\/v2\/categories?post=416208"},{"taxonomy":"post_tag","embeddable":true,"href":"https:\/\/investnews.com.br\/inv-api\/wp\/v2\/tags?post=416208"},{"taxonomy":"autor-wsj","embeddable":true,"href":"https:\/\/investnews.com.br\/inv-api\/wp\/v2\/autor-wsj?post=416208"},{"taxonomy":"author","embeddable":true,"href":"https:\/\/investnews.com.br\/inv-api\/wp\/v2\/coauthors?post=416208"}],"curies":[{"name":"wp","href":"https:\/\/api.w.org\/{rel}","templated":true}]}}