{"id":416287,"date":"2023-01-09T10:07:57","date_gmt":"2023-01-09T13:07:57","guid":{"rendered":"https:\/\/investnews.com.br\/?p=416287"},"modified":"2023-01-09T10:08:00","modified_gmt":"2023-01-09T13:08:00","slug":"azul-tem-queda-na-taxa-de-ocupacao-e-de-passageiros-transportados-em-dezembro","status":"publish","type":"post","link":"https:\/\/investnews.com.br\/negocios\/azul-tem-queda-na-taxa-de-ocupacao-e-de-passageiros-transportados-em-dezembro\/","title":{"rendered":"Azul tem queda na taxa de ocupa\u00e7\u00e3o e de passageiros transportados em dezembro"},"content":{"rendered":"\n<p>A Azul <a href=\"https:\/\/investnews.com.br\/cotacao\/azul4-azul\/\">(AZUL4)<\/a> divulgou ao mercado nesta segunda-feira (9) que o n\u00famero de passageiros transportados em dezembro teve uma leve queda em rela\u00e7\u00e3o a um ano antes.<\/p>\n\n\n\n<p>Os resultados preliminares de tr\u00e1fego mostram que o n\u00famero de passageiros transportados em dezembro de 2002 foi de 2.898 milh\u00f5es contra 2.902 milh\u00f5es em dezembro de 2021, uma queda de 0,1%.<\/p>\n\n\n\n<p>A companhia de avia\u00e7\u00e3o disse que teve um aumento de 6,7% da capacidade. No entanto, a taxa de ocupa\u00e7\u00e3o ficou em 77,6% ante 82,9%, uma queda de 5,3% em um ano.<\/p>\n\n\n\n<blockquote class=\"wp-block-quote is-layout-flow wp-block-quote-is-layout-flow\">\n<p><br>\u201c2022 foi um ano marcante para n\u00f3s. A Azul foi a companhia a\u00e9rea mais pontual do mundo em 2022, enquanto a demanda por nossos produtos e servi\u00e7os permaneceu extremamente forte. Encerramos o ano com tarifas e RASK [receitas operacionais] recordes, e estamos ainda mais entusiasmados com as oportunidades \u00e0 nossa frente ao entrarmos no ano de 2023\u201d, disse John Rodgerson, CEO da Azul, em nota.<\/p>\n<\/blockquote>\n","protected":false},"excerpt":{"rendered":"<p>Capacidade das aeronaves teve aumento de 6,7% em dezembro de 2022 antes um ano antes.<\/p>\n","protected":false},"author":73,"featured_media":286857,"comment_status":"closed","ping_status":"open","sticky":false,"template":"","format":"standard","meta":{"_acf_changed":false,"inline_featured_image":false,"footnotes":""},"categories":[6],"tags":[792,154],"autor-wsj":[],"coauthors":[101284],"class_list":["post-416287","post","type-post","status-publish","format-standard","has-post-thumbnail","hentry","category-negocios","tag-aviacao","tag-azul"],"acf":[],"amp_enabled":true,"_links":{"self":[{"href":"https:\/\/investnews.com.br\/inv-api\/wp\/v2\/posts\/416287","targetHints":{"allow":["GET"]}}],"collection":[{"href":"https:\/\/investnews.com.br\/inv-api\/wp\/v2\/posts"}],"about":[{"href":"https:\/\/investnews.com.br\/inv-api\/wp\/v2\/types\/post"}],"author":[{"embeddable":true,"href":"https:\/\/investnews.com.br\/inv-api\/wp\/v2\/users\/73"}],"replies":[{"embeddable":true,"href":"https:\/\/investnews.com.br\/inv-api\/wp\/v2\/comments?post=416287"}],"version-history":[{"count":4,"href":"https:\/\/investnews.com.br\/inv-api\/wp\/v2\/posts\/416287\/revisions"}],"predecessor-version":[{"id":416310,"href":"https:\/\/investnews.com.br\/inv-api\/wp\/v2\/posts\/416287\/revisions\/416310"}],"wp:featuredmedia":[{"embeddable":true,"href":"https:\/\/investnews.com.br\/inv-api\/wp\/v2\/media\/286857"}],"wp:attachment":[{"href":"https:\/\/investnews.com.br\/inv-api\/wp\/v2\/media?parent=416287"}],"wp:term":[{"taxonomy":"category","embeddable":true,"href":"https:\/\/investnews.com.br\/inv-api\/wp\/v2\/categories?post=416287"},{"taxonomy":"post_tag","embeddable":true,"href":"https:\/\/investnews.com.br\/inv-api\/wp\/v2\/tags?post=416287"},{"taxonomy":"autor-wsj","embeddable":true,"href":"https:\/\/investnews.com.br\/inv-api\/wp\/v2\/autor-wsj?post=416287"},{"taxonomy":"author","embeddable":true,"href":"https:\/\/investnews.com.br\/inv-api\/wp\/v2\/coauthors?post=416287"}],"curies":[{"name":"wp","href":"https:\/\/api.w.org\/{rel}","templated":true}]}}