{"id":416407,"date":"2023-01-09T11:57:17","date_gmt":"2023-01-09T14:57:17","guid":{"rendered":"https:\/\/investnews.com.br\/?p=416407"},"modified":"2023-01-09T13:12:34","modified_gmt":"2023-01-09T16:12:34","slug":"investidor-estrangeiro-esta-mais-preocupado-com-fiscal-do-que-atos-no-df","status":"publish","type":"post","link":"https:\/\/investnews.com.br\/financas\/investidor-estrangeiro-esta-mais-preocupado-com-fiscal-do-que-atos-no-df\/","title":{"rendered":"Para estrangeiros, fiscal preocupa mais que atos no DF, dizem analistas"},"content":{"rendered":"\n<p>A <a href=\"https:\/\/investnews.com.br\/geral\/bolsonaristas-invadem-e-depredam-congresso-planalto-e-stf\/\">invas\u00e3o \u00e0 sede dos Tr\u00eas Poderes no Distrito Federal<\/a>, em Bras\u00edlia, no domingo (8), e os atos antidemocr\u00e1ticos de apoiadores do ex-presidente Jair Bolsonaro (PL) desagradam os investidores estrangeiros e <a href=\"https:\/\/investnews.com.br\/financas\/ataques-aos-3-poderes-vao-afetar-bolsa-e-ativos-de-risco-preveem-analistas\/\">aumentam a sensa\u00e7\u00e3o de incerteza<\/a> sobre o pa\u00eds devido \u00e0 instabilidade pol\u00edtica. No entanto, segundo os analistas ouvidos pelo <a href=\"https:\/\/investnews.com.br\/\">Investnews<\/a>, a quest\u00e3o fiscal ainda se sobrep\u00f5e.<\/p>\n\n\n\n<p>Para os especialistas, os atos de vandalismo podem provocar a fuga de dinheiro estrangeiro do pa\u00eds no curto prazo, mas<strong> o investidor de fora do pa\u00eds est\u00e1 mais preocupado com medidas de longo prazo<\/strong>, como as pol\u00edticas fiscais que ser\u00e3o implementadas pelo governo de Luiz In\u00e1cio Lula da Silva.<\/p>\n\n\n\n<blockquote class=\"wp-block-quote is-layout-flow wp-block-quote-is-layout-flow\">\n<p>\u201cNo curto prazo, eventos como esses que vimos no final de semana naturalmente desagradam o investidor estrangeiro, que tende a retirar capital de um pa\u00eds com esse n\u00edvel de instabilidade pol\u00edtica, o que representa um aumento no risco de seus investimentos. No longo prazo, o foco do estrangeiro vai estar nas pol\u00edticas fiscais do novo governo, se a administra\u00e7\u00e3o do pa\u00eds vai trabalhar com responsabilidade econ\u00f4mica se preocupando com teto de gastos\u201d<\/p>\n<cite>Matheus Lima analista da Top Gain Research.<\/cite><\/blockquote>\n\n\n\n<figure class=\"wp-block-image size-large\"><img loading=\"lazy\" decoding=\"async\" width=\"1024\" height=\"613\" src=\"https:\/\/media.investnews.com.br\/uploads\/2023\/01\/manifestacao1_mcamgo_abr_080120231818-1024x613.jpg\" alt=\"\" class=\"wp-image-416522\" srcset=\"https:\/\/media.investnews.com.br\/uploads\/2023\/01\/manifestacao1_mcamgo_abr_080120231818-1024x613.jpg 1024w, https:\/\/media.investnews.com.br\/uploads\/2023\/01\/manifestacao1_mcamgo_abr_080120231818-300x179.jpg 300w, https:\/\/media.investnews.com.br\/uploads\/2023\/01\/manifestacao1_mcamgo_abr_080120231818-768x459.jpg 768w, https:\/\/media.investnews.com.br\/uploads\/2023\/01\/manifestacao1_mcamgo_abr_080120231818-172x103.jpg 172w, https:\/\/media.investnews.com.br\/uploads\/2023\/01\/manifestacao1_mcamgo_abr_080120231818-150x90.jpg 150w, https:\/\/media.investnews.com.br\/uploads\/2023\/01\/manifestacao1_mcamgo_abr_080120231818.jpg 1170w\" sizes=\"auto, (max-width: 1024px) 100vw, 1024px\" \/><figcaption class=\"wp-element-caption\">Manifestantes invadem Congresso, STF e Pal\u00e1cio do Planalto. Cr\u00e9dito: Marcelo Camargo\/Ag\u00eancia Brasil<\/figcaption><\/figure>\n\n\n\n<p><\/p>\n\n\n\n<p>Enrico Cozzolino, s\u00f3cio e head de an\u00e1lise da Levante Investimentos, aponta que a turbul\u00eancia em Bras\u00edlia, que atraiu a aten\u00e7\u00e3o dos investidores ao redor do mundo, o que deve provocar uma forte <a href=\"https:\/\/investnews.com.br\/guias\/volatilidade-o-que-e\/\">volatilidade<\/a>. O <a href=\"https:\/\/investnews.com.br\/financas\/bolsa-dolar-cotacao-09-01-2022\/\">Ibovespa oscilava, ap\u00f3s abrir em queda<\/a> mais cedo.<\/p>\n\n\n\n<blockquote class=\"wp-block-quote is-layout-flow wp-block-quote-is-layout-flow\">\n<p>\u201cA perspectiva do investidor estrangeiro para o Brasil n\u00e3o muda com o fato de ontem. Esse \u00e9 o <a href=\"https:\/\/investnews.com.br\/economia\/risco-brasil-cenario\/\">risco Brasil<\/a>. A gente tem ativos descontados, \u00e0s vezes, pela inger\u00eancia pol\u00edtica, pela falta de credibilidade em institui\u00e7\u00f5es. Acho que o gringo vai ficar muito mais atento como ser\u00e3o as medidas de fato implementadas, se vamos rever a quest\u00e3o tribut\u00e1ria, a <a href=\"https:\/\/investnews.com.br\/economia\/apos-lupi-falar-em-antirreforma-da-previdencia-rui-costa-nega-revisoes\/\">quest\u00e3o previdenci\u00e1ria<\/a>, se vamos incentivar os gatos p\u00fablicos al\u00e9m do teto de maneira irrespons\u00e1vel&#8221;<\/p>\n<cite>Enrico Cozzolino, s\u00f3cio e head de an\u00e1lise da Levante Investimentos<\/cite><\/blockquote>\n\n\n\n<p>Ele lembra que o <strong>Capit\u00f3lio<\/strong>, sede do Legislativo nos Estados Unidos, foi invadido por manifestantes em 2021 com o objetivo de impedir a posse do presidente Joe Biden e <strong>os mercados subiram nos seis meses subsequentes.<\/strong><\/p>\n\n\n\n<p>Tamb\u00e9m para Rodrigo Cohen, analista de investimentos e co-fundador da Escola de Investimentos, nada muda ap\u00f3s a invas\u00e3o no Distrito Federal.<\/p>\n\n\n\n<blockquote class=\"wp-block-quote is-layout-flow wp-block-quote-is-layout-flow\">\n<p>\u201cApesar de ter sido um ato grande, foi um ato isolado, isso n\u00e3o representa mudan\u00e7a de pol\u00edtica econ\u00f4mica no Brasil, e o investidor estrangeiro desde que o Lula entrou j\u00e1 colocou muito dinheiro aqui&#8221;<\/p>\n<cite>Rodrigo Cohen, analista de investimentos e co-fundador da Escola de Investimentos<\/cite><\/blockquote>\n\n\n\n<p>J\u00e1 Filipe Villegas, estrategista de a\u00e7\u00f5es da Genial Investimentos, afirmou em Morning Call nesta manh\u00e3 que os eventos adicionam mais um vetor negativo para o Brasil, com clima de inseguran\u00e7a e agita\u00e7\u00e3o.<\/p>\n\n\n\n<blockquote class=\"wp-block-quote is-layout-flow wp-block-quote-is-layout-flow\">\n<p>&#8220;O investidor estrangeiro, que no ano passado colocou mais de R$ 100 bilh\u00f5es em a\u00e7\u00f5es brasileiras, ser\u00e1 que vai continuar alocando recursos aqui no Brasil? Essa inseguran\u00e7a jur\u00eddica e conflito entre popula\u00e7\u00e3o e os Poderes poderia ser uma justificativa para esse investidor sair daqui, se levarmos em considera\u00e7\u00e3o que o investidor local j\u00e1 n\u00e3o est\u00e1 muito otimista com Brasil, perder o estrangeiro acaba sendo um vetor negativo.&#8221;<\/p>\n<cite>Filipe Villegas, estrategista de a\u00e7\u00f5es da Genial Investimentos<\/cite><\/blockquote>\n\n\n\n<figure class=\"wp-block-image size-large\"><img loading=\"lazy\" decoding=\"async\" width=\"1024\" height=\"613\" src=\"https:\/\/media.investnews.com.br\/uploads\/2023\/01\/manifestacao_mcamgo_abr_080120231818-4-1024x613.jpg\" alt=\"\" class=\"wp-image-416193\" srcset=\"https:\/\/media.investnews.com.br\/uploads\/2023\/01\/manifestacao_mcamgo_abr_080120231818-4-1024x613.jpg 1024w, https:\/\/media.investnews.com.br\/uploads\/2023\/01\/manifestacao_mcamgo_abr_080120231818-4-300x179.jpg 300w, https:\/\/media.investnews.com.br\/uploads\/2023\/01\/manifestacao_mcamgo_abr_080120231818-4-768x459.jpg 768w, https:\/\/media.investnews.com.br\/uploads\/2023\/01\/manifestacao_mcamgo_abr_080120231818-4-172x103.jpg 172w, https:\/\/media.investnews.com.br\/uploads\/2023\/01\/manifestacao_mcamgo_abr_080120231818-4-150x90.jpg 150w, https:\/\/media.investnews.com.br\/uploads\/2023\/01\/manifestacao_mcamgo_abr_080120231818-4.jpg 1170w\" sizes=\"auto, (max-width: 1024px) 100vw, 1024px\" \/><figcaption class=\"wp-element-caption\">Manifestantes invadem Congresso, STF e Pal\u00e1cio do Planalto. Cr\u00e9dito: Marcelo Camargo\/Ag\u00eancia Brasil<\/figcaption><\/figure>\n\n\n\n<p>Mauriciano Cavalcante, diretor de c\u00e2mbio da Ourominas, disse que as invas\u00f5es ocorridas nos Tr\u00eas Poderes far\u00e1 o mercado muito apreensivo, principalmente para os investidores externos.<\/p>\n\n\n\n<blockquote class=\"wp-block-quote is-layout-flow wp-block-quote-is-layout-flow\">\n<p>&#8220;Por\u00e9m, essa desconfian\u00e7a deve ser maior a curto prazo, onde o governo federal ser\u00e1 avaliado em sua r\u00e1pida resposta aos atos. Esse nervosismo dos investidores no curto prazo deve fazer o d\u00f3lar oscilar bastante com vi\u00e9s de alta podendo chegar no patamar apresentado na semana passada, quando bateu a casa dos R$ 5,48 por d\u00f3lar. J\u00e1, no longo prazo, depender\u00e1 muito se essas manifesta\u00e7\u00f5es se intensificar\u00e3o ou n\u00e3o. Tudo indica que perder\u00e1 for\u00e7a por n\u00e3o ter uma lideran\u00e7a com poder de mudan\u00e7as dr\u00e1sticas, pelo contr\u00e1rio, trar\u00e1 mais for\u00e7a pol\u00edtica para o novo governo Lula.&#8221;<\/p>\n<cite>Mauriciano Cavalcante, diretor de c\u00e2mbio da Ourominas<\/cite><\/blockquote>\n\n\n\n<p><\/p>\n\n\n\n<h2 class=\"wp-block-heading\">Atos antidemocr\u00e1ticos e vandalismo<\/h2>\n\n\n\n<p>Na tarde de domingo (8), apoiadores de Bolsonaro invadiram as sedes dos Tr\u00eas Poderes e deixaram um rastro de destrui\u00e7\u00e3o, o que levou Lula a decretar uma interven\u00e7\u00e3o federal na seguran\u00e7a p\u00fablica do Distrito Federal ap\u00f3s falta de a\u00e7\u00e3o da Pol\u00edcia Militar.<\/p>\n\n\n\n<p>Al\u00e9m disso, o ministro do Supremo Tribunal Federal (STF) <a href=\"https:\/\/investnews.com.br\/geral\/moraes-afasta-governador-do-distrito-federal-por-90-dias\/\">Alexandre de Moraes determinou o afastamento por 90 dias do governador do DF<\/a>, Ibaneis Rocha (MDB).<\/p>\n\n\n\n<p>Autoridades do governo Lula apontaram falhas na atua\u00e7\u00e3o da seguran\u00e7a p\u00fablica da capital federal. A situa\u00e7\u00e3o s\u00f3 foi contida e os pr\u00e9dios p\u00fablicos, desocupados ap\u00f3s a decreta\u00e7\u00e3o da interven\u00e7\u00e3o.<\/p>\n\n\n\n<p>No domingo, cerca de 400 v\u00e2ndalos foram detidos. E, nesta segunda, 1.200 pessoas em estavam em acampamentos bolsonaristas foram levadas para a sede da Superintend\u00eancia da Pol\u00edcia Federal. <\/p>\n\n\n\n<figure class=\"wp-block-image size-large\"><img loading=\"lazy\" decoding=\"async\" width=\"1024\" height=\"683\" src=\"https:\/\/media.investnews.com.br\/uploads\/2023\/01\/2023-01-08T235357Z_1_LYNXMPEJ070BK_RTROPTP_4_BRAZIL-POLITICS-VIOLENCE-1-1024x683.jpg\" alt=\"\" class=\"wp-image-416483\" srcset=\"https:\/\/media.investnews.com.br\/uploads\/2023\/01\/2023-01-08T235357Z_1_LYNXMPEJ070BK_RTROPTP_4_BRAZIL-POLITICS-VIOLENCE-1-1024x683.jpg 1024w, https:\/\/media.investnews.com.br\/uploads\/2023\/01\/2023-01-08T235357Z_1_LYNXMPEJ070BK_RTROPTP_4_BRAZIL-POLITICS-VIOLENCE-1-300x200.jpg 300w, https:\/\/media.investnews.com.br\/uploads\/2023\/01\/2023-01-08T235357Z_1_LYNXMPEJ070BK_RTROPTP_4_BRAZIL-POLITICS-VIOLENCE-1-768x512.jpg 768w, https:\/\/media.investnews.com.br\/uploads\/2023\/01\/2023-01-08T235357Z_1_LYNXMPEJ070BK_RTROPTP_4_BRAZIL-POLITICS-VIOLENCE-1-1536x1024.jpg 1536w, https:\/\/media.investnews.com.br\/uploads\/2023\/01\/2023-01-08T235357Z_1_LYNXMPEJ070BK_RTROPTP_4_BRAZIL-POLITICS-VIOLENCE-1-1256x837.jpg 1256w, https:\/\/media.investnews.com.br\/uploads\/2023\/01\/2023-01-08T235357Z_1_LYNXMPEJ070BK_RTROPTP_4_BRAZIL-POLITICS-VIOLENCE-1-172x115.jpg 172w, https:\/\/media.investnews.com.br\/uploads\/2023\/01\/2023-01-08T235357Z_1_LYNXMPEJ070BK_RTROPTP_4_BRAZIL-POLITICS-VIOLENCE-1-150x100.jpg 150w, https:\/\/media.investnews.com.br\/uploads\/2023\/01\/2023-01-08T235357Z_1_LYNXMPEJ070BK_RTROPTP_4_BRAZIL-POLITICS-VIOLENCE-1.jpg 2048w\" sizes=\"auto, (max-width: 1024px) 100vw, 1024px\" \/><figcaption class=\"wp-element-caption\">Manifestante \u00e9 preso do lado de fora do Congresso\n08\/01\/2023\nREUTERS\/Adriano Machado<\/figcaption><\/figure>\n","protected":false},"excerpt":{"rendered":"<p>No curto prazo, atos antidemocr\u00e1ticos podem provocar fuga de dinheiro do Brasil, mas cen\u00e1rio fiscal \u00e9 quem vai determinar investimentos estrangeiros.<\/p>\n","protected":false},"author":73,"featured_media":416263,"comment_status":"closed","ping_status":"open","sticky":false,"template":"","format":"standard","meta":{"_acf_changed":false,"inline_featured_image":false,"footnotes":""},"categories":[4],"tags":[1019,155,289],"autor-wsj":[],"coauthors":[101284],"class_list":["post-416407","post","type-post","status-publish","format-standard","has-post-thumbnail","hentry","category-financas","tag-ajuste-fiscal","tag-brasil","tag-investimentos"],"acf":[],"amp_enabled":true,"_links":{"self":[{"href":"https:\/\/investnews.com.br\/inv-api\/wp\/v2\/posts\/416407","targetHints":{"allow":["GET"]}}],"collection":[{"href":"https:\/\/investnews.com.br\/inv-api\/wp\/v2\/posts"}],"about":[{"href":"https:\/\/investnews.com.br\/inv-api\/wp\/v2\/types\/post"}],"author":[{"embeddable":true,"href":"https:\/\/investnews.com.br\/inv-api\/wp\/v2\/users\/73"}],"replies":[{"embeddable":true,"href":"https:\/\/investnews.com.br\/inv-api\/wp\/v2\/comments?post=416407"}],"version-history":[{"count":44,"href":"https:\/\/investnews.com.br\/inv-api\/wp\/v2\/posts\/416407\/revisions"}],"predecessor-version":[{"id":416611,"href":"https:\/\/investnews.com.br\/inv-api\/wp\/v2\/posts\/416407\/revisions\/416611"}],"wp:featuredmedia":[{"embeddable":true,"href":"https:\/\/investnews.com.br\/inv-api\/wp\/v2\/media\/416263"}],"wp:attachment":[{"href":"https:\/\/investnews.com.br\/inv-api\/wp\/v2\/media?parent=416407"}],"wp:term":[{"taxonomy":"category","embeddable":true,"href":"https:\/\/investnews.com.br\/inv-api\/wp\/v2\/categories?post=416407"},{"taxonomy":"post_tag","embeddable":true,"href":"https:\/\/investnews.com.br\/inv-api\/wp\/v2\/tags?post=416407"},{"taxonomy":"autor-wsj","embeddable":true,"href":"https:\/\/investnews.com.br\/inv-api\/wp\/v2\/autor-wsj?post=416407"},{"taxonomy":"author","embeddable":true,"href":"https:\/\/investnews.com.br\/inv-api\/wp\/v2\/coauthors?post=416407"}],"curies":[{"name":"wp","href":"https:\/\/api.w.org\/{rel}","templated":true}]}}