{"id":417581,"date":"2023-01-11T08:41:10","date_gmt":"2023-01-11T11:41:10","guid":{"rendered":"https:\/\/investnews.com.br\/?p=417581"},"modified":"2025-12-11T11:00:31","modified_gmt":"2025-12-11T14:00:31","slug":"moraes-determina-prisao-de-anderson-torres-ex-secretario-de-seguranca-do-df","status":"publish","type":"post","link":"https:\/\/investnews.com.br\/economia\/moraes-determina-prisao-de-anderson-torres-ex-secretario-de-seguranca-do-df\/","title":{"rendered":"Moraes determina pris\u00e3o de Anderson Torres"},"content":{"rendered":"\n<p>O ministro Alexandre de Moraes, do Supremo Tribunal Federal (STF), determinou nesta ter\u00e7a-feira (10) a pris\u00e3o do ex-comandante da Pol\u00edcia Militar do Distrito Federal coronel F\u00e1bio Augusto Vieira, e do ex-secret\u00e1rio de Seguran\u00e7a P\u00fablica do DF, Anderson Torres.<\/p>\n\n\n\n<p>O Coronel F\u00e1bio Augusto Vieira era o respons\u00e1vel pela tropa que atuou durante os<a href=\"https:\/\/investnews.com.br\/colunistas\/coluna-do-samy-dana\/por-que-atos-antidemocraticos-nao-sao-bons-para-a-economia\/\">&nbsp;atos antidemocr\u00e1ticos&nbsp;no domingo (8)<\/a> contra o Congresso, o Pal\u00e1cio do Planalto e a Suprema Corte. Ele j\u00e1 foi preso.<\/p>\n\n\n\n<p>Vieira n\u00e3o est\u00e1 mais no comando da corpora\u00e7\u00e3o. Ele foi exonerado segunda-feira (9) pelo interventor nomeado para a Secretaria de Seguran\u00e7a P\u00fablica do Distrito Federal ap\u00f3s o presidente Luiz In\u00e1cio Lula da Silva decretar&nbsp;interven\u00e7\u00e3o federal&nbsp;na seguran\u00e7a p\u00fablica do DF e o afastamento do governador Ibaneis Rocha pelo prazo de 90 dias, determinado pelo ministro.<\/p>\n\n\n\n<p>Na decis\u00e3o, Moraes tamb\u00e9m determinou a pris\u00e3o do ex-ministro da Justi\u00e7a e ex-secret\u00e1rio de Seguran\u00e7a do DF Anderson Torres.<\/p>\n\n\n\n<p>As pris\u00f5es foram solicitadas pela Pol\u00edcia Federal, que apontou omiss\u00e3o e coniv\u00eancia das autoridades locais no controle dos atos, que ocorreram, segundo a corpora\u00e7\u00e3o, com a anu\u00eancia dos respons\u00e1veis pela seguran\u00e7a p\u00fablica do Distrito Federal.&nbsp;<\/p>\n\n\n\n<p>A PF citou a aus\u00eancia de policiais do Batalh\u00e3o de Choque, autoriza\u00e7\u00e3o para entrada de cerca de cem \u00f4nibus em Bras\u00edlia e in\u00e9rcia em rela\u00e7\u00e3o \u00e0 desativa\u00e7\u00e3o do acampamento em frente ao quartel do Ex\u00e9rcito.&nbsp;<\/p>\n\n\n\n<p>Ao aceitar os pedidos de pris\u00e3o, Moraes disse que a medida \u00e9 necess\u00e1ria diante de fortes ind\u00edcios de que os investigados foram \u201cconiventes\u201d com quem praticou os atos de invas\u00e3o.&nbsp;<\/p>\n\n\n\n<blockquote class=\"wp-block-quote is-layout-flow wp-block-quote-is-layout-flow\">\n<p>\u201cA exist\u00eancia de uma organiza\u00e7\u00e3o criminosa, cujos atos t\u00eam ocorrido regularmente h\u00e1 meses, inclusive no Distrito Federal, \u00e9 um forte ind\u00edcio da coniv\u00eancia e da aquiesc\u00eancia do Poder P\u00fablico com os crimes cometidos, a revelar o grave comprometimento da ordem p\u00fablica e a possibilidade de repeti\u00e7\u00e3o de atos semelhantes caso as circunst\u00e2ncias permane\u00e7am as mesmas\u201d, escreveu o ministro.&nbsp;<\/p>\n<\/blockquote>\n\n\n\n<p>Moraes refirmou que a democracia n\u00e3o ser\u00e1 abalada pelos atos. \u201cAbsolutamente todos ser\u00e3o responsabilizados civil, pol\u00edtica e criminalmente pelos atos atentat\u00f3rios \u00e0 democracia, ao Estado de Direito e \u00e0s institui\u00e7\u00f5es, inclusive pela dolosa coniv\u00eancia \u2013 por a\u00e7\u00e3o ou omiss\u00e3o \u2013 motivada pela ideologia, dinheiro, fraqueza, covardia, ignor\u00e2ncia, m\u00e1-f\u00e9 ou mau-caratismo\u201d, concluiu.&nbsp;<\/p>\n\n\n\n<p>Nesta ter\u00e7a-feira, viaturas da PF estiveram&nbsp;na casa de Anderson Torres&nbsp;em Bras\u00edlia.&nbsp;<\/p>\n\n\n\n<p>N\u00e3o h\u00e1 confirma\u00e7\u00e3o se o ex-ministro est\u00e1 na resid\u00eancia. No in\u00edcio desta semana, Torres disse \u00e0 imprensa que estava em f\u00e9rias nos Estados Unidos.&nbsp;<\/p>\n\n\n\n<p>Pelas redes sociais, Anderson Torres disse que vai retornar ao Brasil para se apresentar \u00e0 Justi\u00e7a e cuidar de sua defesa. \u201cSempre pautei minhas a\u00e7\u00f5es pela \u00e9tica e pela legalidade. Acredito na justi\u00e7a brasileira e na for\u00e7a das institui\u00e7\u00f5es. Estou certo de que a verdade prevalecer\u00e1\u201d, declarou.&nbsp;<\/p>\n","protected":false},"excerpt":{"rendered":"<p>Medida do ministro do STF \u00e9 referente a atos antidemocr\u00e1ticos no DF.  Ex-secret\u00e1rio de Seguran\u00e7a do DF \u00e9 ex-ministro da Justi\u00e7a de Bolsonaro.<\/p>\n","protected":false},"author":63,"featured_media":417592,"comment_status":"closed","ping_status":"open","sticky":false,"template":"","format":"standard","meta":{"_acf_changed":false,"inline_featured_image":false,"footnotes":""},"categories":[5],"tags":[234,2370,83],"autor-wsj":[],"coauthors":[2490],"class_list":["post-417581","post","type-post","status-publish","format-standard","has-post-thumbnail","hentry","category-economia","tag-jair-bolsonaro","tag-luiz-inacio-lula-da-silva","tag-stf"],"acf":[],"amp_enabled":true,"_links":{"self":[{"href":"https:\/\/investnews.com.br\/inv-api\/wp\/v2\/posts\/417581","targetHints":{"allow":["GET"]}}],"collection":[{"href":"https:\/\/investnews.com.br\/inv-api\/wp\/v2\/posts"}],"about":[{"href":"https:\/\/investnews.com.br\/inv-api\/wp\/v2\/types\/post"}],"author":[{"embeddable":true,"href":"https:\/\/investnews.com.br\/inv-api\/wp\/v2\/users\/63"}],"replies":[{"embeddable":true,"href":"https:\/\/investnews.com.br\/inv-api\/wp\/v2\/comments?post=417581"}],"version-history":[{"count":9,"href":"https:\/\/investnews.com.br\/inv-api\/wp\/v2\/posts\/417581\/revisions"}],"predecessor-version":[{"id":741630,"href":"https:\/\/investnews.com.br\/inv-api\/wp\/v2\/posts\/417581\/revisions\/741630"}],"wp:featuredmedia":[{"embeddable":true,"href":"https:\/\/investnews.com.br\/inv-api\/wp\/v2\/media\/417592"}],"wp:attachment":[{"href":"https:\/\/investnews.com.br\/inv-api\/wp\/v2\/media?parent=417581"}],"wp:term":[{"taxonomy":"category","embeddable":true,"href":"https:\/\/investnews.com.br\/inv-api\/wp\/v2\/categories?post=417581"},{"taxonomy":"post_tag","embeddable":true,"href":"https:\/\/investnews.com.br\/inv-api\/wp\/v2\/tags?post=417581"},{"taxonomy":"autor-wsj","embeddable":true,"href":"https:\/\/investnews.com.br\/inv-api\/wp\/v2\/autor-wsj?post=417581"},{"taxonomy":"author","embeddable":true,"href":"https:\/\/investnews.com.br\/inv-api\/wp\/v2\/coauthors?post=417581"}],"curies":[{"name":"wp","href":"https:\/\/api.w.org\/{rel}","templated":true}]}}