{"id":418841,"date":"2023-01-12T16:13:21","date_gmt":"2023-01-12T19:13:21","guid":{"rendered":"https:\/\/investnews.com.br\/?p=418841"},"modified":"2023-01-13T17:41:51","modified_gmt":"2023-01-13T20:41:51","slug":"haddad-anuncia-programa-litigio-zero-para-tentar-reequilibra-fiscal","status":"publish","type":"post","link":"https:\/\/investnews.com.br\/economia\/haddad-anuncia-programa-litigio-zero-para-tentar-reequilibra-fiscal\/","title":{"rendered":"Haddad anuncia medidas para zerar rombo, com previs\u00e3o de super\u00e1vit de R$ 11 bi"},"content":{"rendered":"\n<p>O ministro da Fazenda, Fernando Haddad, anunciou a cria\u00e7\u00e3o de um plano que prev\u00ea um <strong>ajuste de R$ 242 bilh\u00f5es nas contas p\u00fablicas<\/strong>, entre reestimativa de receitas e redu\u00e7\u00e3o de despesas. O an\u00fancio foi feito na tarde desta quinta-feira (12) em coletiva de imprensa, ao lado das ministras do Planejamento, <strong>Simone Tebet<\/strong>, e da Gest\u00e3o, <strong>Esther Dweck<\/strong>.<\/p>\n\n\n\n<p>Segundo Haddad, se adotadas de forma integral como apresentadas pelo governo, as medidas podem zerar o rombo das contas p\u00fablicas j\u00e1 em 2023. No entanto, n\u00e3o h\u00e1 expectativa de que isso, de fato, ocorra. &#8220;A meta de cada a\u00e7\u00e3o zera o d\u00e9ficit&#8221;, diz Haddad. &#8220;Contudo, n\u00f3s sabemos que <strong>pode haver frustra\u00e7\u00e3o<\/strong>&#8220;.<\/p>\n\n\n\n<p>O d\u00e9ficit previsto para as contas p\u00fablicas em 2023 \u00e9 de <strong>R$ 231 bilh\u00f5es<\/strong>, segundo o Or\u00e7amento aprovado pelo Congresso.<strong> O pacote prev\u00ea um super\u00e1vit prim\u00e1rio de R$ 11,13 bilh\u00f5es<\/strong>, o equivalente a 0,1% do Produto Interno Bruto (PIB).<\/p>\n\n\n\n<h2 class=\"wp-block-heading\">As medidas<\/h2>\n\n\n\n<ul class=\"wp-block-list\">\n<li>Programa &#8220;Lit\u00edgio Zero&#8221;<\/li>\n\n\n\n<li>Mudan\u00e7as no Carf<\/li>\n\n\n\n<li> <a href=\"https:\/\/investnews.com.br\/guias\/o-que-e-icms\/\">ICMS<\/a> na base de c\u00e1lculo de PIS\/COFINS<\/li>\n<\/ul>\n\n\n\n<figure class=\"wp-block-embed is-type-wp-embed is-provider-flourish wp-block-embed-flourish\"><div class=\"wp-block-embed__wrapper\">\n<iframe loading=\"lazy\" class=\"wp-embedded-content\" sandbox=\"allow-scripts\" security=\"restricted\" title=\"Interactive or visual content\" src=\"https:\/\/flo.uri.sh\/visualisation\/12426639\/embed#?secret=5lod548Bta\" data-secret=\"5lod548Bta\" frameborder=\"0\" scrolling=\"no\" height=\"575\" width=\"500\"><\/iframe>\n<\/div><\/figure>\n\n\n\n<p>Uma das medidas anunciadas por Haddad foi o &#8220;Lit\u00edgio Zero&#8221;, que busca <strong>reestruturar d\u00edvidas e facilitar o pagamento<\/strong>. Pelo programa, por exemplo, pessoas f\u00edsicas, micro e pequenas empresas que tenham d\u00edvidas de at\u00e9 60 sal\u00e1rios m\u00ednimos ter\u00e3o de 40% a 50% de desconto sobre o valor total do d\u00e9bito (tributo, juros e multa), em at\u00e9 12 meses para pagar. <\/p>\n\n\n\n<p>J\u00e1 pessoas jur\u00eddicas com d\u00edvidas de valores maiores que 60 sal\u00e1rios m\u00ednimos ter\u00e3o desconto de at\u00e9 100% sobre o valor de juros e multas. O governo aponta como &#8220;cr\u00e9ditos irrecuper\u00e1veis e de dif\u00edcil recupera\u00e7\u00e3o&#8221;.<\/p>\n\n\n\n<p>Antes do an\u00fancio,<a href=\"https:\/\/investnews.com.br\/economia\/desenrola-brasil-governo-criara-programa-para-atender-endividados\/\"> j\u00e1 havia a expectativa de que o governo iria criar um programa para endividados.<\/a><\/p>\n\n\n\n<p>Outro ponto \u00e9 sobre ICMS na base de c\u00e1lculo de PIS\/COFINS. A proposta \u00e9 de &#8220;acatamento da jurisprud\u00eancia do STF e fim da litigiosidade&#8221;, segundo apresenta\u00e7\u00e3o do governo. &#8220;PIS\/COFINS n\u00e3o ser\u00e3o calculados sobre o ICMS e, coerentemente, os cr\u00e9ditos<br>tampouco ser\u00e3o computados dessa forma.&#8221;<\/p>\n\n\n\n<p>O an\u00fancio tamb\u00e9m inclui mudan\u00e7a na regra de funcionamento do Carf, retomando o chamado &#8220;voto de qualidade&#8221;, que autoriza o presidente do colegiado a dar um voto de desempate nos julgamentos. Esse dispositivo foi extinto no governo Bolsonaro. Casos de empate d\u00e3o benef\u00edcio autom\u00e1tico ao contribuinte.<\/p>\n\n\n\n<h2 class=\"wp-block-heading\">Reonera\u00e7\u00e3o de combust\u00edveis<\/h2>\n\n\n\n<p>O programa apresentado nesta quinta n\u00e3o incluiu a reonera\u00e7\u00e3o dos combust\u00edveis, que foi prorrogada ap\u00f3s a posse do presidente Luiz In\u00e1cio Lula da Silva &#8211; <a href=\"https:\/\/investnews.com.br\/economia\/haddad-indica-resposta-positiva-sobre-fim-da-desoneracao-de-combustiveis\/\">mesmo contra a vontade sinalizada por Haddad<\/a>.<\/p>\n\n\n\n<p>Durante a coletiva desta quinta, Haddad disse que essa decis\u00e3o ser\u00e1 tomada em um &#8220;momento adequado&#8221;.<\/p>\n","protected":false},"excerpt":{"rendered":"<p>Programa prev\u00ea reestrutura\u00e7\u00e3o de d\u00edvidas. Medidas poderiam zerar d\u00e9ficit em 2023, diz ministro.<\/p>\n","protected":false},"author":31,"featured_media":418861,"comment_status":"closed","ping_status":"open","sticky":false,"template":"","format":"standard","meta":{"_acf_changed":false,"inline_featured_image":false,"footnotes":""},"categories":[5],"tags":[],"autor-wsj":[],"coauthors":[1908],"class_list":["post-418841","post","type-post","status-publish","format-standard","has-post-thumbnail","hentry","category-economia"],"acf":[],"amp_enabled":true,"_links":{"self":[{"href":"https:\/\/investnews.com.br\/inv-api\/wp\/v2\/posts\/418841","targetHints":{"allow":["GET"]}}],"collection":[{"href":"https:\/\/investnews.com.br\/inv-api\/wp\/v2\/posts"}],"about":[{"href":"https:\/\/investnews.com.br\/inv-api\/wp\/v2\/types\/post"}],"author":[{"embeddable":true,"href":"https:\/\/investnews.com.br\/inv-api\/wp\/v2\/users\/31"}],"replies":[{"embeddable":true,"href":"https:\/\/investnews.com.br\/inv-api\/wp\/v2\/comments?post=418841"}],"version-history":[{"count":65,"href":"https:\/\/investnews.com.br\/inv-api\/wp\/v2\/posts\/418841\/revisions"}],"predecessor-version":[{"id":419501,"href":"https:\/\/investnews.com.br\/inv-api\/wp\/v2\/posts\/418841\/revisions\/419501"}],"wp:featuredmedia":[{"embeddable":true,"href":"https:\/\/investnews.com.br\/inv-api\/wp\/v2\/media\/418861"}],"wp:attachment":[{"href":"https:\/\/investnews.com.br\/inv-api\/wp\/v2\/media?parent=418841"}],"wp:term":[{"taxonomy":"category","embeddable":true,"href":"https:\/\/investnews.com.br\/inv-api\/wp\/v2\/categories?post=418841"},{"taxonomy":"post_tag","embeddable":true,"href":"https:\/\/investnews.com.br\/inv-api\/wp\/v2\/tags?post=418841"},{"taxonomy":"autor-wsj","embeddable":true,"href":"https:\/\/investnews.com.br\/inv-api\/wp\/v2\/autor-wsj?post=418841"},{"taxonomy":"author","embeddable":true,"href":"https:\/\/investnews.com.br\/inv-api\/wp\/v2\/coauthors?post=418841"}],"curies":[{"name":"wp","href":"https:\/\/api.w.org\/{rel}","templated":true}]}}