{"id":419155,"date":"2023-01-13T09:33:10","date_gmt":"2023-01-13T12:33:10","guid":{"rendered":"https:\/\/investnews.com.br\/?p=419155"},"modified":"2023-01-13T09:34:12","modified_gmt":"2023-01-13T12:34:12","slug":"petrobras-recebe-indicacao-de-jean-paul-prates-para-presidencia-da-companhia","status":"publish","type":"post","link":"https:\/\/investnews.com.br\/economia\/petrobras-recebe-indicacao-de-jean-paul-prates-para-presidencia-da-companhia\/","title":{"rendered":"Petrobras recebe indica\u00e7\u00e3o de Jean Paul Prates para presid\u00eancia da companhia"},"content":{"rendered":"\n<p>A <strong>Petrobras<\/strong> (<a href=\"https:\/\/investnews.com.br\/cotacao\/petr3-petroleo-brasileiro-petrobras\/\">PETR3<\/a>, <a href=\"https:\/\/investnews.com.br\/cotacao\/petr4-petroleo-brasileiro-petrobras\/\">PETR4<\/a>) comunicou ao mercado nesta sexta-feira (13) que recebeu um of\u00edcio do Minist\u00e9rio das Minas e Energia confirmando a <strong>indica\u00e7\u00e3o de Jean Paul Terra Prates <\/strong>para exercer os <strong>cargos de presidente e de membro do conselho de administra\u00e7\u00e3o<\/strong> da companhia.<\/p>\n\n\n\n<p>A\u00a0<a href=\"https:\/\/investnews.com.br\/geral\/lula-anuncia-indicacao-de-jean-paul-prates-para-presidencia-da-petrobras\/\" target=\"_blank\" rel=\"noreferrer noopener\">escolha do nome do senador do PT do Rio Grande do Norte para presidir a Petrobras<\/a>\u00a0foi confirmada pelo presidente Luiz In\u00e1cio Lula da Silva (PT) ainda em 2022.<\/p>\n\n\n\n<p>O of\u00edcio recebido na quinta-feira (12) tamb\u00e9m menciona que o nome do indicado foi aprovado pela Casa Civil da Presid\u00eancia da Rep\u00fablica, conforme exige a legisla\u00e7\u00e3o.<\/p>\n\n\n\n<blockquote class=\"wp-block-quote is-layout-flow wp-block-quote-is-layout-flow\">\n<p>\u201cRegistrando que, sem preju\u00edzo das avalia\u00e7\u00f5es preliminares levadas a efeito na referida Pasta, deve a Petrobras, \u00e0 luz de seus pr\u00f3prios crit\u00e9rios, procedimentos e normativos de governan\u00e7a, analisar a presente indica\u00e7\u00e3o\u201d, segundo fato relevante.<\/p>\n<\/blockquote>\n\n\n\n<p>O nome de Prates precisa apreciado pelo Comit\u00ea de Elegibilidade (Celeg) da estatal \u2013trata-se de um \u00f3rg\u00e3o consultivo que analisa se o indicado est\u00e1 apto para assumir a fun\u00e7\u00e3o na estatal.<\/p>\n\n\n\n<h2 class=\"wp-block-heading\">Experi\u00eancia em consultoria<\/h2>\n\n\n\n<p>Com mais de 25 anos de trabalho nas \u00e1reas de petr\u00f3leo, g\u00e1s natural, biocombust\u00edveis, energia renov\u00e1vel e recursos naturais, Prates chegou a fundar em 1991 uma <a href=\"https:\/\/investnews.com.br\/economia\/escolhido-para-petrobras-prates-prepara-resposta-sobre-atuacao-como-consultor\/\">consultoria pioneira especializada em petr\u00f3leo<\/a>, chegando a ter 120 consultores associados, segundo curr\u00edculo publicado anteriormente.<\/p>\n\n\n\n<p>O senador tamb\u00e9m participou de outras empresas com esse fim. No entanto, atualmente, as empresas das quais Prates participou \u201cencontram-se desativadas h\u00e1 v\u00e1rios anos ou ele j\u00e1 se desligou delas tamb\u00e9m h\u00e1 alguns anos\u201d, segundo a assessoria de imprensa do senador.<\/p>\n","protected":false},"excerpt":{"rendered":"<p>Antes de assumir, o nome do senador petista precisa ser aprovado por um comit\u00ea da estatal.<\/p>\n","protected":false},"author":73,"featured_media":419163,"comment_status":"closed","ping_status":"open","sticky":false,"template":"","format":"standard","meta":{"_acf_changed":false,"inline_featured_image":false,"footnotes":""},"categories":[5],"tags":[2370,21,221],"autor-wsj":[],"coauthors":[101284],"class_list":["post-419155","post","type-post","status-publish","format-standard","has-post-thumbnail","hentry","category-economia","tag-luiz-inacio-lula-da-silva","tag-petrobras","tag-petroleo"],"acf":[],"amp_enabled":true,"_links":{"self":[{"href":"https:\/\/investnews.com.br\/inv-api\/wp\/v2\/posts\/419155","targetHints":{"allow":["GET"]}}],"collection":[{"href":"https:\/\/investnews.com.br\/inv-api\/wp\/v2\/posts"}],"about":[{"href":"https:\/\/investnews.com.br\/inv-api\/wp\/v2\/types\/post"}],"author":[{"embeddable":true,"href":"https:\/\/investnews.com.br\/inv-api\/wp\/v2\/users\/73"}],"replies":[{"embeddable":true,"href":"https:\/\/investnews.com.br\/inv-api\/wp\/v2\/comments?post=419155"}],"version-history":[{"count":13,"href":"https:\/\/investnews.com.br\/inv-api\/wp\/v2\/posts\/419155\/revisions"}],"predecessor-version":[{"id":419171,"href":"https:\/\/investnews.com.br\/inv-api\/wp\/v2\/posts\/419155\/revisions\/419171"}],"wp:featuredmedia":[{"embeddable":true,"href":"https:\/\/investnews.com.br\/inv-api\/wp\/v2\/media\/419163"}],"wp:attachment":[{"href":"https:\/\/investnews.com.br\/inv-api\/wp\/v2\/media?parent=419155"}],"wp:term":[{"taxonomy":"category","embeddable":true,"href":"https:\/\/investnews.com.br\/inv-api\/wp\/v2\/categories?post=419155"},{"taxonomy":"post_tag","embeddable":true,"href":"https:\/\/investnews.com.br\/inv-api\/wp\/v2\/tags?post=419155"},{"taxonomy":"autor-wsj","embeddable":true,"href":"https:\/\/investnews.com.br\/inv-api\/wp\/v2\/autor-wsj?post=419155"},{"taxonomy":"author","embeddable":true,"href":"https:\/\/investnews.com.br\/inv-api\/wp\/v2\/coauthors?post=419155"}],"curies":[{"name":"wp","href":"https:\/\/api.w.org\/{rel}","templated":true}]}}