{"id":419426,"date":"2023-01-14T18:00:00","date_gmt":"2023-01-14T21:00:00","guid":{"rendered":"https:\/\/investnews.com.br\/?p=419426"},"modified":"2023-01-13T15:52:27","modified_gmt":"2023-01-13T18:52:27","slug":"forum-economico-retorna-a-davos-em-meio-a-risco-de-policrise","status":"publish","type":"post","link":"https:\/\/investnews.com.br\/economia\/forum-economico-retorna-a-davos-em-meio-a-risco-de-policrise\/","title":{"rendered":"F\u00f3rum Econ\u00f4mico retorna a Davos em meio a risco de \u2018policrise\u2019"},"content":{"rendered":"\n<p>A elite global se dirige \u00e0s montanhas com a volta do F\u00f3rum Econ\u00f4mico Mundial a Davos durante o inverno europeu pela primeira vez em tr\u00eas anos.<\/p>\n\n\n\n<p>A pandemia e os lockdowns resultantes suspenderam os eventos presenciais de janeiro em 2021 e 2022, mas a confer\u00eancia agora \u00e9 retomada com mais de 2.700 pol\u00edticos, executivos, investidores, banqueiros e acad\u00eamicos reunidos na pr\u00f3xima semana no resort de esqui su\u00ed\u00e7o.<\/p>\n\n\n\n<p>Em suas agendas na<strong> 53\u00aa confer\u00eancia: debater o tema \u201cCoopera\u00e7\u00e3o em um Mundo Fragmentado\u201d<\/strong> em v\u00e1rios pain\u00e9is e coquet\u00e9is de festas organizadas por empresas como JPMorgan Chase. Est\u00e3o programadas at\u00e9 sess\u00f5es di\u00e1rias de \u201cmindfulness\u201d.<\/p>\n\n\n\n<figure class=\"wp-block-image size-large\"><img loading=\"lazy\" decoding=\"async\" width=\"1024\" height=\"683\" src=\"https:\/\/media.investnews.com.br\/uploads\/2023\/01\/394902406-1024x683.jpg\" alt=\"\" class=\"wp-image-419427\" srcset=\"https:\/\/media.investnews.com.br\/uploads\/2023\/01\/394902406-1024x683.jpg 1024w, https:\/\/media.investnews.com.br\/uploads\/2023\/01\/394902406-300x200.jpg 300w, https:\/\/media.investnews.com.br\/uploads\/2023\/01\/394902406-768x512.jpg 768w, https:\/\/media.investnews.com.br\/uploads\/2023\/01\/394902406-1536x1025.jpg 1536w, https:\/\/media.investnews.com.br\/uploads\/2023\/01\/394902406-1256x838.jpg 1256w, https:\/\/media.investnews.com.br\/uploads\/2023\/01\/394902406-172x115.jpg 172w, https:\/\/media.investnews.com.br\/uploads\/2023\/01\/394902406-150x100.jpg 150w, https:\/\/media.investnews.com.br\/uploads\/2023\/01\/394902406.jpg 2048w\" sizes=\"auto, (max-width: 1024px) 100vw, 1024px\" \/><figcaption class=\"wp-element-caption\">A wooden sign on the waterfront of Lake Davos in Davos, Switzerland, on Sunday, Jan. 8, 2023. Though it\u0092s perched at an altitude of 1,560 meters, this year\u0092s rare winter heatwave saw the Swiss town of Davos basking in temperatures well above freezing in early January, with its mountainsides covered in dead, brown grass and hikers out with their dogs. Photographer: Francesca Volpi\/Bloomberg<\/figcaption><\/figure>\n\n\n\n<p>Muitos dos convidados j\u00e1 estiveram na cidade mais alta da Europa em maio passado, com a primeira sess\u00e3o de ver\u00e3o da confer\u00eancia, mas o fundador do F\u00f3rum Econ\u00f4mico Mundial (FEM), Klaus Schwab, trouxe de volta a pr\u00e1tica de se reunir em meio \u00e0 neve \u2013 embora com menos neve do que o normal neste ano.<\/p>\n\n\n\n<p>O F\u00f3rum acontece em um contexto de v\u00e1rias preocupa\u00e7\u00f5es, desde a guerra da R\u00fassia na Ucr\u00e2nia at\u00e9 temores de uma recess\u00e3o global em meio ao aumento do custo de vida. Al\u00e9m disso, quest\u00f5es relacionadas \u00e0 mudan\u00e7a clim\u00e1tica persistem.<\/p>\n\n\n\n<p>\u201cTemos esse risco de uma policrise emergindo, porque muitas coisas est\u00e3o acontecendo ao mesmo tempo\u201d, disse Saadia Zahidi, diretora-gerente do F\u00f3rum, em entrevista \u00e0 Bloomberg Television, acrescentando que os l\u00edderes est\u00e3o \u201cest\u00e3o possivelmente despreparados\u201d para \u201ceste momento cr\u00edtico\u201d.<\/p>\n\n\n\n<h3 class=\"wp-block-heading\">Quem vai<\/h3>\n\n\n\n<p>O chanceler alem\u00e3o Olaf Scholz ser\u00e1 o \u00fanico l\u00edder do G7 presente. O vice-primeiro-ministro chin\u00eas, Liu He, tamb\u00e9m discursa na confer\u00eancia.<\/p>\n\n\n\n<p>Pelo menos 100 bilion\u00e1rios devem comparecer a Davos. A maior parte deles vem dos EUA, com Laurence Fink, da BlackRock, e Steve Schwarzman, da Blackstone, entre eles. Bilion\u00e1rios indianos e da Ar\u00e1bia Saudita tamb\u00e9m chegar\u00e3o em grande n\u00famero.<\/p>\n\n\n\n<p>Com a crise do setor de criptoativos, o F\u00f3rum tende a receber menos financiadores da nova era do que em maio. A corretora cripto FTX, de Sam Bankman-Fried, chegou a estar entre os parceiros do FEM \u2013 n\u00e3o mais. Ainda assim, v\u00e1rios pain\u00e9is ser\u00e3o dedicados ao futuro das criptoativos e moedas digitais, e um grupo de entusiastas de <a href=\"https:\/\/investnews.com.br\/guias\/tokens-o-que-sao\/\">tokens<\/a> organizou um \u201cblockchain hub\u201d paralelo que inclui uma galeria de tokens n\u00e3o fung\u00edveis (<a href=\"https:\/\/investnews.com.br\/guias\/o-que-sao-nfts\/\">NFT<\/a>) dedicada \u00e0 arte digital.<\/p>\n\n\n\n<h2 class=\"wp-block-heading\">Cen\u00e1rio econ\u00f4mico<\/h2>\n\n\n\n<p>Certamente haver\u00e1 muita preocupa\u00e7\u00e3o para compartilhar. O Relat\u00f3rio de Riscos Globais 2023 do FEM, baseado em uma pesquisa do F\u00f3rum, mostrou que a amea\u00e7a de recess\u00e3o, a crise do custo de vida e o aumento da d\u00edvida dominar\u00e3o o cen\u00e1rio nos pr\u00f3ximos dois anos.<\/p>\n\n\n\n<p>Ainda assim, o inverno europeu com temperaturas mais amenas e a reabertura da China ap\u00f3s o fim da pol\u00edtica de Covid Zero aumentaram as esperan\u00e7as dos mercados financeiros de um pouso suave.<\/p>\n\n\n\n<h2 class=\"wp-block-heading\">Tens\u00e3o pol\u00edtica<\/h2>\n\n\n\n<p>A guerra da R\u00fassia na Ucr\u00e2nia e o futuro do conflito dominar\u00e3o as discuss\u00f5es pol\u00edticas.<\/p>\n\n\n\n<p>EUA e China tamb\u00e9m s\u00e3o desafiados a encontrar uma maneira de navegar juntos enquanto colidem em t\u00f3picos como com\u00e9rcio e produ\u00e7\u00e3o de semicondutores.<\/p>\n\n\n\n<p>Com qual grau de \u00eaxito o primeiro-ministro Xi Jinping tem conseguido normalizar a atividade em seu pa\u00eds ap\u00f3s os lockdowns da pandemia tamb\u00e9m ser\u00e1 um t\u00f3pico importante, principalmente por suas repercuss\u00f5es globais.<\/p>\n\n\n\n<h2 class=\"wp-block-heading\">P\u00f3s-pandemia<\/h2>\n\n\n\n<p>Os participantes de Davos foram pegos de surpresa no in\u00edcio de 2020, quando o coronav\u00edrus come\u00e7ou a se propagar.<\/p>\n\n\n\n<p>Agora, querem aprender li\u00e7\u00f5es. Os CEOs da Moderna e da Pfizer falam na confer\u00eancia, com um painel dedicado \u00e0 rapidez com que vacinas podem ser criadas em uma pr\u00f3xima pandemia.<\/p>\n\n\n\n<p>O futuro do trabalho tamb\u00e9m estar\u00e1 presente. A volta ao escrit\u00f3rio, o crescente \u201cquiet quitting\u201d no mundo corporativo (fazer o m\u00ednimo necess\u00e1rio) bem como a semana de quatro dias est\u00e3o entre os temas que preocupam executivos.<\/p>\n\n\n\n<h2 class=\"wp-block-heading\">\u2018ESG\u2019 e mudan\u00e7a clim\u00e1tica<\/h2>\n\n\n\n<p>O aquecimento global tem sido um tema recorrente em Davos e, neste ano, n\u00e3o ser\u00e1 diferente. Os quatro principais riscos para a pr\u00f3xima d\u00e9cada mencionados no relat\u00f3rio desta semana est\u00e3o diretamente ligados \u00e0 mudan\u00e7a clim\u00e1tica. Todos menos um entre os \u201cTop 10\u201d tinham rela\u00e7\u00e3o indireta com o planeta em aquecimento.<\/p>\n\n\n\n<p>Preocupa\u00e7\u00f5es com os padr\u00f5es ambientais, sociais e de governan\u00e7a (<a href=\"https:\/\/investnews.com.br\/guias\/tudo-sobre-esg\/\">ESG<\/a>) mais amplas est\u00e3o presentes na agenda. No entanto, um mercado em baixa, regulamenta\u00e7\u00f5es mais rigorosas em rela\u00e7\u00e3o aos padr\u00f5es e rea\u00e7\u00e3o pol\u00edtica em alguns setores dificultam a abordagem desse t\u00f3pico em 2023.<\/p>\n","protected":false},"excerpt":{"rendered":"<p>Confer\u00eancia \u00e9 retomada com mais de 2.700 pol\u00edticos, executivos, investidores, banqueiros e acad\u00eamicos reunidos na pr\u00f3xima semana.<\/p>\n","protected":false},"author":76,"featured_media":419427,"comment_status":"closed","ping_status":"open","sticky":false,"template":"","format":"standard","meta":{"_acf_changed":false,"inline_featured_image":false,"footnotes":""},"categories":[5],"tags":[],"autor-wsj":[],"coauthors":[101325],"class_list":["post-419426","post","type-post","status-publish","format-standard","has-post-thumbnail","hentry","category-economia"],"acf":[],"amp_enabled":true,"_links":{"self":[{"href":"https:\/\/investnews.com.br\/inv-api\/wp\/v2\/posts\/419426","targetHints":{"allow":["GET"]}}],"collection":[{"href":"https:\/\/investnews.com.br\/inv-api\/wp\/v2\/posts"}],"about":[{"href":"https:\/\/investnews.com.br\/inv-api\/wp\/v2\/types\/post"}],"author":[{"embeddable":true,"href":"https:\/\/investnews.com.br\/inv-api\/wp\/v2\/users\/76"}],"replies":[{"embeddable":true,"href":"https:\/\/investnews.com.br\/inv-api\/wp\/v2\/comments?post=419426"}],"version-history":[{"count":3,"href":"https:\/\/investnews.com.br\/inv-api\/wp\/v2\/posts\/419426\/revisions"}],"predecessor-version":[{"id":419430,"href":"https:\/\/investnews.com.br\/inv-api\/wp\/v2\/posts\/419426\/revisions\/419430"}],"wp:featuredmedia":[{"embeddable":true,"href":"https:\/\/investnews.com.br\/inv-api\/wp\/v2\/media\/419427"}],"wp:attachment":[{"href":"https:\/\/investnews.com.br\/inv-api\/wp\/v2\/media?parent=419426"}],"wp:term":[{"taxonomy":"category","embeddable":true,"href":"https:\/\/investnews.com.br\/inv-api\/wp\/v2\/categories?post=419426"},{"taxonomy":"post_tag","embeddable":true,"href":"https:\/\/investnews.com.br\/inv-api\/wp\/v2\/tags?post=419426"},{"taxonomy":"autor-wsj","embeddable":true,"href":"https:\/\/investnews.com.br\/inv-api\/wp\/v2\/autor-wsj?post=419426"},{"taxonomy":"author","embeddable":true,"href":"https:\/\/investnews.com.br\/inv-api\/wp\/v2\/coauthors?post=419426"}],"curies":[{"name":"wp","href":"https:\/\/api.w.org\/{rel}","templated":true}]}}