{"id":419512,"date":"2023-01-13T18:33:46","date_gmt":"2023-01-13T21:33:46","guid":{"rendered":"https:\/\/investnews.com.br\/?p=419512"},"modified":"2024-06-24T12:01:01","modified_gmt":"2024-06-24T15:01:01","slug":"resumao-semana-teve-primeiras-medidas-economicas-e-rombo-da-americanas","status":"publish","type":"post","link":"https:\/\/investnews.com.br\/financas\/resumao-semana-teve-primeiras-medidas-economicas-e-rombo-da-americanas\/","title":{"rendered":"Resum\u00e3o: semana teve primeiras medidas econ\u00f4micas e rombo da Americanas"},"content":{"rendered":"\n<figure class=\"wp-block-embed is-type-video is-provider-youtube wp-block-embed-youtube wp-embed-aspect-16-9 wp-has-aspect-ratio\"><div class=\"wp-block-embed__wrapper\">\n<iframe loading=\"lazy\" title=\"Semana teve primeiras medidas econ\u00f4micas; e mais: o caso de R$ 20 bi da AMER3\" width=\"500\" height=\"281\" src=\"https:\/\/www.youtube.com\/embed\/RiITwgpuSVg?feature=oembed\" frameborder=\"0\" allow=\"accelerometer; autoplay; clipboard-write; encrypted-media; gyroscope; picture-in-picture; web-share\" referrerpolicy=\"strict-origin-when-cross-origin\" allowfullscreen><\/iframe>\n<\/div><\/figure>\n\n\n\n<p>Neste preg\u00e3o, investidores seguiram repercutindo as <a href=\"https:\/\/investnews.com.br\/economia\/haddad-anuncia-programa-litigio-zero-para-tentar-reequilibra-fiscal\/\">primeiras medidas econ\u00f4micas anunciadas pelo novo ministro da Fazenda, Fernando Haddad<\/a>, para tentar reequilibrar as contas p\u00fablicas. O que o mercado achou?<\/p>\n\n\n\n<p>A semana teve ainda o <a href=\"https:\/\/investnews.com.br\/negocios\/rial-deixa-comando-da-americanas-apos-inconsistencias-contabeis-da-companhia\/\">esc\u00e2ndalo <\/a>envolvendo <strong>Americanas<\/strong> (<a href=\"https:\/\/investnews.com.br\/cotacao\/amer3-americanas\/\">AMER3<\/a>), com a a\u00e7\u00e3o derretendo na bolsa de valores ap\u00f3s a descoberta de uma inconsist\u00eancia cont\u00e1bil nas contas da empresa da ordem de R$ 20 bilh\u00f5es.<\/p>\n\n\n\n<p>Entre os indicadores importantes da economia brasileira divulgados nesta semana, um dos principais foi a infla\u00e7\u00e3o de 2022, com o <a href=\"https:\/\/investnews.com.br\/economia\/ipca-fecha-2022-com-alta-de-579-aponta-ibge\/\">\u00cdndice de Pre\u00e7os ao Consumidor Amplo (IPCA)<\/a> novamente acima da meta.<\/p>\n\n\n\n<p>Houve ainda a divulga\u00e7\u00e3o dos n\u00fameros do varejo e <a href=\"https:\/\/investnews.com.br\/economia\/setor-de-servicos-no-brasil-tem-2o-mes-seguido-sem-crescimento\/\">setor de servi\u00e7os no Brasil<\/a>, al\u00e9m da <a href=\"https:\/\/investnews.com.br\/economia\/inflacao-nos-eua-cai-01-em-dezembro-e-encerra-2022-com-alta-de-65\/\">infla\u00e7\u00e3o nos Estados Unidos.<\/a><\/p>\n\n\n\n<p>Al\u00e9m do resumo de not\u00edcias de economia na semana, o BLTM tamb\u00e9m apresenta os n\u00fameros do fechamento do mercado, com cota\u00e7\u00e3o do d\u00f3lar, <a href=\"https:\/\/investnews.com.br\/guias\/bitcoin-o-que-e-como-investir\/\">bitcoin<\/a> e Ibovespa hoje, al\u00e9m das a\u00e7\u00f5es que mais subiram e mais ca\u00edram. A apresenta\u00e7\u00e3o \u00e9 da jornalista Karina Trevizan.<\/p>\n","protected":false},"excerpt":{"rendered":"<p>Saiba o que o mercado achou do an\u00fancio de Haddad e o que aconteceu com a varejista.<\/p>\n","protected":false},"author":31,"featured_media":419517,"comment_status":"closed","ping_status":"open","sticky":false,"template":"","format":"standard","meta":{"_acf_changed":false,"inline_featured_image":false,"footnotes":""},"categories":[4],"tags":[52,187],"autor-wsj":[],"coauthors":[1908],"class_list":["post-419512","post","type-post","status-publish","format-standard","has-post-thumbnail","hentry","category-financas","tag-inflacao","tag-lojas-americanas"],"acf":[],"amp_enabled":true,"_links":{"self":[{"href":"https:\/\/investnews.com.br\/inv-api\/wp\/v2\/posts\/419512","targetHints":{"allow":["GET"]}}],"collection":[{"href":"https:\/\/investnews.com.br\/inv-api\/wp\/v2\/posts"}],"about":[{"href":"https:\/\/investnews.com.br\/inv-api\/wp\/v2\/types\/post"}],"author":[{"embeddable":true,"href":"https:\/\/investnews.com.br\/inv-api\/wp\/v2\/users\/31"}],"replies":[{"embeddable":true,"href":"https:\/\/investnews.com.br\/inv-api\/wp\/v2\/comments?post=419512"}],"version-history":[{"count":29,"href":"https:\/\/investnews.com.br\/inv-api\/wp\/v2\/posts\/419512\/revisions"}],"predecessor-version":[{"id":419549,"href":"https:\/\/investnews.com.br\/inv-api\/wp\/v2\/posts\/419512\/revisions\/419549"}],"wp:featuredmedia":[{"embeddable":true,"href":"https:\/\/investnews.com.br\/inv-api\/wp\/v2\/media\/419517"}],"wp:attachment":[{"href":"https:\/\/investnews.com.br\/inv-api\/wp\/v2\/media?parent=419512"}],"wp:term":[{"taxonomy":"category","embeddable":true,"href":"https:\/\/investnews.com.br\/inv-api\/wp\/v2\/categories?post=419512"},{"taxonomy":"post_tag","embeddable":true,"href":"https:\/\/investnews.com.br\/inv-api\/wp\/v2\/tags?post=419512"},{"taxonomy":"autor-wsj","embeddable":true,"href":"https:\/\/investnews.com.br\/inv-api\/wp\/v2\/autor-wsj?post=419512"},{"taxonomy":"author","embeddable":true,"href":"https:\/\/investnews.com.br\/inv-api\/wp\/v2\/coauthors?post=419512"}],"curies":[{"name":"wp","href":"https:\/\/api.w.org\/{rel}","templated":true}]}}