{"id":419747,"date":"2023-01-14T06:00:00","date_gmt":"2023-01-14T09:00:00","guid":{"rendered":"https:\/\/investnews.com.br\/?p=419747"},"modified":"2023-01-13T20:41:16","modified_gmt":"2023-01-13T23:41:16","slug":"cinco-assuntos-quentes-para-o-brasil-na-proxima-semana","status":"publish","type":"post","link":"https:\/\/investnews.com.br\/economia\/cinco-assuntos-quentes-para-o-brasil-na-proxima-semana\/","title":{"rendered":"Cinco assuntos quentes para o Brasil na pr\u00f3xima semana"},"content":{"rendered":"\n<p><strong>F\u00f3rum de Davos<\/strong>, que contar\u00e1 com presen\u00e7a do ministro Fernando Haddad, discute a economia mundial na pr\u00f3xima semana. Mercado monitora dados nos EUA, onde ser\u00e1 feriado segunda-feira (16), e <strong>falas de dirigentes do Fed.<\/strong> Brasil conta com agenda econ\u00f4mica mais fraca, em meio a desdobramentos das invas\u00f5es ocorridas em Bras\u00edlia em 8 de janeiro. Americanas, Petrobras e op\u00e7\u00f5es est\u00e3o em foco na bolsa. <\/p>\n\n\n\n<p>Veja os destaques:<\/p>\n\n\n\n<h2 class=\"wp-block-heading\">Haddad em Davos<\/h2>\n\n\n\n<figure class=\"wp-block-image size-large\"><img decoding=\"async\" src=\"https:\/\/media.investnews.com.br\/uploads\/2022\/12\/2022-12-07T141358Z_1_LYNXMPEIB60PD_RTROPTP_4_BRAZIL-POLITICS-1-1024x683.jpg\" alt=\"\" class=\"wp-image-392593\"\/><figcaption class=\"wp-element-caption\">28\/11\/2022\nREUTERS\/Adriano Machado<\/figcaption><\/figure>\n\n\n\n<p>O ministro da Fazenda, <strong>Fernando Haddad<\/strong>, participar\u00e1 do F\u00f3rum Econ\u00f4mico Mundial, que come\u00e7a na segunda-feira (16)em Davos, na Su\u00ed\u00e7a &#8211; a primeira reuni\u00e3o de inverno do grupo de l\u00edderes globais desde antes da pandemia de covid. Pelo Brasil, tamb\u00e9m deve ir a ministra do meio-ambiente, <strong>Marina Silva<\/strong>. Haddad deve participar de um painel sobre a Am\u00e9rica Latina na quarta-feira (18). <\/p>\n\n\n\n<p>O ministro da Fazenda chegar\u00e1 ao f\u00f3rum ap\u00f3s o an\u00fancio, nesta quinta-feira (12), das <a href=\"https:\/\/investnews.com.br\/economia\/haddad-anuncia-programa-litigio-zero-para-tentar-reequilibra-fiscal\/\">medidas fiscais<\/a>, <a href=\"https:\/\/investnews.com.br\/economia\/apos-medidas-para-contas-publicas-mercado-segue-projetando-deficit-em-2023\/\">elogiadas no mercado pela redu\u00e7\u00e3o do d\u00e9ficit<\/a>, mas criticadas pelo foco em aumento de receitas. Os investidores ainda aguardam a formula\u00e7\u00e3o da nova \u00e2ncora fiscal.<\/p>\n\n\n\n<h2 class=\"wp-block-heading\">Bolsonaro e Torres<\/h2>\n\n\n\n<p>A situa\u00e7\u00e3o do ex-presidente <strong>Jair Bolsonaro<\/strong>, que continua nos EUA, e do seu ex-ministro <strong>Anderson Torres<\/strong> deve seguir foco nos pr\u00f3ximos dias, quase uma semana ap\u00f3s os <a href=\"https:\/\/investnews.com.br\/geral\/veja-a-repercussao-das-invasoes-no-df-entidades-e-politicos-condenam-atos\/\">atos violentos de 8 de janeiro em Bras\u00edlia. <\/a><\/p>\n\n\n\n<p>Deputados democratas pressionam o governo americano para que force Bolsonaro a retornar ao Brasil. O ministro da Justi\u00e7a, Flavio Dino, disse que, no momento, \u201cn\u00e3o h\u00e1 nenhuma provid\u00eancia\u201d sobre a <strong>extradi\u00e7\u00e3o do ex-presidente. <\/strong><\/p>\n\n\n\n<p>Em rela\u00e7\u00e3o a Torres, o ministro afirmou que existe uma<strong> ordem de pris\u00e3o<\/strong> e \u201chouve an\u00fancio de apresenta\u00e7\u00e3o espont\u00e2nea\u201d. Dino disse ainda disse acreditar que a intensidade de ataques por manifestantes deve se reduzir.<\/p>\n\n\n\n<h2 class=\"wp-block-heading\">Dados-EUA, Fed e bancos<\/h2>\n\n\n\n<p>EUA divulgam na quarta-feira (18) vendas no varejo e o PPI de dezembro, que deve ter varia\u00e7\u00e3o mensal negativa, assim como o <a href=\"https:\/\/investnews.com.br\/economia\/inflacao-nos-eua-cai-01-em-dezembro-e-encerra-2022-com-alta-de-65\/\">CPI divulgado nesta semana<\/a>, que ajudou a reduzir as apostas em altas mais agressivas de juros. <\/p>\n\n\n\n<p><strong>Fed publica Livro Bege<\/strong> e v\u00e1rios dirigentes do BC americano falar\u00e3o nos pr\u00f3ximos dias, incluindo John Williams e Lael Brainard. <strong>Balan\u00e7os da semana nos EUA<\/strong> incluem <strong>Goldman Sachs e Morgan Stanley<\/strong>. <\/p>\n\n\n\n<p>Na segunda-feira ser\u00e1 feriado de Martin Luther King Jr. e os mercados americanos estar\u00e3o fechados.<\/p>\n\n\n\n<h2 class=\"wp-block-heading\">Focus p\u00f3s-medidas fiscais<\/h2>\n\n\n\n<p>Mercado monitora expectativas da <strong>pesquisa Focus na pr\u00f3xima segunda-feira<\/strong>, a primeira divulgada ap\u00f3s an\u00fancio das medidas do governo para diminuir o d\u00e9ficit das contas p\u00fablicas. O Ita\u00fa reduziu a proje\u00e7\u00e3o para PIB de 2022 de +3,0% para +2,8% e elevou ligeiramente a estimativa de infla\u00e7\u00e3o de 2023 de 5,7% para 5,8%. A semana ainda contar\u00e1 com <strong>dados de emprego e o IGP-10 fechado de janeiro<\/strong>.<\/p>\n\n\n\n<h2 class=\"wp-block-heading\">Americanas e Petrobras<\/h2>\n\n\n\n<figure class=\"wp-block-image size-full\"><img loading=\"lazy\" decoding=\"async\" width=\"820\" height=\"540\" src=\"https:\/\/media.investnews.com.br\/uploads\/2023\/01\/americanas_02.jpg\" alt=\"Americanas\" class=\"wp-image-418513\" srcset=\"https:\/\/media.investnews.com.br\/uploads\/2023\/01\/americanas_02.jpg 820w, https:\/\/media.investnews.com.br\/uploads\/2023\/01\/americanas_02-300x198.jpg 300w, https:\/\/media.investnews.com.br\/uploads\/2023\/01\/americanas_02-768x506.jpg 768w, https:\/\/media.investnews.com.br\/uploads\/2023\/01\/americanas_02-172x113.jpg 172w, https:\/\/media.investnews.com.br\/uploads\/2023\/01\/americanas_02-191x125.jpg 191w, https:\/\/media.investnews.com.br\/uploads\/2023\/01\/americanas_02-150x99.jpg 150w\" sizes=\"auto, (max-width: 820px) 100vw, 820px\" \/><figcaption class=\"wp-element-caption\">Cr\u00e9dito: Adobe Stock<\/figcaption><\/figure>\n\n\n\n<p>As<a href=\"https:\/\/investnews.com.br\/financas\/cvm-abre-3o-processo-para-apurar-rombo-da-americanas\/\"> inconsist\u00eancias cont\u00e1beis<\/a> apresentadas pelas <strong>Americanas<\/strong> (<a href=\"https:\/\/investnews.com.br\/cotacao\/amer3-americanas\/\">AMER3<\/a>), que ocasionaram a <a href=\"https:\/\/investnews.com.br\/financas\/r-20-bi-e-apenas-uma-estimativa-diz-rial-sobre-americanas\/\">ren\u00fancia do CEO Sergio Rial,<\/a> devem seguir em foco. Na quinta-feira, na primeira sess\u00e3o ap\u00f3s o an\u00fancio, as a\u00e7\u00f5es da companhia <a href=\"https:\/\/investnews.com.br\/boletim-investnews\/americanas-desaba-apos-rombo-de-r-20-bi-o-que-fazer-com-a-acao\/\">ca\u00edram cerca de 77%<\/a>. Nesta sexta (13), <a href=\"https:\/\/investnews.com.br\/financas\/ibovespa-dolar-cotacao-13-01-2023\/\">os pap\u00e9is reduzem parte das perdas<\/a>. <\/p>\n\n\n\n<p>No dia 19, a<strong> Petrobras <\/strong>(<a href=\"https:\/\/investnews.com.br\/cotacao\/petr3-petroleo-brasileiro-petrobras\/\">PETR3<\/a> e <a href=\"https:\/\/investnews.com.br\/cotacao\/petr4-petroleo-brasileiro-petrobras\/\">PETR4<\/a>) pagar\u00e1 seus acionistas com a segunda parcela de <strong><a href=\"https:\/\/investnews.com.br\/guias\/dividendos-o-que-sao-como-funcionam\/\">dividendos<\/a><\/strong>, do total de R$ 43,7 bilh\u00f5es aprovados em novembro. Minist\u00e9rio de Minas e Energia oficializou, em 12 de janeiro, a indica\u00e7\u00e3o de Jean-Paul Prates para presidir a estatal, que avalia o nome. <\/p>\n\n\n\n<p>No dia 17, a <strong>BRF<\/strong> (<a href=\"https:\/\/investnews.com.br\/cotacao\/brfs3-brf\/\">BRFS3<\/a>) re\u00fane acionistas em AGE para deliberar sobre o aumento de capital. <strong>B3<\/strong> (<a href=\"https:\/\/investnews.com.br\/cotacao\/b3sa3-b3\/\">B3SA3<\/a>) realiza vencimento de op\u00e7\u00f5es sobre o Ibovespa dia 18 e sobre a\u00e7\u00f5es dia 20.<\/p>\n","protected":false},"excerpt":{"rendered":"<p>Entre os destaques est\u00e3o Haddad em Davos e dados do Fed.<\/p>\n","protected":false},"author":76,"featured_media":392593,"comment_status":"closed","ping_status":"open","sticky":false,"template":"","format":"standard","meta":{"_acf_changed":false,"inline_featured_image":false,"footnotes":""},"categories":[5],"tags":[101620],"autor-wsj":[],"coauthors":[101325],"class_list":["post-419747","post","type-post","status-publish","format-standard","has-post-thumbnail","hentry","category-economia","tag-fernando-haddad"],"acf":[],"amp_enabled":true,"_links":{"self":[{"href":"https:\/\/investnews.com.br\/inv-api\/wp\/v2\/posts\/419747","targetHints":{"allow":["GET"]}}],"collection":[{"href":"https:\/\/investnews.com.br\/inv-api\/wp\/v2\/posts"}],"about":[{"href":"https:\/\/investnews.com.br\/inv-api\/wp\/v2\/types\/post"}],"author":[{"embeddable":true,"href":"https:\/\/investnews.com.br\/inv-api\/wp\/v2\/users\/76"}],"replies":[{"embeddable":true,"href":"https:\/\/investnews.com.br\/inv-api\/wp\/v2\/comments?post=419747"}],"version-history":[{"count":5,"href":"https:\/\/investnews.com.br\/inv-api\/wp\/v2\/posts\/419747\/revisions"}],"predecessor-version":[{"id":419755,"href":"https:\/\/investnews.com.br\/inv-api\/wp\/v2\/posts\/419747\/revisions\/419755"}],"wp:featuredmedia":[{"embeddable":true,"href":"https:\/\/investnews.com.br\/inv-api\/wp\/v2\/media\/392593"}],"wp:attachment":[{"href":"https:\/\/investnews.com.br\/inv-api\/wp\/v2\/media?parent=419747"}],"wp:term":[{"taxonomy":"category","embeddable":true,"href":"https:\/\/investnews.com.br\/inv-api\/wp\/v2\/categories?post=419747"},{"taxonomy":"post_tag","embeddable":true,"href":"https:\/\/investnews.com.br\/inv-api\/wp\/v2\/tags?post=419747"},{"taxonomy":"autor-wsj","embeddable":true,"href":"https:\/\/investnews.com.br\/inv-api\/wp\/v2\/autor-wsj?post=419747"},{"taxonomy":"author","embeddable":true,"href":"https:\/\/investnews.com.br\/inv-api\/wp\/v2\/coauthors?post=419747"}],"curies":[{"name":"wp","href":"https:\/\/api.w.org\/{rel}","templated":true}]}}