{"id":419834,"date":"2023-01-16T10:13:36","date_gmt":"2023-01-16T13:13:36","guid":{"rendered":"https:\/\/investnews.com.br\/?p=419834"},"modified":"2023-01-17T16:55:06","modified_gmt":"2023-01-17T19:55:06","slug":"davos-2023-recessao-global-deve-ocorrer-em-2023-aponta-pesquisa","status":"publish","type":"post","link":"https:\/\/investnews.com.br\/economia\/davos-2023-recessao-global-deve-ocorrer-em-2023-aponta-pesquisa\/","title":{"rendered":"Davos 2023: recess\u00e3o global deve ocorrer em 2023, aponta pesquisa"},"content":{"rendered":"\n<p>Dois ter\u00e7os de economistas-chefe dos setores p\u00fablico e privado entrevistados pelo F\u00f3rum Econ\u00f4mico Mundial esperam uma recess\u00e3o global em 2023, disse a organiza\u00e7\u00e3o de Davos nesta segunda-feira (16), enquanto l\u00edderes empresariais e governamentais se re\u00fanem para mais uma edi\u00e7\u00e3o da reuni\u00e3o anual.<\/p>\n\n\n\n<p><strong>Cerca de 18% consideram uma recess\u00e3o mundial &#8220;extremamente prov\u00e1vel&#8221;<\/strong>, mais do que o dobro da pesquisa anterior realizada em setembro de 2022. Apenas um ter\u00e7o dos entrevistados a considera improv\u00e1vel este ano.<\/p>\n\n\n\n<p>\u201cA atual<strong> infla\u00e7\u00e3o alta, baixo crescimento, d\u00edvida elevada <\/strong>e ambiente de alta fragmenta\u00e7\u00e3o reduzem os incentivos para os investimentos necess\u00e1rios para voltar ao crescimento e elevar os padr\u00f5es de vida dos mais vulner\u00e1veis do mundo\u201d, disse Saadia Zahidi, diretora executiva do F\u00f3rum Econ\u00f4mico Mundial, em comunicado que acompanha os resultados da pesquisa.&nbsp;<\/p>\n\n\n\n<p>A pesquisa da organiza\u00e7\u00e3o foi baseada em <strong>22 respostas de um grupo de economistas <\/strong>s\u00eaniores de ag\u00eancias internacionais, incluindo o Fundo Monet\u00e1rio Internacional, bancos de investimento, empresas multinacionais e grupos de resseguros.<\/p>\n\n\n\n<p>A pesquisa foi divulgada depois que o Banco Mundial reduziu na semana passada suas previs\u00f5es de crescimento para 2023 a n\u00edveis pr\u00f3ximos de recess\u00e3o em muitos pa\u00edses, \u00e0 medida que o impacto dos aumentos das taxas de juros se intensifica, a guerra da R\u00fassia na Ucr\u00e2nia continua e os principais motores econ\u00f4micos do mundo falham.<\/p>\n\n\n\n<p>Sobre a infla\u00e7\u00e3o, a pesquisa do f\u00f3rum observou grandes varia\u00e7\u00f5es regionais: a propor\u00e7\u00e3o dos que esperam infla\u00e7\u00e3o alta em 2023 variou de apenas 5% para a China a 57% para a Europa, onde o impacto do aumento dos pre\u00e7os de energia no ano passado se espalhou para a economia em geral.<\/p>\n\n\n\n<p>A maioria dos economistas v\u00ea mais <strong>aperto na pol\u00edtica monet\u00e1ria na Europa e nos Estados <\/strong>Unidos (59% e 55%, respectivamente), com autoridades presas entre os riscos de apertar demais ou de menos.<\/p>\n","protected":false},"excerpt":{"rendered":"<p>Cerca de 18% consideram uma recess\u00e3o mundial &#8220;extremamente prov\u00e1vel&#8221;, mais do que o dobro da pesquisa anterior realizada em setembro de 2022.<\/p>\n","protected":false},"author":61,"featured_media":420826,"comment_status":"closed","ping_status":"open","sticky":false,"template":"","format":"standard","meta":{"_acf_changed":false,"inline_featured_image":false,"footnotes":""},"categories":[5],"tags":[499],"autor-wsj":[],"coauthors":[2494],"class_list":["post-419834","post","type-post","status-publish","format-standard","has-post-thumbnail","hentry","category-economia","tag-economia"],"acf":[],"amp_enabled":true,"_links":{"self":[{"href":"https:\/\/investnews.com.br\/inv-api\/wp\/v2\/posts\/419834","targetHints":{"allow":["GET"]}}],"collection":[{"href":"https:\/\/investnews.com.br\/inv-api\/wp\/v2\/posts"}],"about":[{"href":"https:\/\/investnews.com.br\/inv-api\/wp\/v2\/types\/post"}],"author":[{"embeddable":true,"href":"https:\/\/investnews.com.br\/inv-api\/wp\/v2\/users\/61"}],"replies":[{"embeddable":true,"href":"https:\/\/investnews.com.br\/inv-api\/wp\/v2\/comments?post=419834"}],"version-history":[{"count":7,"href":"https:\/\/investnews.com.br\/inv-api\/wp\/v2\/posts\/419834\/revisions"}],"predecessor-version":[{"id":420827,"href":"https:\/\/investnews.com.br\/inv-api\/wp\/v2\/posts\/419834\/revisions\/420827"}],"wp:featuredmedia":[{"embeddable":true,"href":"https:\/\/investnews.com.br\/inv-api\/wp\/v2\/media\/420826"}],"wp:attachment":[{"href":"https:\/\/investnews.com.br\/inv-api\/wp\/v2\/media?parent=419834"}],"wp:term":[{"taxonomy":"category","embeddable":true,"href":"https:\/\/investnews.com.br\/inv-api\/wp\/v2\/categories?post=419834"},{"taxonomy":"post_tag","embeddable":true,"href":"https:\/\/investnews.com.br\/inv-api\/wp\/v2\/tags?post=419834"},{"taxonomy":"autor-wsj","embeddable":true,"href":"https:\/\/investnews.com.br\/inv-api\/wp\/v2\/autor-wsj?post=419834"},{"taxonomy":"author","embeddable":true,"href":"https:\/\/investnews.com.br\/inv-api\/wp\/v2\/coauthors?post=419834"}],"curies":[{"name":"wp","href":"https:\/\/api.w.org\/{rel}","templated":true}]}}