{"id":419901,"date":"2023-01-16T11:21:16","date_gmt":"2023-01-16T14:21:16","guid":{"rendered":"https:\/\/investnews.com.br\/?p=419901"},"modified":"2023-01-17T18:14:48","modified_gmt":"2023-01-17T21:14:48","slug":"embraer-confirma-pedido-de-15-aeronaves-avaliado-em-us-117-bi-acao-avanca","status":"publish","type":"post","link":"https:\/\/investnews.com.br\/negocios\/embraer-confirma-pedido-de-15-aeronaves-avaliado-em-us-117-bi-acao-avanca\/","title":{"rendered":"Embraer confirma pedido de 15 aeronaves avaliado em US$ 1,17 bi; a\u00e7\u00e3o avan\u00e7a"},"content":{"rendered":"\n<p>A fabricantes de jatos comerciais <strong>Embraer<\/strong> (<a href=\"https:\/\/investnews.com.br\/cotacao\/embr3-embraer\/\">EMBR3<\/a>) confirmou nesta segunda-feira (16) um pedido firme para fornecer 15 novas aeronaves E195-E2, a um cliente n\u00e3o revelado.<\/p>\n\n\n\n<p>Em comunicado ao mercado, a empresa informou que o pedido est\u00e1 avaliado em US$ 1,17 bilh\u00e3o a pre\u00e7o de lista e que o pedido ser\u00e1 adicionado \u00e0 carteira do quarto trimestre de 2022.<\/p>\n\n\n\n<p>Por volta das 15h18 desta segunda-feira, a a\u00e7\u00e3o da Embraer subia 3,87%, negociada a R$ 16,36. <\/p>\n\n\n\n<h2 class=\"wp-block-heading\">Desempenho da a\u00e7\u00e3o da Embraer<\/h2>\n\n\n\n<p>No acumulado de 2023, o papel da companhia acumula valoriza\u00e7\u00e3o de mais de 13% e, em 12 meses, uma perda de mais de 26%.<\/p>\n\n\n\n<p>J\u00e1 a a\u00e7\u00e3o da <strong>Boeing<\/strong>, concorrente da Embraer, tem ganho de mais de 8% no acumulado deste ano e perda de mais de 12% nos \u00faltimos 12 meses.<\/p>\n\n\n\n<h2 class=\"wp-block-heading\">Resultado da Embraer<\/h2>\n\n\n\n<figure class=\"wp-block-image size-full\"><img decoding=\"async\" src=\"https:\/\/media.investnews.com.br\/uploads\/2020\/01\/Sede-da-embraer.jpg\" alt=\"eve Embraer\" class=\"wp-image-2000\"\/><\/figure>\n\n\n\n<p>No terceiro trimestre de 2022, a Embraer <a href=\"https:\/\/investnews.com.br\/negocios\/embraer-reduz-prejuizo-no-3o-tri-capta-r-22-bi-com-bndes\/\">reduziu seu preju\u00edzo<\/a>, ao mesmo tempo em que aumentou sua perspectiva de fluxo de caixa livre para o ano para refletir n\u00fameros melhores do que o previsto nos primeiros nove meses de 2022.<\/p>\n\n\n\n<p>De julho a setembro do ano passado, a empresa registrou um preju\u00edzo l\u00edquido ajustado de R$ 93,8 milh\u00f5es no per\u00edodo, ante preju\u00edzo de R$ 179,7 milh\u00f5es um ano atr\u00e1s, apesar da <a href=\"https:\/\/investnews.com.br\/guias\/receita-liquida-o-que-e\/\">receita l\u00edquida<\/a> ter ca\u00eddo 3%, para R$ 4,87 bilh\u00f5es.<\/p>\n\n\n\n<h2 class=\"wp-block-heading\">Sobre a Embraer<\/h2>\n\n\n\n<p>Empresa aeroespacial global com sede no Brasil, a Embraer tem neg\u00f3cios em avia\u00e7\u00e3o<br>comercial e executiva, defesa e seguran\u00e7a e avia\u00e7\u00e3o agr\u00edcola. \u00c9 a maior fabricante de jatos comerciais de at\u00e9 150 assentos e a principal exportadora de bens de alto valor agregado do Brasil.<\/p>\n\n\n\n<p>A companhia projeta, desenvolve, fabrica e comercializa aeronaves e sistemas, fornecendo servi\u00e7os e suporte p\u00f3s-venda aos clientes.<\/p>\n\n\n\n<p>Desde sua funda\u00e7\u00e3o, em 1969, a Embraer j\u00e1 entregou mais de 8.000 aeronaves, que transportam mais de 145 milh\u00f5es de passageiros por ano.<\/p>\n\n\n\n<p> A empresa mant\u00e9m unidades industriais, escrit\u00f3rios, centros de servi\u00e7os e distribui\u00e7\u00e3o de pe\u00e7as, entre outras atividades, nas Am\u00e9ricas, \u00c1frica, \u00c1sia e Europa.<\/p>\n","protected":false},"excerpt":{"rendered":"<p>Solicita\u00e7\u00e3o \u00e9 de aeronaves E195-E2; comprador n\u00e3o foi revelado.<\/p>\n","protected":false},"author":36,"featured_media":420871,"comment_status":"closed","ping_status":"open","sticky":false,"template":"","format":"standard","meta":{"_acf_changed":false,"inline_featured_image":false,"footnotes":""},"categories":[6],"tags":[792,66,177],"autor-wsj":[],"coauthors":[2269],"class_list":["post-419901","post","type-post","status-publish","format-standard","has-post-thumbnail","hentry","category-negocios","tag-aviacao","tag-negocios","tag-embraer"],"acf":[],"amp_enabled":true,"_links":{"self":[{"href":"https:\/\/investnews.com.br\/inv-api\/wp\/v2\/posts\/419901","targetHints":{"allow":["GET"]}}],"collection":[{"href":"https:\/\/investnews.com.br\/inv-api\/wp\/v2\/posts"}],"about":[{"href":"https:\/\/investnews.com.br\/inv-api\/wp\/v2\/types\/post"}],"author":[{"embeddable":true,"href":"https:\/\/investnews.com.br\/inv-api\/wp\/v2\/users\/36"}],"replies":[{"embeddable":true,"href":"https:\/\/investnews.com.br\/inv-api\/wp\/v2\/comments?post=419901"}],"version-history":[{"count":69,"href":"https:\/\/investnews.com.br\/inv-api\/wp\/v2\/posts\/419901\/revisions"}],"predecessor-version":[{"id":420873,"href":"https:\/\/investnews.com.br\/inv-api\/wp\/v2\/posts\/419901\/revisions\/420873"}],"wp:featuredmedia":[{"embeddable":true,"href":"https:\/\/investnews.com.br\/inv-api\/wp\/v2\/media\/420871"}],"wp:attachment":[{"href":"https:\/\/investnews.com.br\/inv-api\/wp\/v2\/media?parent=419901"}],"wp:term":[{"taxonomy":"category","embeddable":true,"href":"https:\/\/investnews.com.br\/inv-api\/wp\/v2\/categories?post=419901"},{"taxonomy":"post_tag","embeddable":true,"href":"https:\/\/investnews.com.br\/inv-api\/wp\/v2\/tags?post=419901"},{"taxonomy":"autor-wsj","embeddable":true,"href":"https:\/\/investnews.com.br\/inv-api\/wp\/v2\/autor-wsj?post=419901"},{"taxonomy":"author","embeddable":true,"href":"https:\/\/investnews.com.br\/inv-api\/wp\/v2\/coauthors?post=419901"}],"curies":[{"name":"wp","href":"https:\/\/api.w.org\/{rel}","templated":true}]}}