{"id":420049,"date":"2023-01-16T13:00:36","date_gmt":"2023-01-16T16:00:36","guid":{"rendered":"https:\/\/investnews.com.br\/?p=420049"},"modified":"2023-01-17T18:07:54","modified_gmt":"2023-01-17T21:07:54","slug":"alckmin-nega-que-lula-revogara-reformas-trabalhista-e-previdenciaria","status":"publish","type":"post","link":"https:\/\/investnews.com.br\/economia\/alckmin-nega-que-lula-revogara-reformas-trabalhista-e-previdenciaria\/","title":{"rendered":"Alckmin nega que Lula revogar\u00e1 reformas trabalhista e previdenci\u00e1ria"},"content":{"rendered":"\n<p>O vice-presidente e ministro da Ind\u00fastria e Com\u00e9rcio,<strong> Geraldo Alckmin<\/strong>, disse nesta segunda-feira (16) que o presidente <strong>Luiz In\u00e1cio Lula da Silva<\/strong> <a href=\"https:\/\/investnews.com.br\/economia\/apos-lupi-falar-em-antirreforma-da-previdencia-rui-costa-nega-revisoes\/\">n\u00e3o revogar\u00e1 as reformas trabalhista e previdenci\u00e1ria<\/a> j\u00e1 aprovadas no Congresso Nacional e defendeu que o caminho agora \u00e9 realizar uma <strong>reforma tribut\u00e1ria<\/strong>.<\/p>\n\n\n\n<p>&#8220;Foi feita a reforma trabalhista, o presidente Lula tem colocado, n\u00e3o vai revogar nem trabalhista nem previdenci\u00e1ria, o que voc\u00ea pode \u00e9 aprimorar, at\u00e9 porque o mundo \u00e9 r\u00e1pido, \u00e9 din\u00e2mico&#8221;, disse Alckmin durante uma reuni\u00e3o com a diretoria da Federa\u00e7\u00e3o das Ind\u00fastrias do Estado de S\u00e3o Paulo (<strong>Fiesp<\/strong>) na sede da entidade na capital paulista.<\/p>\n\n\n\n<p>&#8220;O caminho \u00e9 avan\u00e7armos na terceira reforma &#8211; feita a trabalhista e a previdenci\u00e1ria -, \u00e9 a reforma tribut\u00e1ria. E a\u00ed o papel da sociedade civil organizada ser\u00e1 fundamental para a gente poder caminhar&#8221;, acrescentou.<\/p>\n\n\n\n<p>Em sua fala inicial na reuni\u00e3o da entidade, Alckmin tamb\u00e9m destacou oportunidades de investimento em infraestrutura para melhorar a log\u00edstica, assim como na \u00e1rea que chamou de &#8220;economia verde&#8221;.<\/p>\n\n\n\n<figure class=\"wp-block-image size-large\"><img loading=\"lazy\" decoding=\"async\" width=\"1024\" height=\"683\" src=\"https:\/\/media.investnews.com.br\/uploads\/2023\/01\/2023-01-16T152250Z_1_LYNXMPEJ0F0EX_RTROPTP_4_BRAZIL-POLITICS-1024x683.jpg\" alt=\"\" class=\"wp-image-420056\" srcset=\"https:\/\/media.investnews.com.br\/uploads\/2023\/01\/2023-01-16T152250Z_1_LYNXMPEJ0F0EX_RTROPTP_4_BRAZIL-POLITICS-1024x683.jpg 1024w, https:\/\/media.investnews.com.br\/uploads\/2023\/01\/2023-01-16T152250Z_1_LYNXMPEJ0F0EX_RTROPTP_4_BRAZIL-POLITICS-300x200.jpg 300w, https:\/\/media.investnews.com.br\/uploads\/2023\/01\/2023-01-16T152250Z_1_LYNXMPEJ0F0EX_RTROPTP_4_BRAZIL-POLITICS-768x512.jpg 768w, https:\/\/media.investnews.com.br\/uploads\/2023\/01\/2023-01-16T152250Z_1_LYNXMPEJ0F0EX_RTROPTP_4_BRAZIL-POLITICS-1536x1025.jpg 1536w, https:\/\/media.investnews.com.br\/uploads\/2023\/01\/2023-01-16T152250Z_1_LYNXMPEJ0F0EX_RTROPTP_4_BRAZIL-POLITICS-1256x838.jpg 1256w, https:\/\/media.investnews.com.br\/uploads\/2023\/01\/2023-01-16T152250Z_1_LYNXMPEJ0F0EX_RTROPTP_4_BRAZIL-POLITICS-172x115.jpg 172w, https:\/\/media.investnews.com.br\/uploads\/2023\/01\/2023-01-16T152250Z_1_LYNXMPEJ0F0EX_RTROPTP_4_BRAZIL-POLITICS-150x100.jpg 150w, https:\/\/media.investnews.com.br\/uploads\/2023\/01\/2023-01-16T152250Z_1_LYNXMPEJ0F0EX_RTROPTP_4_BRAZIL-POLITICS.jpg 2048w\" sizes=\"auto, (max-width: 1024px) 100vw, 1024px\" \/><figcaption class=\"wp-element-caption\">Vice-presidente e ministro da Ind\u00fastria e Com\u00e9rcio, Geraldo Alckmin, discursa em cerim\u00f4nia de sua posse como ministro, em Bras\u00edlia\n04\/01\/2023\nREUTERS\/Adriano Machado<\/figcaption><\/figure>\n","protected":false},"excerpt":{"rendered":"<p>Ministro tamb\u00e9m voltou a defender a aprova\u00e7\u00e3o de uma reforma tribut\u00e1ria.<\/p>\n","protected":false},"author":61,"featured_media":420865,"comment_status":"closed","ping_status":"open","sticky":false,"template":"","format":"standard","meta":{"_acf_changed":false,"inline_featured_image":false,"footnotes":""},"categories":[5],"tags":[2370,432],"autor-wsj":[],"coauthors":[2494],"class_list":["post-420049","post","type-post","status-publish","format-standard","has-post-thumbnail","hentry","category-economia","tag-luiz-inacio-lula-da-silva","tag-reforma-tributaria"],"acf":[],"amp_enabled":true,"_links":{"self":[{"href":"https:\/\/investnews.com.br\/inv-api\/wp\/v2\/posts\/420049","targetHints":{"allow":["GET"]}}],"collection":[{"href":"https:\/\/investnews.com.br\/inv-api\/wp\/v2\/posts"}],"about":[{"href":"https:\/\/investnews.com.br\/inv-api\/wp\/v2\/types\/post"}],"author":[{"embeddable":true,"href":"https:\/\/investnews.com.br\/inv-api\/wp\/v2\/users\/61"}],"replies":[{"embeddable":true,"href":"https:\/\/investnews.com.br\/inv-api\/wp\/v2\/comments?post=420049"}],"version-history":[{"count":8,"href":"https:\/\/investnews.com.br\/inv-api\/wp\/v2\/posts\/420049\/revisions"}],"predecessor-version":[{"id":420866,"href":"https:\/\/investnews.com.br\/inv-api\/wp\/v2\/posts\/420049\/revisions\/420866"}],"wp:featuredmedia":[{"embeddable":true,"href":"https:\/\/investnews.com.br\/inv-api\/wp\/v2\/media\/420865"}],"wp:attachment":[{"href":"https:\/\/investnews.com.br\/inv-api\/wp\/v2\/media?parent=420049"}],"wp:term":[{"taxonomy":"category","embeddable":true,"href":"https:\/\/investnews.com.br\/inv-api\/wp\/v2\/categories?post=420049"},{"taxonomy":"post_tag","embeddable":true,"href":"https:\/\/investnews.com.br\/inv-api\/wp\/v2\/tags?post=420049"},{"taxonomy":"autor-wsj","embeddable":true,"href":"https:\/\/investnews.com.br\/inv-api\/wp\/v2\/autor-wsj?post=420049"},{"taxonomy":"author","embeddable":true,"href":"https:\/\/investnews.com.br\/inv-api\/wp\/v2\/coauthors?post=420049"}],"curies":[{"name":"wp","href":"https:\/\/api.w.org\/{rel}","templated":true}]}}