{"id":420066,"date":"2023-01-16T13:15:26","date_gmt":"2023-01-16T16:15:26","guid":{"rendered":"https:\/\/investnews.com.br\/?p=420066"},"modified":"2023-01-17T17:56:00","modified_gmt":"2023-01-17T20:56:00","slug":"haddad-diz-em-davos-que-passara-mensagem-de-compromisso-fiscal","status":"publish","type":"post","link":"https:\/\/investnews.com.br\/economia\/haddad-diz-em-davos-que-passara-mensagem-de-compromisso-fiscal\/","title":{"rendered":"Haddad diz em Davos que passar\u00e1 mensagem de compromisso fiscal"},"content":{"rendered":"\n<p>Em sua primeira viagem internacional depois de tomar posse como Ministro da Fazenda, <strong>Fernando Haddad<\/strong> chegou nesta segunda-feira (16) a <a href=\"https:\/\/investnews.com.br\/economia\/davos-2023-recessao-global-deve-ocorrer-em-2023-aponta-pesquisa\/\">Davos<\/a>, na Su\u00ed\u00e7a, dizendo que sua participa\u00e7\u00e3o no F\u00f3rum Econ\u00f4mico Mundial ser\u00e1 focada em transmitir mensagens de compromisso fiscal, sustentabilidade e defesa da democracia.<\/p>\n\n\n\n<p>Em entrevista a jornalistas, o ministro afirmou que defender\u00e1 a pauta do novo governo, que prev\u00ea \u201cretomada do crescimento com sustentabilidade fiscal e ambiental e justi\u00e7a social\u201d.<\/p>\n\n\n\n<p>Ap\u00f3s <a href=\"https:\/\/investnews.com.br\/colunistas\/coluna-do-samy-dana\/por-que-atos-antidemocraticos-nao-sao-bons-para-a-economia\/\">atos de teor golpista em Bras\u00edlia <\/a>na \u00faltima semana, ele tamb\u00e9m afirmou que pretende dar o recado pol\u00edtico de que o Brasil refor\u00e7a o compromisso de combate a todo tipo de extremismo.<\/p>\n\n\n\n<p>Haddad, que participar\u00e1 do evento em dobradinha com a ministra do Meio Ambiente, <strong>Marina Silva<\/strong>, disse que o Brasil precisa apostar na reindustrializa\u00e7\u00e3o com base na sustentabilidade.<\/p>\n\n\n\n<h2 class=\"wp-block-heading\">IPI reduzido<\/h2>\n\n\n\n<figure class=\"wp-block-image size-large\"><img decoding=\"async\" src=\"https:\/\/media.investnews.com.br\/uploads\/2023\/01\/2023-01-16T152452Z_1_LYNXMPEJ0F0EZ_RTROPTP_4_BRAZIL-ECONOMY-1024x683.jpg\" alt=\"\" class=\"wp-image-420067\"\/><figcaption class=\"wp-element-caption\">Ministro da Economia, Fernando Haddad, fala em entrevista coletiva \u00e0 imprensa\n12\/01\/2023\nREUTERS\/Adriano Machado<\/figcaption><\/figure>\n\n\n\n<p>Haddad disse que o governo decidiu manter reduzidas as al\u00edquotas do IPI para sinalizar \u00e0 ind\u00fastria que <strong>pretende avan\u00e7ar com a reforma tribut\u00e1ria<\/strong>, ressaltando que o objetivo \u00e9 aprovar a mudan\u00e7a no sistema de tributos sobre consumo ainda neste semestre.<\/p>\n\n\n\n<p>O ministro afirmou a jornalistas que a ind\u00fastria responde hoje por 10% da produ\u00e7\u00e3o no pa\u00eds, mas paga cerca de um ter\u00e7o dos tributos arrecadados pelo governo, o que seria um desequil\u00edbrio.<\/p>\n\n\n\n<p>O ministro afirmou que o Congresso tem em tramita\u00e7\u00e3o duas propostas de reforma tribut\u00e1ria sobre consumo e que caminho \u00e9 chegar a um texto de consenso.<\/p>\n\n\n\n<p>Ao elaborar o pacote de medidas para melhorar o resultado das contas p\u00fablicas neste ano, Haddad chegou a estudar o aumento das al\u00edquotas do IPI, revertendo o corte de 35% feito pela gest\u00e3o do ex-ministro da Economia Paulo Guedes.<\/p>\n\n\n\n<p>O retorno do imposto geraria um <strong>incremento de R$ 9 bilh\u00f5es nas contas de 2023<\/strong>, mas a proposta acabou descartada e n\u00e3o entrou no conjunto de a\u00e7\u00f5es anunciado na semana passada.<\/p>\n\n\n\n<p>O vice-presidente e ministro da Ind\u00fastria, Com\u00e9rcio Exterior e Servi\u00e7os, <a href=\"https:\/\/investnews.com.br\/economia\/alckmin-nega-que-lula-revogara-reformas-trabalhista-e-previdenciaria\/\">Geraldo Alckmin, disse mais cedo nesta segunda-feira a uma plateia de empres\u00e1rios da ind\u00fastria <\/a>que <strong>a inten\u00e7\u00e3o do governo \u00e9 extinguir o IPI.<\/strong><\/p>\n\n\n\n<p>Segundo Haddad, o governo tamb\u00e9m buscar\u00e1 a aprova\u00e7\u00e3o no primeiro semestre deste ano de um novo arcabou\u00e7o fiscal que seja cr\u00edvel.<\/p>\n\n\n\n<p>&#8220;Se a gente tiver essa agenda de parceria p\u00fablico-privada, reforma do cr\u00e9dito, reforma tribut\u00e1ria e novo arcabou\u00e7o fiscal, o Brasil n\u00e3o tem por que n\u00e3o decolar&#8221;, disse.<\/p>\n\n\n\n<p>De acordo com o ministro, o governo Jair Bolsonaro apostou na reforma errada ao defender a <a href=\"https:\/\/investnews.com.br\/economia\/nao-foi-dessa-vez-entenda-por-que-o-governo-engavetou-a-nova-cpmf\/\">cria\u00e7\u00e3o de um imposto sobre transa\u00e7\u00f5es, aos moldes da extinta CPMF<\/a>, que &#8220;estava morta e sepultada&#8221;.<\/p>\n\n\n\n<p>Haddad ressaltou que proposta de reforma tribut\u00e1ria em avalia\u00e7\u00e3o no Congresso teve participa\u00e7\u00e3o de seu atual secret\u00e1rio especial Bernardo Appy. &#8220;Ela n\u00e3o \u00e9 a bala de prata, mas \u00e9 muito importante&#8221;, destacou.<\/p>\n\n\n\n<p>Sem mencionar diretamente o <strong><a href=\"https:\/\/investnews.com.br\/guias\/imposto-de-renda-o-que-e\/\">Imposto de Renda<\/a><\/strong>, ele afirmou que a reforma &#8220;seguinte&#8221; n\u00e3o ser\u00e1 neutra, tentando corrigir a regressividade do sistema ao cobrar mais dos mais ricos e menos das fam\u00edlias mais pobres.<\/p>\n\n\n\n<p>Ap\u00f3s se encontrar com o presidente do Banco Interamericano de Desenvolvimento (BID), o brasileiro <strong>Ilan Goldfajn<\/strong>, Haddad afirmou que o Brasil tem demanda para<strong> investimentos em energia limpa<\/strong> e que a institui\u00e7\u00e3o teria se colocado \u00e0 disposi\u00e7\u00e3o para financiar projetos desse tipo, seja no setor p\u00fablico ou privado.<\/p>\n\n\n\n<p>Ele afirmou ainda que os empres\u00e1rios estrangeiros querem saber se as <strong>contas p\u00fablicas<\/strong> do Brasil v\u00e3o fechar no azul e se haver\u00e1 compromisso com o meio ambiente, al\u00e9m de se preocuparem com a quest\u00e3o democr\u00e1tica.<\/p>\n\n\n\n<p>Ele ressaltou que os Estados Unidos querem fortalecer a rela\u00e7\u00e3o com o Brasil, colocando a democracia como fator central.<\/p>\n","protected":false},"excerpt":{"rendered":"<p>Ministro tamb\u00e9m afirmou que ir\u00e1 defender sustentabilidade e democracia no f\u00f3rum mundial.<\/p>\n","protected":false},"author":61,"featured_media":420862,"comment_status":"closed","ping_status":"open","sticky":false,"template":"","format":"standard","meta":{"_acf_changed":false,"inline_featured_image":false,"footnotes":""},"categories":[5],"tags":[1019,101620],"autor-wsj":[],"coauthors":[2494],"class_list":["post-420066","post","type-post","status-publish","format-standard","has-post-thumbnail","hentry","category-economia","tag-ajuste-fiscal","tag-fernando-haddad"],"acf":[],"amp_enabled":true,"_links":{"self":[{"href":"https:\/\/investnews.com.br\/inv-api\/wp\/v2\/posts\/420066","targetHints":{"allow":["GET"]}}],"collection":[{"href":"https:\/\/investnews.com.br\/inv-api\/wp\/v2\/posts"}],"about":[{"href":"https:\/\/investnews.com.br\/inv-api\/wp\/v2\/types\/post"}],"author":[{"embeddable":true,"href":"https:\/\/investnews.com.br\/inv-api\/wp\/v2\/users\/61"}],"replies":[{"embeddable":true,"href":"https:\/\/investnews.com.br\/inv-api\/wp\/v2\/comments?post=420066"}],"version-history":[{"count":8,"href":"https:\/\/investnews.com.br\/inv-api\/wp\/v2\/posts\/420066\/revisions"}],"predecessor-version":[{"id":420864,"href":"https:\/\/investnews.com.br\/inv-api\/wp\/v2\/posts\/420066\/revisions\/420864"}],"wp:featuredmedia":[{"embeddable":true,"href":"https:\/\/investnews.com.br\/inv-api\/wp\/v2\/media\/420862"}],"wp:attachment":[{"href":"https:\/\/investnews.com.br\/inv-api\/wp\/v2\/media?parent=420066"}],"wp:term":[{"taxonomy":"category","embeddable":true,"href":"https:\/\/investnews.com.br\/inv-api\/wp\/v2\/categories?post=420066"},{"taxonomy":"post_tag","embeddable":true,"href":"https:\/\/investnews.com.br\/inv-api\/wp\/v2\/tags?post=420066"},{"taxonomy":"autor-wsj","embeddable":true,"href":"https:\/\/investnews.com.br\/inv-api\/wp\/v2\/autor-wsj?post=420066"},{"taxonomy":"author","embeddable":true,"href":"https:\/\/investnews.com.br\/inv-api\/wp\/v2\/coauthors?post=420066"}],"curies":[{"name":"wp","href":"https:\/\/api.w.org\/{rel}","templated":true}]}}