{"id":421805,"date":"2023-01-18T20:10:47","date_gmt":"2023-01-18T23:10:47","guid":{"rendered":"https:\/\/investnews.com.br\/?p=421805"},"modified":"2023-01-18T20:13:58","modified_gmt":"2023-01-18T23:13:58","slug":"banco-do-brasil-anuncia-indicacao-de-novos-tres-vice-presidentes","status":"publish","type":"post","link":"https:\/\/investnews.com.br\/negocios\/banco-do-brasil-anuncia-indicacao-de-novos-tres-vice-presidentes\/","title":{"rendered":"Banco do Brasil anuncia indica\u00e7\u00e3o de novos tr\u00eas vice-presidentes"},"content":{"rendered":"\n<p>O Banco do Brasil <a href=\"https:\/\/investnews.com.br\/cotacao\/bbas3-banco-do-brasil\/\">(BBSA3)<\/a> informou na noite desta quarta-feira (18) a indica\u00e7\u00e3o de novos nomes para os cargos de vice-presidente da companhia &#8211; todos s\u00e3o funcion\u00e1rios de carreira da institui\u00e7\u00e3o financeira. <\/p>\n\n\n\n<p>O banco informou que a executiva Carla Nesi foi indicada para ocupar o cargo de vice-presidente de neg\u00f3cios de varejo; Felipe Guimar\u00e3es Geissler Prince para a vice-presid\u00eancia de controles internos e gest\u00e3o de riscos e Marisa Reghini Ferreira Mattos para ocupar o cargo de vice-presidente de neg\u00f3cios digitais e tecnologia. <\/p>\n\n\n\n<p>Segundo o BB, as indica\u00e7\u00f5es est\u00e3o em processo de aprova\u00e7\u00e3o nas inst\u00e2ncias competentes de governan\u00e7a e elei\u00e7\u00e3o pelo conselho de administra\u00e7\u00e3o.<\/p>\n\n\n\n<p>Os vice-presidentes que atualmente ocupam as posi\u00e7\u00f5es continuam exercendo as fun\u00e7\u00f5es regularmente at\u00e9 a aprova\u00e7\u00e3o dos indicados.<\/p>\n\n\n\n<h2 class=\"wp-block-heading\">Neg\u00f3cios de varejo<\/h2>\n\n\n\n<p>Carla Nesi foi funcion\u00e1ria de carreira do Banco do Brasil por 30 anos, tendo ingressado na empresa em 1992. \u00c9 graduada em Ci\u00eancias Econ\u00f4micas pela Funda\u00e7\u00e3o Armando \u00c1lvares<br>Penteado (FAAP) e possui MBA em Marketing pela Pontif\u00edcia Universidade Cat\u00f3lica (PUC) do<br>Rio de Janeiro. <\/p>\n\n\n\n<p>No BB respondeu pela estrat\u00e9gia de clientes varejo da companhia, contemplando CRM, segmenta\u00e7\u00e3o e modelos de relacionamento para os segmentos Pessoa F\u00edsica e Micro e Pequenas Empresas, al\u00e9m do desenvolvimento, implementa\u00e7\u00e3o e gerenciamento de produtos, parcerias no segmento de fidelidade e estrat\u00e9gias comerciais junto a esse mercado. <\/p>\n\n\n\n<p>Atuou como gestora de canais f\u00edsicos, rede pr\u00f3pria e parceiras, e digitais. Em 2017 foi nomeada Diretora de Clientes Pessoa F\u00edsica, com posterior cria\u00e7\u00e3o da unidade de MPE vinculada, atuando nesta \u00e1rea at\u00e9 sua aposentadoria em 2022. Tamb\u00e9m atua h\u00e1 5 anos como membro de conselho de administra\u00e7\u00e3o de empresas ligadas do BB, no segmento de meios de pagamento \u2013 Elo Servi\u00e7os, fidelidade \u2013 Livelo e cons\u00f3rcios &#8211; BB Cons\u00f3rcios.<\/p>\n\n\n\n<h2 class=\"wp-block-heading\">Controle interno<\/h2>\n\n\n\n<p>Felipe Guimar\u00e3es Geissler Prince \u00e9 funcion\u00e1rio de carreira do Banco do Brasil h\u00e1 22 anos. \u00c9 graduado em Direito pela Faculdade de Direito de Varginha (FADIVA), possui especializa\u00e7\u00e3o em finan\u00e7as pela Universidade de Bras\u00edlia (UnB) e MBA em Gest\u00e3o do Cr\u00e9dito pela Funda\u00e7\u00e3o Get\u00falio Vargas (FGV). <\/p>\n\n\n\n<p>Desde 2020 \u00e9 Diretor de Cr\u00e9dito, \u00e1rea na qual exerceu diversas fun\u00e7\u00f5es desde 2008, dentre as quais foi respons\u00e1vel pelas carteiras de cr\u00e9dito Corporate e Large Corporate. Tamb\u00e9m atuou na Superintend\u00eancia de Minas Gerais, na Diretoria de Agroneg\u00f3cios e na Diretoria Internacional. No Banco Votorantim foi membro do Comit\u00ea de Finan\u00e7as de 2017 a 2018 e do Comit\u00ea Consultivo de 2018 a 2019.<\/p>\n\n\n\n<h2 class=\"wp-block-heading\">Neg\u00f3cios digitais e tecnologia<\/h2>\n\n\n\n<p>Marisa Reghini Ferreira Mattos \u00e9 funcion\u00e1ria de carreira do Banco do Brasil h\u00e1 23 anos. \u00c9 graduada em Sistemas de Informa\u00e7\u00e3o pela Universidade Estadual Paulista (UNESP), possui MBA em Engenharia de Software e Governan\u00e7a de TI e p\u00f3s gradua\u00e7\u00e3o em Gest\u00e3o Empresarial.<\/p>\n\n\n\n<p>Possui forma\u00e7\u00e3o de Executivos pelo Insper e forma\u00e7\u00e3o para Conselheiros de Administra\u00e7\u00e3o e Governan\u00e7a Corporativa pelo IBGC. Desde 2021 \u00e9 Gerente Geral da Diretoria de Tecnologia na \u00e1rea de Constru\u00e7\u00e3o de Aplicativos, Diretoria na qual exerceu previamente diversas posi\u00e7\u00f5es. \u00c9 tamb\u00e9m Conselheira Fiscal da Cassi.<br><\/p>\n","protected":false},"excerpt":{"rendered":"<p>Indicados s\u00e3o para as \u00e1reas de neg\u00f3cios e varejo, controle interno e neg\u00f3cios digitais. <\/p>\n","protected":false},"author":53,"featured_media":386468,"comment_status":"closed","ping_status":"open","sticky":false,"template":"","format":"standard","meta":{"_acf_changed":false,"inline_featured_image":false,"footnotes":""},"categories":[6],"tags":[57],"autor-wsj":[],"coauthors":[2433],"class_list":["post-421805","post","type-post","status-publish","format-standard","has-post-thumbnail","hentry","category-negocios","tag-banco-do-brasil"],"acf":[],"amp_enabled":true,"_links":{"self":[{"href":"https:\/\/investnews.com.br\/inv-api\/wp\/v2\/posts\/421805","targetHints":{"allow":["GET"]}}],"collection":[{"href":"https:\/\/investnews.com.br\/inv-api\/wp\/v2\/posts"}],"about":[{"href":"https:\/\/investnews.com.br\/inv-api\/wp\/v2\/types\/post"}],"author":[{"embeddable":true,"href":"https:\/\/investnews.com.br\/inv-api\/wp\/v2\/users\/53"}],"replies":[{"embeddable":true,"href":"https:\/\/investnews.com.br\/inv-api\/wp\/v2\/comments?post=421805"}],"version-history":[{"count":40,"href":"https:\/\/investnews.com.br\/inv-api\/wp\/v2\/posts\/421805\/revisions"}],"predecessor-version":[{"id":421881,"href":"https:\/\/investnews.com.br\/inv-api\/wp\/v2\/posts\/421805\/revisions\/421881"}],"wp:featuredmedia":[{"embeddable":true,"href":"https:\/\/investnews.com.br\/inv-api\/wp\/v2\/media\/386468"}],"wp:attachment":[{"href":"https:\/\/investnews.com.br\/inv-api\/wp\/v2\/media?parent=421805"}],"wp:term":[{"taxonomy":"category","embeddable":true,"href":"https:\/\/investnews.com.br\/inv-api\/wp\/v2\/categories?post=421805"},{"taxonomy":"post_tag","embeddable":true,"href":"https:\/\/investnews.com.br\/inv-api\/wp\/v2\/tags?post=421805"},{"taxonomy":"autor-wsj","embeddable":true,"href":"https:\/\/investnews.com.br\/inv-api\/wp\/v2\/autor-wsj?post=421805"},{"taxonomy":"author","embeddable":true,"href":"https:\/\/investnews.com.br\/inv-api\/wp\/v2\/coauthors?post=421805"}],"curies":[{"name":"wp","href":"https:\/\/api.w.org\/{rel}","templated":true}]}}