{"id":425278,"date":"2023-01-24T19:11:03","date_gmt":"2023-01-24T22:11:03","guid":{"rendered":"https:\/\/investnews.com.br\/?p=425278"},"modified":"2024-06-25T15:25:38","modified_gmt":"2024-06-25T18:25:38","slug":"ficou-sabendo-prates-deve-indicar-nomes-a-petrobras-na-sexta-ativacao-do-5g","status":"publish","type":"post","link":"https:\/\/investnews.com.br\/economia\/ficou-sabendo-prates-deve-indicar-nomes-a-petrobras-na-sexta-ativacao-do-5g\/","title":{"rendered":"Ficou sabendo? Prates deve indicar nomes \u00e0 Petrobras na sexta; ativa\u00e7\u00e3o do 5G"},"content":{"rendered":"\n<h2 class=\"wp-block-heading\">Prates&nbsp;pode indicar ao governo nomes \u00e0 diretoria da Petrobras na sexta, diz Reuters<\/h2>\n\n\n\n<figure class=\"wp-block-image size-large\"><img loading=\"lazy\" decoding=\"async\" width=\"1024\" height=\"683\" src=\"https:\/\/media.investnews.com.br\/uploads\/2023\/01\/2023-01-13T120517Z_1_LYNXMPEJ0C0FQ_RTROPTP_4_PETROBRAS-CEO-FUEL-1024x683.jpg\" alt=\"\" class=\"wp-image-419163\" srcset=\"https:\/\/media.investnews.com.br\/uploads\/2023\/01\/2023-01-13T120517Z_1_LYNXMPEJ0C0FQ_RTROPTP_4_PETROBRAS-CEO-FUEL-1024x683.jpg 1024w, https:\/\/media.investnews.com.br\/uploads\/2023\/01\/2023-01-13T120517Z_1_LYNXMPEJ0C0FQ_RTROPTP_4_PETROBRAS-CEO-FUEL-300x200.jpg 300w, https:\/\/media.investnews.com.br\/uploads\/2023\/01\/2023-01-13T120517Z_1_LYNXMPEJ0C0FQ_RTROPTP_4_PETROBRAS-CEO-FUEL-768x512.jpg 768w, https:\/\/media.investnews.com.br\/uploads\/2023\/01\/2023-01-13T120517Z_1_LYNXMPEJ0C0FQ_RTROPTP_4_PETROBRAS-CEO-FUEL-1536x1025.jpg 1536w, https:\/\/media.investnews.com.br\/uploads\/2023\/01\/2023-01-13T120517Z_1_LYNXMPEJ0C0FQ_RTROPTP_4_PETROBRAS-CEO-FUEL-1256x838.jpg 1256w, https:\/\/media.investnews.com.br\/uploads\/2023\/01\/2023-01-13T120517Z_1_LYNXMPEJ0C0FQ_RTROPTP_4_PETROBRAS-CEO-FUEL-172x115.jpg 172w, https:\/\/media.investnews.com.br\/uploads\/2023\/01\/2023-01-13T120517Z_1_LYNXMPEJ0C0FQ_RTROPTP_4_PETROBRAS-CEO-FUEL-150x100.jpg 150w, https:\/\/media.investnews.com.br\/uploads\/2023\/01\/2023-01-13T120517Z_1_LYNXMPEJ0C0FQ_RTROPTP_4_PETROBRAS-CEO-FUEL.jpg 2048w\" sizes=\"auto, (max-width: 1024px) 100vw, 1024px\" \/><figcaption class=\"wp-element-caption\">Jean Paul Prates, indicado para CEO da Petrobras\n8\/12\/2022\nREUTERS\/Adriano Machado<\/figcaption><\/figure>\n\n\n\n<p>O <a href=\"https:\/\/investnews.com.br\/geral\/lula-anuncia-indicacao-de-jean-paul-prates-para-presidencia-da-petrobras\/\">senador Jean Paul&nbsp;Prates&nbsp;(PT-RN) <\/a>planeja apresentar ao governo federal sua lista de indicados para as diretorias da Petrobras j\u00e1 na sexta-feira, caso seu nome seja aprovado no dia anterior como presidente interino pelo conselho, disseram duas fontes \u00e0 Reuters.<\/p>\n\n\n\n<p>A Petrobras confirmou nesta ter\u00e7a-feira que a indica\u00e7\u00e3o de&nbsp;Prates&nbsp;para o cargo de CEO \u00e9 um dos temas que ser\u00e3o tratados na reuni\u00e3o do colegiado de quinta, mas n\u00e3o deu detalhes.<\/p>\n\n\n\n<p>A expectativa do governo \u00e9 que ele j\u00e1 seja aprovado como presidente interinamente, para depois ser confirmado em definitivo em Assembleia de Acionistas, ainda a ser convocada. Movimento semelhante ocorreu com o seu antecessor, Caio Paes de Andrade.<\/p>\n\n\n\n<h2 class=\"wp-block-heading\"><strong>Mais 78 munic\u00edpios s\u00e3o liberados para ativa\u00e7\u00e3o do 5G, diz Anatel<\/strong><\/h2>\n\n\n\n<p>&nbsp;Mais 78 munic\u00edpios brasileiros, que est\u00e3o pr\u00f3ximos de capitais ou de cidades com mais de 500 mil moradores, poder\u00e3o ter o <strong><a href=\"https:\/\/investnews.com.br\/tag\/5g\/\">5G<\/a><\/strong> ativado em breve. De acordo com decis\u00e3o da Ag\u00eancia Nacional de Telecomunica\u00e7\u00f5es (Anatel), a partir da quarta-feira, 25, as operadoras que arremataram lotes na faixa de 3,5 GHz est\u00e3o autorizadas para solicitar ao \u00f3rg\u00e3o o licenciamento e ativa\u00e7\u00f5es de esta\u00e7\u00f5es do 5G.<\/p>\n\n\n\n<p>Segundo a Anatel, at\u00e9 o momento, 140 munic\u00edpios j\u00e1 foram liberados para utiliza\u00e7\u00e3o desta faixa, por onde funciona o 5G &#8216;puro&#8217;. Diante desse n\u00famero, 38,5% da popula\u00e7\u00e3o j\u00e1 tem potencial para receber a tecnologia.<\/p>\n\n\n\n<p>Os novos munic\u00edpios liberados est\u00e3o em S\u00e3o Paulo, Minas Gerais, Santa Catarina, Par\u00e1, Esp\u00edrito Santo, Rio Grande do Sul, Paran\u00e1, Pernambuco, Rio de Janeiro e Bahia.<\/p>\n\n\n\n<h2 class=\"wp-block-heading\">Microsoft tem receita trimestral quase em linha com previs\u00f5es do mercado<\/h2>\n\n\n\n<p>A Microsoft (<a href=\"https:\/\/investnews.com.br\/cotacao\/msft34-microsoft-corporation\/\" target=\"_blank\" rel=\"noreferrer noopener\">MSFT34<\/a>)&nbsp; reportou nesta ter\u00e7a-feira receitas trimestrais quase em linha com as previs\u00f5es de analistas, pressionada por uma queda no mercado de computadores pessoais que afetou os neg\u00f3cios Windows.<\/p>\n\n\n\n<p>A receita aumentou 2%, para US$ 52,7 bilh\u00f5es, nos trimestre encerrado em dezembro, ante estimativa m\u00e9dia dos analistas de US$ 52,94 bilh\u00f5es, segundo dados da Refinitiv.<\/p>\n\n\n\n<p><em>(*Com informa\u00e7\u00f5es de Reuters e Estad\u00e3o Conte\u00fado)<\/em><\/p>\n\n\n\n<p><\/p>\n","protected":false},"excerpt":{"rendered":"<p>E mais: Microsoft tem receita trimestral quase em linha com previs\u00f5es do mercado.<\/p>\n","protected":false},"author":7,"featured_media":419163,"comment_status":"closed","ping_status":"open","sticky":false,"template":"","format":"standard","meta":{"_acf_changed":false,"inline_featured_image":false,"footnotes":""},"categories":[5],"tags":[1435,328,21],"autor-wsj":[],"coauthors":[1494],"class_list":["post-425278","post","type-post","status-publish","format-standard","has-post-thumbnail","hentry","category-economia","tag-5g","tag-microsoft","tag-petrobras"],"acf":[],"amp_enabled":true,"_links":{"self":[{"href":"https:\/\/investnews.com.br\/inv-api\/wp\/v2\/posts\/425278","targetHints":{"allow":["GET"]}}],"collection":[{"href":"https:\/\/investnews.com.br\/inv-api\/wp\/v2\/posts"}],"about":[{"href":"https:\/\/investnews.com.br\/inv-api\/wp\/v2\/types\/post"}],"author":[{"embeddable":true,"href":"https:\/\/investnews.com.br\/inv-api\/wp\/v2\/users\/7"}],"replies":[{"embeddable":true,"href":"https:\/\/investnews.com.br\/inv-api\/wp\/v2\/comments?post=425278"}],"version-history":[{"count":48,"href":"https:\/\/investnews.com.br\/inv-api\/wp\/v2\/posts\/425278\/revisions"}],"predecessor-version":[{"id":425365,"href":"https:\/\/investnews.com.br\/inv-api\/wp\/v2\/posts\/425278\/revisions\/425365"}],"wp:featuredmedia":[{"embeddable":true,"href":"https:\/\/investnews.com.br\/inv-api\/wp\/v2\/media\/419163"}],"wp:attachment":[{"href":"https:\/\/investnews.com.br\/inv-api\/wp\/v2\/media?parent=425278"}],"wp:term":[{"taxonomy":"category","embeddable":true,"href":"https:\/\/investnews.com.br\/inv-api\/wp\/v2\/categories?post=425278"},{"taxonomy":"post_tag","embeddable":true,"href":"https:\/\/investnews.com.br\/inv-api\/wp\/v2\/tags?post=425278"},{"taxonomy":"autor-wsj","embeddable":true,"href":"https:\/\/investnews.com.br\/inv-api\/wp\/v2\/autor-wsj?post=425278"},{"taxonomy":"author","embeddable":true,"href":"https:\/\/investnews.com.br\/inv-api\/wp\/v2\/coauthors?post=425278"}],"curies":[{"name":"wp","href":"https:\/\/api.w.org\/{rel}","templated":true}]}}