{"id":425532,"date":"2023-01-26T06:00:00","date_gmt":"2023-01-26T09:00:00","guid":{"rendered":"https:\/\/investnews.com.br\/?p=425532"},"modified":"2026-03-26T10:17:49","modified_gmt":"2026-03-26T13:17:49","slug":"brasileiro-sobe-rampa-enquanto-americanas-cai-em-abismo-qual-cenario-para-esg","status":"publish","type":"post","link":"https:\/\/investnews.com.br\/negocios\/brasileiro-sobe-rampa-enquanto-americanas-cai-em-abismo-qual-cenario-para-esg\/","title":{"rendered":"Brasileiro sobe rampa enquanto Americanas cai em abismo: qual cen\u00e1rio para ESG?"},"content":{"rendered":"\n<p>O ano de 2023 j\u00e1 come\u00e7ou confirmando que o Brasil n\u00e3o \u00e9 mesmo para amadores. Em uma semana passamos do cen\u00e1rio harm\u00f4nico e desej\u00e1vel de um novo governo federal que tem representantes da diversidade do povo brasileiro subindo a rampa, na posse do Presidente Lula, em 01 de janeiro, para o cen\u00e1rio de guerra da tentativa de golpe. O plot twist n\u00e3o apaga, entretanto, o in\u00edcio promissor dessa gest\u00e3o &#8211; que coloca as diferen\u00e7as da popula\u00e7\u00e3o &#8211; simb\u00f3lica e concretamente &#8211; no protagonismo da posse.<\/p>\n\n\n\n<p>Al\u00e9m da imagem da rampa, o primeiro escal\u00e3o do governo que se inicia mostrou um avan\u00e7o consider\u00e1vel em rela\u00e7\u00e3o ao anterior, com recria\u00e7\u00e3o e cria\u00e7\u00e3o de minist\u00e9rios em que as pol\u00edticas p\u00fablicas de a\u00e7\u00f5es afirmativas, de equidade de g\u00eanero e ra\u00e7a, a distribui\u00e7\u00e3o de renda, a valoriza\u00e7\u00e3o de quest\u00f5es ambientais e das pessoas s\u00e3o centrais, num realinhamento pr\u00e1tico com a agenda <a href=\"https:\/\/investnews.com.br\/guias\/tudo-sobre-esg\/\">ESG<\/a>. Este movimento hist\u00f3rico traz para a cena nacional minist\u00e9rios como o da Igualdade Racial, das Mulheres, Desenvolvimento Social, Direitos Humanos, Povos Ind\u00edgenas e Meio Ambiente,<\/p>\n\n\n\n<p>Essa mudan\u00e7a converge e encontra lastro nas tend\u00eancias internacionais de mudan\u00e7as, inclusive para o setor privado. A 17\u00aa edi\u00e7\u00e3o do estudo \u201cA Governan\u00e7a Corporativa e o Mercado de Capitais\u201d, um lan\u00e7amento do ACI Institute Brasil, revela que 29% das empresas abertas brasileiras ainda apresentam conselhos sem presen\u00e7a feminina e que as mulheres representam 16% dos cargos em conselhos de companhias abertas. Na edi\u00e7\u00e3o anterior do mesmo estudo, as mulheres nesses cargos eram 14%. O avan\u00e7o \u00e9 pequeno, mas ele existe e a necessidade de que se amplie segue se consolidando.<\/p>\n\n\n\n<p>Em rela\u00e7\u00e3o a conselhos de administra\u00e7\u00e3o, por exemplo, esse mesmo estudo aponta que 71% das empresas abertas t\u00eam ao menos uma mulher no conselho de administra\u00e7\u00e3o, quando eram 63% no ano anterior, com tend\u00eancia de crescimento. Em rela\u00e7\u00e3o \u00e0s pessoas negras, o <a href=\"https:\/\/www.ethos.org.br\/cedoc\/perfil-social-racial-e-de-genero-das-500-maiores-empresas-do-brasil-e-suas-acoes-afirmativas\/#.XNl72o5Kg2x\" target=\"_blank\" rel=\"noopener\">Perfil Social, Racial e de G\u00eanero do Instituto Ethos<\/a> indica que quanto maior o cargo, menor \u00e9 a presen\u00e7a de pessoas negras, que est\u00e3o em menos de 5% dos cargos executivos e dos conselhos de administra\u00e7\u00e3o.<\/p>\n\n\n\n<p>S\u00e3o levantamentos que demonstram a necessidade de amplia\u00e7\u00e3o da diversidade e da renova\u00e7\u00e3o dos conselhos. A rede global do ACI Institute, em conjunto com o Board Leadership Center da KPMG, destacou nove temas significativos a serem considerados \u00e0 medida que os conselhos elaboram e executam suas agendas para 2023, dos quais destaco tr\u00eas:&nbsp;<\/p>\n\n\n\n<ol class=\"wp-block-list\">\n<li>Manuten\u00e7\u00e3o das quest\u00f5es do ESG, incluindo o risco clim\u00e1tico e as quest\u00f5es em DE&amp;I (Diversidade, Equidade e Inclus\u00e3o), nas discuss\u00f5es \u2014 abrangendo o planejamento estrat\u00e9gico e os riscos corporativos \u2014 e monitorar o desenvolvimento regulat\u00f3rio no Brasil e no mundo;&nbsp;<\/li>\n\n\n\n<li>Definir claramente se e quando o CEO deve se posicionar sobre quest\u00f5es sociais;&nbsp;<\/li>\n\n\n\n<li>Pensar de forma estrat\u00e9gica sobre as quest\u00f5es de talento, especializa\u00e7\u00e3o e diversidade no conselho de administra\u00e7\u00e3o.&nbsp;<\/li>\n<\/ol>\n\n\n\n<p>Nesse contexto, at\u00e9 surpreende que ainda sejam identificadas vozes na contram\u00e3o das tend\u00eancias globais e nacionais. Como Conselheiro Administrativo (formado pelo IBGC \u2013 Instituto Brasileiro de Governan\u00e7a Corporativa), me chama aten\u00e7\u00e3o, posicionamentos como o de Tallis Gomes (G4 Educa\u00e7\u00e3o, Singu &#8211; Easy Taxi), em um <a href=\"https:\/\/www.instagram.com\/p\/CnEyfwJO6sb\/?igshid=YmMyMTA2M2Y%3D\" target=\"_blank\" rel=\"noopener\">v\u00eddeo postado no Instagram<\/a> em 3 de janeiro, expondo o que chamamos de Diversity Washing \u2013 termo cunhado por Liliane Rocha na obra \u201cComo ser um l\u00edder inclusivo\u201d.<\/p>\n\n\n\n<p>Com um alcance de mais de 1 Milh\u00e3o de pessoas em suas redes sociais, o v\u00eddeo de Tallis Gomes se mostra contr\u00e1rio ao cen\u00e1rio contempor\u00e2neo. Integrante de conselhos, se essa vis\u00e3o faz parte de sua atua\u00e7\u00e3o \u2013 levando em conta os estudos mais atuais e a conjuntura pol\u00edtica \u2013 induz as empresas ao retrocesso, ao passado, pois reproduz discurso de oligarquias coloniais, diametralmente contra o novo modelo da economia.<\/p>\n\n\n\n<p>Outro caso, bastante preocupante e que merece um debate s\u00e9rio, \u00e9 em rela\u00e7\u00e3o \u00e0 Americanas, al\u00e9m da fraude cont\u00e1bil destacamos ainda a pr\u00e1tica perversa de adiar pagamentos, prejudicando a cadeia de fornecedores, de forma deliberada, causando preju\u00edzos a toda cadeia. Em entrevista \u00e0 BBC Brasil, o consultor Andr\u00e9 Pimentel, s\u00f3cio da consultoria Performa Partners, afirma que a Americanas, \u201chistoricamente, j\u00e1 de muitos anos, traz essa cultura de apertar fornecedores para maximizar a rentabilidade&#8221; e acrescenta, como exemplo, que \u201cenquanto o mercado pratica prazos de 30 a 90 dias para pagamento aos fornecedores, a Americanas chegava a 120, 180 dias para pagamento\u201d.<\/p>\n\n\n\n<p>Nesse mesmo Brasil em que vis\u00f5es t\u00e3o opostas emergem, em que temos o fortalecimento de a\u00e7\u00f5es p\u00fablicas e privadas na cultura ESG, al\u00e9m de uma aten\u00e7\u00e3o maior para o p\u00fablico a ser contemplado por iniciativas correlatas, vemos falas como a do Tallis Gomes e a situa\u00e7\u00e3o grav\u00edssima em que se encontra a Americanas. Esta \u00faltima tamb\u00e9m demonstrando desalinhamento com o S de Social e o G de Governan\u00e7a. Por conta da situa\u00e7\u00e3o atual da empresa, j\u00e1 aconteceu sua exclus\u00e3o do \u00cdndice de Sustentabilidade Empresarial (ISE) e do Ibovespa.<\/p>\n\n\n\n<figure class=\"wp-block-image size-large\"><img decoding=\"async\" src=\"https:\/\/media.investnews.com.br\/uploads\/2022\/10\/esg-1024x681.jpg\" alt=\"Foto conceitual ESG\" class=\"wp-image-374486\"\/><figcaption class=\"wp-element-caption\">Cr\u00e9dito Oleksandrsh<\/figcaption><\/figure>\n\n\n\n<p>Devido a todos os pontos levantados inicialmente, a sociedade de seguir alinhada com a agenda ESG, apoiando e promovendo a\u00e7\u00f5es concretas como o <strong>programa Construindo um Futuro Digital no <a href=\"https:\/\/investnews.com.br\/guias\/metaverso\/\">Metaverso<\/a><\/strong>, que \u00e9 uma parceria <strong>Movimento Black Money e Meta<\/strong>.\u00a0<\/p>\n\n\n\n<p>Essa iniciativa visa capacitar jovens e adultos para aproveitar as crescentes oportunidades na Web3, seja como novos profissionais ou empreendedores num mercado em que a m\u00e9dia salarial dos profissionais de tecnologia cresceu 29% em um ano, enquanto o Brasil \u00e9 o 9\u00b0 pa\u00eds com maior dificuldade em preencher vagas de profissionais na \u00e1rea. As inscri\u00e7\u00f5es est\u00e3o abertas, e o melhor, s\u00e3o gratuitas.<\/p>\n\n\n\n<p>Que possamos, atrav\u00e9s da agenda ESG e da manifesta\u00e7\u00e3o popular, realizar a\u00e7\u00f5es para efetivamente combater a contradi\u00e7\u00e3o interna do sistema capitalista, que faz com que os trabalhadores sejam produtores de tudo por meio de sua for\u00e7a de trabalho, mas exclu\u00eddos do sistema de educa\u00e7\u00e3o, sa\u00fade, seguran\u00e7a e de programas estrat\u00e9gicos para alcan\u00e7ar a equidade.<\/p>\n","protected":false},"excerpt":{"rendered":"<p>O novo governo federal traz a\u00e7\u00f5es alinhadas com a agenda ESG enquanto vozes e pr\u00e1ticas dissonantes soam cada vez mais anacr\u00f4nicas no cen\u00e1rio global e nacional.<\/p>\n","protected":false},"author":78,"featured_media":412855,"comment_status":"closed","ping_status":"open","sticky":false,"template":"","format":"standard","meta":{"_acf_changed":false,"inline_featured_image":false,"footnotes":""},"categories":[6],"tags":[1673],"autor-wsj":[],"coauthors":[101336],"class_list":["post-425532","post","type-post","status-publish","format-standard","has-post-thumbnail","hentry","category-negocios","tag-esg"],"acf":[],"amp_enabled":true,"_links":{"self":[{"href":"https:\/\/investnews.com.br\/inv-api\/wp\/v2\/posts\/425532","targetHints":{"allow":["GET"]}}],"collection":[{"href":"https:\/\/investnews.com.br\/inv-api\/wp\/v2\/posts"}],"about":[{"href":"https:\/\/investnews.com.br\/inv-api\/wp\/v2\/types\/post"}],"author":[{"embeddable":true,"href":"https:\/\/investnews.com.br\/inv-api\/wp\/v2\/users\/78"}],"replies":[{"embeddable":true,"href":"https:\/\/investnews.com.br\/inv-api\/wp\/v2\/comments?post=425532"}],"version-history":[{"count":15,"href":"https:\/\/investnews.com.br\/inv-api\/wp\/v2\/posts\/425532\/revisions"}],"predecessor-version":[{"id":773799,"href":"https:\/\/investnews.com.br\/inv-api\/wp\/v2\/posts\/425532\/revisions\/773799"}],"wp:featuredmedia":[{"embeddable":true,"href":"https:\/\/investnews.com.br\/inv-api\/wp\/v2\/media\/412855"}],"wp:attachment":[{"href":"https:\/\/investnews.com.br\/inv-api\/wp\/v2\/media?parent=425532"}],"wp:term":[{"taxonomy":"category","embeddable":true,"href":"https:\/\/investnews.com.br\/inv-api\/wp\/v2\/categories?post=425532"},{"taxonomy":"post_tag","embeddable":true,"href":"https:\/\/investnews.com.br\/inv-api\/wp\/v2\/tags?post=425532"},{"taxonomy":"autor-wsj","embeddable":true,"href":"https:\/\/investnews.com.br\/inv-api\/wp\/v2\/autor-wsj?post=425532"},{"taxonomy":"author","embeddable":true,"href":"https:\/\/investnews.com.br\/inv-api\/wp\/v2\/coauthors?post=425532"}],"curies":[{"name":"wp","href":"https:\/\/api.w.org\/{rel}","templated":true}]}}