{"id":428927,"date":"2023-02-01T06:15:00","date_gmt":"2023-02-01T09:15:00","guid":{"rendered":"https:\/\/investnews.com.br\/?p=428927"},"modified":"2025-08-08T16:45:55","modified_gmt":"2025-08-08T19:45:55","slug":"brasil-pode-perder-bilhoes-se-empresas-nao-cumprirem-regras-climaticas","status":"publish","type":"post","link":"https:\/\/investnews.com.br\/colunistas\/brasil-pode-perder-bilhoes-se-empresas-nao-cumprirem-regras-climaticas\/","title":{"rendered":"Brasil pode perder bilh\u00f5es se empresas n\u00e3o cumprirem regras clim\u00e1ticas"},"content":{"rendered":"<p>Uma das medidas da comunidade europeia que pode gerar o maior impacto negativo para as exporta\u00e7\u00f5es brasileiras a partir de outubro de 2023 \u00e9 o CBAM &#8211; sigla em portugu\u00eas para Mecanismo de Ajuste de Carbono de Fronteira \u2013 aprovada pelo parlamento europeu em dezembro de 2022 que come\u00e7a a valer a partir de outubro desse ano.\u00a0<\/p><p>Estamos falando de bilh\u00f5es de d\u00f3lares que deixar\u00e3o de ser computados na nossa Balan\u00e7a de Pagamentos caso as empresas de seis setores industriais brasileiros n\u00e3o cumprirem as regras impostas pelos pa\u00edses europeus.\u00a0<\/p><p>Os setores que ser\u00e3o impactados diretamente s\u00e3o alguns dos mais importantes para a balan\u00e7a comercial brasileira: ferro, a\u00e7o, cimento, alum\u00ednio, fertilizantes, eletricidade e hidrog\u00eanio. Tamb\u00e9m est\u00e3o inclusos os fabricantes de min\u00e9rio de ferro aglomerado, ferromangan\u00eas, ferrocromo e ferron\u00edquel.\u00a0\u00a0<\/p><p>At\u00e9 2026, a Comiss\u00e3o Europeia avaliar\u00e1 se deve expandir o escopo para outros produtos com risco de vazamento de carbono, incluindo qu\u00edmicos org\u00e2nicos e pol\u00edmeros.<\/p><p>Para voc\u00eas perceberem o tamanho do problema para o Brasil, s\u00f3 a ind\u00fastria de a\u00e7o brasileira exportou para os pa\u00edses da Uni\u00e3o Europeia 849 mil toneladas nos \u00faltimos cinco meses do ano de 2022, impactada principalmente pela Guerra da R\u00fassia com a Ucr\u00e2nia que gerou um aumento de 830% na demanda do produto que serve de mat\u00e9ria prima para a elabora\u00e7\u00e3o de chapas, tubos e vigas para a constru\u00e7\u00e3o civil ou para a fabrica\u00e7\u00e3o de geladeiras e carros. Em 2021, no mesmo per\u00edodo, o n\u00famero foi bem inferior: 91 mil toneladas, segundo os dados do Instituto do A\u00e7o.<\/p><p>Outro impacto imediato ser\u00e1 nas exporta\u00e7\u00f5es de min\u00e9rio de ferro, representando um dos principais produtos exportados pelo Brasil, em 2019 por exemplo, foram comercializados para a Holanda e Fran\u00e7a um total de 1,2 bilh\u00f5es de d\u00f3lares dessa commodity.\u00a0<\/p><figure class=\"wp-block-image size-full\"><img loading=\"lazy\" decoding=\"async\" width=\"820\" height=\"540\" src=\"https:\/\/media.investnews.com.br\/uploads\/2022\/08\/Brasil_01.jpg\" alt=\"Cont\u00eaineres de carga empilhados, muitos com a bandeira do Brasil e um com o logo 'invest news'.\" class=\"wp-image-358806\" srcset=\"https:\/\/media.investnews.com.br\/uploads\/2022\/08\/Brasil_01.jpg 820w, https:\/\/media.investnews.com.br\/uploads\/2022\/08\/Brasil_01-300x198.jpg 300w, https:\/\/media.investnews.com.br\/uploads\/2022\/08\/Brasil_01-768x506.jpg 768w, https:\/\/media.investnews.com.br\/uploads\/2022\/08\/Brasil_01-172x113.jpg 172w, https:\/\/media.investnews.com.br\/uploads\/2022\/08\/Brasil_01-191x125.jpg 191w, https:\/\/media.investnews.com.br\/uploads\/2022\/08\/Brasil_01-150x99.jpg 150w\" sizes=\"auto, (max-width: 820px) 100vw, 820px\" \/><figcaption class=\"wp-element-caption\">Cr\u00e9dito: Adobe Stock<\/figcaption><\/figure><p>Concebida em conformidade com as regras da Organiza\u00e7\u00e3o Mundial do Com\u00e9rcio (OMC) e outras obriga\u00e7\u00f5es internacionais da comunidade europeia, o sistema CBAM funciona da seguinte forma: os importadores da Uni\u00e3o Europeia comprar\u00e3o certificados de carbono correspondentes ao pre\u00e7o do <strong>carbono <\/strong>que teria sido pago se os bens fossem produzidos sob as regras da sua precifica\u00e7\u00e3o de carbono.\u00a0Ou seja, se uma empresa exporta para a Europa ela ter\u00e1 que cumprir as regras clim\u00e1ticas locais para continuar a vender para os pa\u00edses da comunidade europeia.<\/p><p>Parece confuso, mas a hist\u00f3ria verdadeira \u00e9 a seguinte, \u00e9 mais uma barreira criada para impedir que mais empresas saiam da Europa devido a crise energ\u00e9tica gerada pela guerra da Ucr\u00e2nia que est\u00e1 fazendo com que muitas dessas organiza\u00e7\u00f5es procurem outros pa\u00edses para instalarem suas ind\u00fastrias.\u00a0<\/p><p>O que os europeus est\u00e3o propagando \u00e9 que trata-se de um nivelamento da competitividade entre os produtos europeus e estrangeiros, por meio de uma esp\u00e9cie de sobretaxa de carbono para importa\u00e7\u00f5es.\u00a0<\/p><p>O CBAM ser\u00e1 implementado em duas fases, a transit\u00f3ria, em que as obriga\u00e7\u00f5es do importador se limitar\u00e3o a apresenta\u00e7\u00e3o de relat\u00f3rio de emiss\u00f5es, e a regular, em que exigir\u00e1 que os importadores comprem certificados, equivalente a 1 tonelada de emiss\u00f5es de CO2 incorporadas em produtos importados.<\/p><p>Do nosso lado brasileiro, n\u00e3o estou percebendo o novo governo preocupado em ajudar tais setores a cumprirem as novas regras, nem tampouco uma movimenta\u00e7\u00e3o dessas empresas para se ajustarem e poderem continuar a exportar seus produtos para a Europa. O que me deixa muito preocupado \u00e9 que estou sendo muito procurado para elaborar invent\u00e1rios de carbono para bancos e seguradoras, mas n\u00e3o vejo procura em nossa consultoria pelas industrias que est\u00e3o sendo afetadas pelo CBAM. Acho que v\u00e3o deixar para a \u00faltima hora, com emo\u00e7\u00e3o. Vamos aguardar&#8230;<\/p><p><em>Alexandre Furtado \u00e9 Presidente do Comit\u00ea de Informa\u00e7\u00f5es <a href=\"https:\/\/investnews.com.br\/guias\/tudo-sobre-esg\/\">ESG<\/a> da Funda\u00e7\u00e3o Get\u00falio Vargas, S\u00f3cio e Diretor de ESG da Grant Thornton.<\/em><\/p><p><em><strong>As informa\u00e7\u00f5es desta coluna s\u00e3o de inteira responsabilidade do autor e n\u00e3o do InvestNews e das institui\u00e7\u00f5es com as quais ele possui liga\u00e7\u00e3o.\u00a0<\/strong><\/em><\/p>\n","protected":false},"excerpt":{"rendered":"<p>Uma das medidas da comunidade europeia que pode gerar o maior impacto negativo para as exporta\u00e7\u00f5es brasileiras a partir de outubro de 2023 \u00e9 o CBAM. Entenda.<\/p>\n","protected":false},"author":81,"featured_media":358806,"comment_status":"closed","ping_status":"open","sticky":false,"template":"","format":"standard","meta":{"_acf_changed":false,"inline_featured_image":false,"footnotes":""},"categories":[2063],"tags":[155,1673,227,1674],"autor-wsj":[],"coauthors":[101344],"class_list":["post-428927","post","type-post","status-publish","format-standard","has-post-thumbnail","hentry","category-colunistas","tag-brasil","tag-esg","tag-europa","tag-sustentabilidade"],"acf":[],"amp_enabled":true,"_links":{"self":[{"href":"https:\/\/investnews.com.br\/inv-api\/wp\/v2\/posts\/428927","targetHints":{"allow":["GET"]}}],"collection":[{"href":"https:\/\/investnews.com.br\/inv-api\/wp\/v2\/posts"}],"about":[{"href":"https:\/\/investnews.com.br\/inv-api\/wp\/v2\/types\/post"}],"author":[{"embeddable":true,"href":"https:\/\/investnews.com.br\/inv-api\/wp\/v2\/users\/81"}],"replies":[{"embeddable":true,"href":"https:\/\/investnews.com.br\/inv-api\/wp\/v2\/comments?post=428927"}],"version-history":[{"count":7,"href":"https:\/\/investnews.com.br\/inv-api\/wp\/v2\/posts\/428927\/revisions"}],"predecessor-version":[{"id":704772,"href":"https:\/\/investnews.com.br\/inv-api\/wp\/v2\/posts\/428927\/revisions\/704772"}],"wp:featuredmedia":[{"embeddable":true,"href":"https:\/\/investnews.com.br\/inv-api\/wp\/v2\/media\/358806"}],"wp:attachment":[{"href":"https:\/\/investnews.com.br\/inv-api\/wp\/v2\/media?parent=428927"}],"wp:term":[{"taxonomy":"category","embeddable":true,"href":"https:\/\/investnews.com.br\/inv-api\/wp\/v2\/categories?post=428927"},{"taxonomy":"post_tag","embeddable":true,"href":"https:\/\/investnews.com.br\/inv-api\/wp\/v2\/tags?post=428927"},{"taxonomy":"autor-wsj","embeddable":true,"href":"https:\/\/investnews.com.br\/inv-api\/wp\/v2\/autor-wsj?post=428927"},{"taxonomy":"author","embeddable":true,"href":"https:\/\/investnews.com.br\/inv-api\/wp\/v2\/coauthors?post=428927"}],"curies":[{"name":"wp","href":"https:\/\/api.w.org\/{rel}","templated":true}]}}