{"id":431265,"date":"2023-02-06T09:29:53","date_gmt":"2023-02-06T12:29:53","guid":{"rendered":"https:\/\/investnews.com.br\/?p=431265"},"modified":"2023-02-06T09:29:57","modified_gmt":"2023-02-06T12:29:57","slug":"banco-do-brasil-elege-ana-cristina-garcia-para-vice-presidencia-corporativa","status":"publish","type":"post","link":"https:\/\/investnews.com.br\/financas\/banco-do-brasil-elege-ana-cristina-garcia-para-vice-presidencia-corporativa\/","title":{"rendered":"Banco do Brasil elege Ana Cristina Garcia para vice-presid\u00eancia corporativa"},"content":{"rendered":"\n<p>O <strong>Banco do Brasil<a href=\"https:\/\/investnews.com.br\/cotacao\/bbas3-banco-do-brasil\/\"> (BBAS3)<\/a> <\/strong>anunciou nesta segunda-feira (6) que seu conselho de administra\u00e7\u00e3o aprovou Ana Cristina Garcia para a vice-presid\u00eancia corporativa, posi\u00e7\u00e3o ocupada anteriormente por \u00canio Mathias Ferreira.<\/p>\n\n\n\n<p>O colegiado do banco tamb\u00e9m aprovou Francisco Lassalvia para a vice-presid\u00eancia de neg\u00f3cios de atacado, no lugar de Jo\u00e3o Carlos Pecego.<\/p>\n\n\n\n<p>O BB tamb\u00e9m afirmou que Marisa Reghini Mattos vai ocupar a vice-presid\u00eancia de neg\u00f3cios digitais e tecnologia, substituindo Marcelo Cavalcante Lima.<\/p>\n","protected":false},"excerpt":{"rendered":"<p>Anuncio foi feito pelo conselho de administra\u00e7\u00e3o do banco, que tamb\u00e9m aprovou o nome de Francisco Lassalvia para a vice-presid\u00eancia de neg\u00f3cios de atacado.<\/p>\n","protected":false},"author":61,"featured_media":244883,"comment_status":"closed","ping_status":"open","sticky":false,"template":"","format":"standard","meta":{"_acf_changed":false,"inline_featured_image":false,"footnotes":""},"categories":[4],"tags":[57],"autor-wsj":[],"coauthors":[2494],"class_list":["post-431265","post","type-post","status-publish","format-standard","has-post-thumbnail","hentry","category-financas","tag-banco-do-brasil"],"acf":[],"amp_enabled":true,"_links":{"self":[{"href":"https:\/\/investnews.com.br\/inv-api\/wp\/v2\/posts\/431265","targetHints":{"allow":["GET"]}}],"collection":[{"href":"https:\/\/investnews.com.br\/inv-api\/wp\/v2\/posts"}],"about":[{"href":"https:\/\/investnews.com.br\/inv-api\/wp\/v2\/types\/post"}],"author":[{"embeddable":true,"href":"https:\/\/investnews.com.br\/inv-api\/wp\/v2\/users\/61"}],"replies":[{"embeddable":true,"href":"https:\/\/investnews.com.br\/inv-api\/wp\/v2\/comments?post=431265"}],"version-history":[{"count":3,"href":"https:\/\/investnews.com.br\/inv-api\/wp\/v2\/posts\/431265\/revisions"}],"predecessor-version":[{"id":431271,"href":"https:\/\/investnews.com.br\/inv-api\/wp\/v2\/posts\/431265\/revisions\/431271"}],"wp:featuredmedia":[{"embeddable":true,"href":"https:\/\/investnews.com.br\/inv-api\/wp\/v2\/media\/244883"}],"wp:attachment":[{"href":"https:\/\/investnews.com.br\/inv-api\/wp\/v2\/media?parent=431265"}],"wp:term":[{"taxonomy":"category","embeddable":true,"href":"https:\/\/investnews.com.br\/inv-api\/wp\/v2\/categories?post=431265"},{"taxonomy":"post_tag","embeddable":true,"href":"https:\/\/investnews.com.br\/inv-api\/wp\/v2\/tags?post=431265"},{"taxonomy":"autor-wsj","embeddable":true,"href":"https:\/\/investnews.com.br\/inv-api\/wp\/v2\/autor-wsj?post=431265"},{"taxonomy":"author","embeddable":true,"href":"https:\/\/investnews.com.br\/inv-api\/wp\/v2\/coauthors?post=431265"}],"curies":[{"name":"wp","href":"https:\/\/api.w.org\/{rel}","templated":true}]}}