{"id":431881,"date":"2023-02-10T05:00:00","date_gmt":"2023-02-10T08:00:00","guid":{"rendered":"https:\/\/investnews.com.br\/?p=431881"},"modified":"2023-02-09T16:28:51","modified_gmt":"2023-02-09T19:28:51","slug":"numero-de-pequenos-negocios-segue-crescendo-mas-alta-desacelera-em-2022","status":"publish","type":"post","link":"https:\/\/investnews.com.br\/negocios\/numero-de-pequenos-negocios-segue-crescendo-mas-alta-desacelera-em-2022\/","title":{"rendered":"N\u00famero de pequenos neg\u00f3cios segue crescendo, mas alta desacelera em 2022"},"content":{"rendered":"\n<p>Com os efeitos da pandemia da covid-19 no mundo nos \u00faltimos anos, o n\u00famero de pequenos neg\u00f3cios no Brasil, compostos por micro e pequenas empresas (<strong>MPE<\/strong>) e por microempreendedores individuais (<strong>MEI<\/strong>), cresceu 46,2% de 2019 a 2022, partindo de um total de 14,5 milh\u00f5es para 21,2 milh\u00f5es, segundo dados extra\u00eddos do portal da <strong>Receita Federal<\/strong>. No entanto, o aumento desacelerou em 2022, em meio ao cen\u00e1rio de <strong>recupera\u00e7\u00e3o do mercado de trabalho.<\/strong><\/p>\n\n\n\n<p>Em 2020, o n\u00famero de novos pequenos neg\u00f3cios subiu 14,5%. No ano seguinte, a alta foi de 15,66%, enquanto que de 2021 a 2022 o crescimento foi reduzido a <strong>10,41%<\/strong> \u2013 menor percentual observado nos anos da pandemia.<\/p>\n\n\n\n<figure class=\"wp-block-embed is-type-wp-embed is-provider-flourish wp-block-embed-flourish\"><div class=\"wp-block-embed__wrapper\">\n<iframe loading=\"lazy\" class=\"wp-embedded-content\" sandbox=\"allow-scripts\" security=\"restricted\" title=\"Interactive or visual content\" src=\"https:\/\/flo.uri.sh\/visualisation\/12631564\/embed#?secret=CR4pJSoj16\" data-secret=\"CR4pJSoj16\" frameborder=\"0\" scrolling=\"no\" height=\"575\" width=\"500\"><\/iframe>\n<\/div><\/figure>\n\n\n\n<p><\/p>\n\n\n\n<p>Os n\u00fameros coincidem com uma invers\u00e3o da tend\u00eancia das demiss\u00f5es e contrata\u00e7\u00f5es do mercado formal de trabalho no pa\u00eds. <\/p>\n\n\n\n<p>Em 2020, o n\u00famero de demiss\u00f5es superou o de admiss\u00f5es, 15,8 milh\u00f5es contra 15,6 milh\u00f5es, totalizando um saldo de menos 192,5 mil pessoas em emprego formal, segundo dados do Cadastro Geral de Empregados e Desempregados (<strong>Caged<\/strong>).<\/p>\n\n\n\n<p>A partir de 2021, o cen\u00e1rio de demiss\u00f5es superiores a admiss\u00f5es foi revertido. No ano, o n\u00famero de contratados no pa\u00eds foi de 20,9 milh\u00f5es e o n\u00famero de demitidos foi de 18,1 milh\u00f5es, totalizando um saldo positivo de mais 2,7 milh\u00f5es de pessoas com emprego formal.<\/p>\n\n\n\n<p>Em 2022, o saldo de admitidos foi positivo mais uma vez, embora inferior a 2021. No ano passado, o n\u00famero de admiss\u00f5es no pa\u00eds foi de 21,2 milh\u00f5es e o n\u00famero de demiss\u00f5es foi de 18,7 milh\u00f5es, totalizando um saldo positivo de mais 2,4 milh\u00f5es de pessoas com carteira assinada.<\/p>\n\n\n\n<p>Jos\u00e9 Sarkis, professor do curso de Administra\u00e7\u00e3o da Funda\u00e7\u00e3o Armando Alvares Penteado (FAAP), comenta que o saldo negativo dos empregos formais no pior momento da pandemia pode ter sido um fator impulsionador para que as pessoas se envolvessem em algum modelo de pequeno neg\u00f3cio.<\/p>\n\n\n\n<p>&#8220;Em nossa cultura, o empreendedorismo \u00e9 muito apreciado. Entretanto, quando analisamos um dado de <strong>aumento de empreendedorismo<\/strong>, n\u00e3o devemos, por princ\u00edpio, qualific\u00e1-lo como positivo sem entender as raz\u00f5es&#8221;, diz.<\/p>\n\n\n\n<p><\/p>\n\n\n\n<blockquote class=\"wp-block-quote is-layout-flow wp-block-quote-is-layout-flow\">\n<p><em>&#8220;\u00c9 o chamado empreendedorismo por necessidade, aquele em que o profissional perde o seu emprego e sem a oportunidade de recoloca\u00e7\u00e3o no mercado, constitui uma empresa, criando assim sua pr\u00f3pria ocupa\u00e7\u00e3o, o seu emprego como forma de componente de renda e subsist\u00eancia.&#8221;<\/em><\/p>\n<cite><em>Jos\u00e9 Sarkis, professor do curso de Administra\u00e7\u00e3o da FAAP<\/em><\/cite><\/blockquote>\n\n\n\n<p><\/p>\n\n\n\n<p>Isabella Vasconcellos, coordenadora da educa\u00e7\u00e3o executiva na Escola Superior de Propaganda e Marketing (ESPM), complementa que existe um conjunto de fatores que contribui para esse crescimento do n\u00famero de pequenas empresas.&nbsp;<\/p>\n\n\n\n<p>O primeiro \u00e9 que muitas empresas precisaram trocar, durante o auge da pandemia, as contrata\u00e7\u00f5es do regime da CLT para Pessoas Jur\u00eddicas (PJ), porque assim tinham a chance de diminuir custos, segundo ela.&nbsp;<\/p>\n\n\n\n<blockquote class=\"wp-block-quote is-layout-flow wp-block-quote-is-layout-flow\">\n<p><em>&#8220;Em muitas empresas, houve a &#8216;pejotiza\u00e7\u00e3o&#8217; de seus funcion\u00e1rios para evitar os custos da previd\u00eancia. Assim elas deixaram de ter empregados e passaram a ter um fornecedores.&#8221;<\/em><\/p>\n<cite><em>Isabella Vasconcellos, coordenadora da educa\u00e7\u00e3o executiva na EsPM<\/em><\/cite><\/blockquote>\n\n\n\n<p><\/p>\n\n\n\n<p>Para a especialista, outro fator impulsionador \u00e9 que jovens v\u00eam apresentando mais interesse em empreender nos \u00faltimos anos.<\/p>\n\n\n\n<h2 class=\"wp-block-heading\">Atendimentos do Sebrae disparam<\/h2>\n\n\n\n<p>Embora a alta no n\u00famero de novos neg\u00f3cios tenha desacelerado, o empreendedorismo segue crescendo. Assim, o Servi\u00e7o Brasileiro de Apoio \u00e0s Micro e Pequenas Empresas (<strong>Sebrae<\/strong>) disparou em n\u00famero de atendimentos.&nbsp;<\/p>\n\n\n\n<p>Em 2022, o Sebrae ultrapassou<strong> 20 milh\u00f5es de atendimentos<\/strong>. No total, foi uma m\u00e9dia de 56 mil atendimentos por dia e mais de 2,3 mil atendimentos por hora, em todo Brasil. Em 2021, o total foi de 17,4 milh\u00f5es.<\/p>\n\n\n\n<p>A marca hist\u00f3rica de atendimentos registra que, em apenas um ano, <strong>de cada quatro Cadastro Nacional da Pessoa Jur\u00eddica (CNPJ) no pa\u00eds, um foi atendido pelo Sebrae<\/strong>, consolidando uma cobertura de 25% dos pequenos neg\u00f3cios brasileiros.<\/p>\n\n\n\n<p>O atendimento por canais digitais consagrou-se como uma das principais frentes de atua\u00e7\u00e3o da institui\u00e7\u00e3o. Das 20 milh\u00f5es de empresas atendidas, 52% optaram pelas solu\u00e7\u00f5es online. As inscri\u00e7\u00f5es nos cursos online, por exemplo, cresceram 196% em 2022, quando comparado com 2018. Neste ano, o ensino \u00e0 dist\u00e2ncia registrou 4 milh\u00f5es de matr\u00edculas, contra 236 mil h\u00e1 quatros anos.<\/p>\n\n\n\n<h2 class=\"wp-block-heading\"><strong>Por necessidade ou n\u00e3o, como come\u00e7ar a empreender?&nbsp;<\/strong><\/h2>\n\n\n\n<p>Um dos itens fundamentais para come\u00e7ar ou manter um neg\u00f3cio consolidado \u00e9 contar com um planejamento estrat\u00e9gico \u2013 que serve para lidar com erros e acertos ao longo da jornada das micro e pequenas empresas \u2013, segundo a Razonet, empresa de contabilidade digital.&nbsp;<\/p>\n\n\n\n<p>Para a organiza\u00e7\u00e3o, tra\u00e7ar metas de curto, m\u00e9dio e longo prazo, de acordo com a realidade do empreendedor, torna o futuro do neg\u00f3cio algo mais concreto e palp\u00e1vel.&nbsp;<\/p>\n\n\n\n<p>\u201cApesar de n\u00e3o saber o que o futuro nos reserva, n\u00e3o podemos ficar dependendo de mudan\u00e7a de governo ou outros fatores para determinar o futuro da empresa, caso contr\u00e1rio, viramos apenas passageiros\u201d, aponta Valdenir Menegat, s\u00f3cio da Razonet Contabilidade Digital.&nbsp;<\/p>\n\n\n\n<p><em>Ap\u00f3s cuidar do planejamento, veja 4 dicas para empreender e ter sucesso, de acordo com a Razonet.&nbsp;<\/em><\/p>\n\n\n\n<h3 class=\"wp-block-heading\"><strong>1 &#8211; Gerir a equipe e o conhecimento<\/strong><\/h3>\n\n\n\n<p>Para iniciar ou manter um neg\u00f3cio, \u00e9 sempre importante alinhar a equipe e os s\u00f3cios, assim como o conhecimento que cada um tem, com a finalidade de ter melhores resultados.&nbsp;<\/p>\n\n\n\n<p>\u201cEnquanto gestor, \u00e9 necess\u00e1rio avaliar quem \u00e9 essencial e quem faz quest\u00e3o de participar do dia a dia da empresa. Essas sim s\u00e3o pessoas que o empreendedor deve buscar. Nessa reuni\u00e3o, as pautas ser\u00e3o aumento de vendas, expectativa de faturamento, estrat\u00e9gias de marketing, proje\u00e7\u00e3o financeira e outros pontos que julgarem importantes\u201d, diz Menegat.<\/p>\n\n\n\n<h3 class=\"wp-block-heading\"><strong>2 &#8211; Cuidar do financeiro<\/strong><\/h3>\n\n\n\n<p>Para a Razonet, a contabilidade \u00e9 um dos principais instrumentos do neg\u00f3cio, \u00e9 &#8220;quem&#8221; leva a informa\u00e7\u00e3o para o empreendedor, que deve se atentar aos n\u00fameros. O respons\u00e1vel do neg\u00f3cio deve estar a par de tudo que acontece para que sua tomada de decis\u00e3o seja assertiva e pr\u00f3spera para o neg\u00f3cio.<\/p>\n\n\n\n<p>O s\u00f3cio da Razonet faz uma analogia com m\u00e9dicos e pacientes. \u201cComo um m\u00e9dico tra\u00e7a o diagn\u00f3stico sem saber dos sintomas? Sem examinar? N\u00e3o existe isso. O mesmo acontece com empres\u00e1rios que ignoram os n\u00fameros. N\u00e3o h\u00e1 chance de prosperar sem analisar o financeiro\u201d, finaliza.<\/p>\n\n\n\n<h3 class=\"wp-block-heading\"><strong>3 &#8211; Alavancar as vendas<\/strong><\/h3>\n\n\n\n<p>Vendas, lucro e fideliza\u00e7\u00e3o do cliente, para a Razonet essas circunst\u00e2ncias caminham juntas e merecem aten\u00e7\u00e3o para trazer os resultados desejados.&nbsp;<\/p>\n\n\n\n<p>&#8220;O empreendedor deve focar nas vendas porque s\u00f3 assim seu lucro vai aumentar. Nada adianta ter uma empresa bem estruturada se ela n\u00e3o consegue vender. Clientes satisfeitos recomendam seus produtos\/servi\u00e7os. Eles voltam e atraem outras pessoas junto deles &#8211; nada melhor do que uma propaganda boca a boca&#8221;.<\/p>\n\n\n\n<h3 class=\"wp-block-heading\">4 &#8211; <strong>Autoan\u00e1lise da gest\u00e3o empresarial<\/strong><\/h3>\n\n\n\n<p>O gestor, muitas vezes dono do neg\u00f3cio, deve saber quais s\u00e3o suas defici\u00eancias e quais aspectos deve melhorar, para assim poder trabalhar da melhor maneira.&nbsp;<\/p>\n\n\n\n<p>\u201cAprendi observando, ao longo de 30 anos, que todo empres\u00e1rio \u00e9 um pouco arrogante. A lideran\u00e7a n\u00e3o est\u00e1 ali para fazer um favor para o cliente. A lideran\u00e7a \u00e9 a que serve o cliente. O empreendedor deve ter a humildade de discernir a diferen\u00e7a e trabalhar para a melhoria constante\u201d, reflete Menegat.<\/p>\n","protected":false},"excerpt":{"rendered":"<p>Em anos anteriores, baixa no emprego elevou empreendedorismo por necessidade.<\/p>\n","protected":false},"author":51,"featured_media":382691,"comment_status":"closed","ping_status":"open","sticky":false,"template":"","format":"standard","meta":{"_acf_changed":false,"inline_featured_image":false,"footnotes":""},"categories":[6],"tags":[216,66],"autor-wsj":[],"coauthors":[2425],"class_list":["post-431881","post","type-post","status-publish","format-standard","has-post-thumbnail","hentry","category-negocios","tag-mercado-de-trabalho","tag-negocios"],"acf":[],"amp_enabled":true,"_links":{"self":[{"href":"https:\/\/investnews.com.br\/inv-api\/wp\/v2\/posts\/431881","targetHints":{"allow":["GET"]}}],"collection":[{"href":"https:\/\/investnews.com.br\/inv-api\/wp\/v2\/posts"}],"about":[{"href":"https:\/\/investnews.com.br\/inv-api\/wp\/v2\/types\/post"}],"author":[{"embeddable":true,"href":"https:\/\/investnews.com.br\/inv-api\/wp\/v2\/users\/51"}],"replies":[{"embeddable":true,"href":"https:\/\/investnews.com.br\/inv-api\/wp\/v2\/comments?post=431881"}],"version-history":[{"count":69,"href":"https:\/\/investnews.com.br\/inv-api\/wp\/v2\/posts\/431881\/revisions"}],"predecessor-version":[{"id":433897,"href":"https:\/\/investnews.com.br\/inv-api\/wp\/v2\/posts\/431881\/revisions\/433897"}],"wp:featuredmedia":[{"embeddable":true,"href":"https:\/\/investnews.com.br\/inv-api\/wp\/v2\/media\/382691"}],"wp:attachment":[{"href":"https:\/\/investnews.com.br\/inv-api\/wp\/v2\/media?parent=431881"}],"wp:term":[{"taxonomy":"category","embeddable":true,"href":"https:\/\/investnews.com.br\/inv-api\/wp\/v2\/categories?post=431881"},{"taxonomy":"post_tag","embeddable":true,"href":"https:\/\/investnews.com.br\/inv-api\/wp\/v2\/tags?post=431881"},{"taxonomy":"autor-wsj","embeddable":true,"href":"https:\/\/investnews.com.br\/inv-api\/wp\/v2\/autor-wsj?post=431881"},{"taxonomy":"author","embeddable":true,"href":"https:\/\/investnews.com.br\/inv-api\/wp\/v2\/coauthors?post=431881"}],"curies":[{"name":"wp","href":"https:\/\/api.w.org\/{rel}","templated":true}]}}