{"id":431910,"date":"2023-02-07T08:27:55","date_gmt":"2023-02-07T11:27:55","guid":{"rendered":"https:\/\/investnews.com.br\/?p=431910"},"modified":"2026-03-05T10:17:31","modified_gmt":"2026-03-05T13:17:31","slug":"3-fatos-para-hoje-lula-quer-reduzir-filas-do-sus-producao-alema-cai","status":"publish","type":"post","link":"https:\/\/investnews.com.br\/economia\/3-fatos-para-hoje-lula-quer-reduzir-filas-do-sus-producao-alema-cai\/","title":{"rendered":"3 fatos para hoje: Lula quer reduzir filas do SUS; produ\u00e7\u00e3o alem\u00e3 cai"},"content":{"rendered":"\n<h2 class=\"wp-block-heading\">1 &#8211; Lula lan\u00e7a programa para reduzir filas do SUS<\/h2>\n\n\n\n<p>O presidente da Rep\u00fablica, Luiz In\u00e1cio Lula da Silva, e a ministra da Sa\u00fade, N\u00edsia Trindade, lan\u00e7aram hoje (6) no Rio de Janeiro um programa para reduzir filas de cirurgias eletivas, exames e consultas especializadas no Sistema \u00danico de Sa\u00fade (SUS). Ser\u00e3o destinados inicialmente R$ 200 milh\u00f5es.<\/p>\n\n\n\n<p>Para ter acesso aos recursos, cada estado dever\u00e1 apresentar um plano de a\u00e7\u00e3o, que deve fixar as prioridades conforme a realidade local. Nesse primeiro momento, o foco estar\u00e1 na redu\u00e7\u00e3o das filas de cirurgias eletivas, principalmente abdominais, ortop\u00e9dicas e oftalmol\u00f3gicas. Posteriormente, o esfor\u00e7o estar\u00e1 voltado para os exames e as consultas de especialistas.<\/p>\n\n\n\n<p>Segundo N\u00edsia Trindade, em alguns locais, j\u00e1 existem pol\u00edticas de redu\u00e7\u00e3o das filas com resultados positivos. &#8220;Alguns estados t\u00eam planejamentos avan\u00e7ados. A situa\u00e7\u00e3o do Brasil \u00e9 muito desigual&#8221;, ponderou a ministra N\u00edsia. Ela explicou ainda que cada plano incluir\u00e1 metas pactuadas com o Minist\u00e9rio da Sa\u00fade.<\/p>\n\n\n\n<p>Em seu discurso, Lula avaliou que o acesso a m\u00e9dicos especialistas \u00e9 um realidade distante da popula\u00e7\u00e3o mais pobre. &#8220;Ele at\u00e9 tem acesso ao centro de sa\u00fade para fazer a primeira consulta. Mas quando o m\u00e9dico pede para ele visitar um outro especialista, ele espera oito meses, nove meses, um ano. \u00c0s vezes morre sem ter o atendimento&#8221;, disse o presidente.&#8221;Nem todo mundo pode pagar um oftalmologista. Parece uma coisa muito distante do pobre&#8221;, acrescentou.<\/p>\n\n\n\n<p>Lula tamb\u00e9m fez uma analogia com o Brasil Sorridente, programa criado em 2003 durante o seu primeiro governo.<\/p>\n\n\n\n<blockquote class=\"wp-block-quote is-layout-flow wp-block-quote-is-layout-flow\">\n<p>&#8220;Eu viajava muito o pa\u00eds e a coisa que mais me deixava triste era ver uma pessoa sem nenhum dente ou faltando quatro, cinco dentes na boca. A pessoa n\u00e3o conseguia mais sorrir sem colocar a m\u00e3o na boca. Eu achava que era preciso transformar a quest\u00e3o odontol\u00f3gica em uma quest\u00e3o de sa\u00fade p\u00fablica. Era impressionante n\u00e3o ter odontologia nos planos p\u00fablicos de sa\u00fade&#8221;.<\/p>\n<\/blockquote>\n\n\n\n<p><strong>Super Centro Carioca<\/strong><\/p>\n\n\n\n<p>O lan\u00e7amento do programa ocorreu juntamente com a inaugura\u00e7\u00e3o do Super Centro Carioca de Sa\u00fade (foto), no bairro de Benfica, na zona norte da capital fluminense. Desde outubro do ano passado, o&nbsp;local j\u00e1 vinha realizando atendimentos&nbsp;em diversas \u00e1reas como angiologia, cardiologia, neurologia, dermatologia, ginecologia, ortopedia e urologia, entre outras.<\/p>\n\n\n\n<p>Agora, a estrutura conta tamb\u00e9m com servi\u00e7os de exames, incluindo endoscopia, colonoscopia e resson\u00e2ncia magn\u00e9tica, e um centro para diagn\u00f3sticos e tratamentos oftalmol\u00f3gicos.<\/p>\n\n\n\n<p>A prefeitura do Rio de Janeiro trabalha com a meta de zerar a fila de cirurgias oculares do munic\u00edpio at\u00e9 junho. No segundo semestre, o Super Centro Carioca de Sa\u00fade passaria a atender moradores de outros munic\u00edpios fluminenses. Estima-se que h\u00e1 16 mil pessoas no estado aguardando para fazer alguma cirurgia no olho, metade delas na capital.<\/p>\n\n\n\n<figure class=\"wp-block-image size-large\"><img loading=\"lazy\" decoding=\"async\" width=\"1024\" height=\"683\" src=\"https:\/\/media.investnews.com.br\/uploads\/2023\/02\/2023-02-07T111006Z_1_LYNXMPEJ160I7_RTROPTP_4_THYSSENKRUPP-RESULTS-1024x683.jpg\" alt=\"\" class=\"wp-image-431922\" srcset=\"https:\/\/media.investnews.com.br\/uploads\/2023\/02\/2023-02-07T111006Z_1_LYNXMPEJ160I7_RTROPTP_4_THYSSENKRUPP-RESULTS-1024x683.jpg 1024w, https:\/\/media.investnews.com.br\/uploads\/2023\/02\/2023-02-07T111006Z_1_LYNXMPEJ160I7_RTROPTP_4_THYSSENKRUPP-RESULTS-300x200.jpg 300w, https:\/\/media.investnews.com.br\/uploads\/2023\/02\/2023-02-07T111006Z_1_LYNXMPEJ160I7_RTROPTP_4_THYSSENKRUPP-RESULTS-768x512.jpg 768w, https:\/\/media.investnews.com.br\/uploads\/2023\/02\/2023-02-07T111006Z_1_LYNXMPEJ160I7_RTROPTP_4_THYSSENKRUPP-RESULTS-1536x1025.jpg 1536w, https:\/\/media.investnews.com.br\/uploads\/2023\/02\/2023-02-07T111006Z_1_LYNXMPEJ160I7_RTROPTP_4_THYSSENKRUPP-RESULTS-1256x838.jpg 1256w, https:\/\/media.investnews.com.br\/uploads\/2023\/02\/2023-02-07T111006Z_1_LYNXMPEJ160I7_RTROPTP_4_THYSSENKRUPP-RESULTS-172x115.jpg 172w, https:\/\/media.investnews.com.br\/uploads\/2023\/02\/2023-02-07T111006Z_1_LYNXMPEJ160I7_RTROPTP_4_THYSSENKRUPP-RESULTS-150x100.jpg 150w, https:\/\/media.investnews.com.br\/uploads\/2023\/02\/2023-02-07T111006Z_1_LYNXMPEJ160I7_RTROPTP_4_THYSSENKRUPP-RESULTS.jpg 2048w\" sizes=\"auto, (max-width: 1024px) 100vw, 1024px\" \/><figcaption class=\"wp-element-caption\">F\u00e1brica da ThyssenKrupp em Duisburg, Alemanha\n14\/11\/2022. REUTERS\/Wolfgang Rattay\/Files<\/figcaption><\/figure>\n\n\n\n<h2 class=\"wp-block-heading\">2 &#8211; Produ\u00e7\u00e3o industrial da Alemanha cai mais do que o esperado em dezembro<\/h2>\n\n\n\n<p>A produ\u00e7\u00e3o industrial alem\u00e3 caiu mais do que o esperado em dezembro, pressionada por queda em setores intensivos em energia, disse a ag\u00eancia federal de estat\u00edsticas nesta ter\u00e7a-feira.<\/p>\n\n\n\n<p>A produ\u00e7\u00e3o industrial diminuiu 3,1% em rela\u00e7\u00e3o ao m\u00eas anterior, disse a ag\u00eancia. A expectativa em pesquisa da Reuters era de retra\u00e7\u00e3o de 0,7% no m\u00eas.<\/p>\n\n\n\n<p>A queda foi mais severa nos setores industriais intensivos em energia, onde a produ\u00e7\u00e3o diminuiu 6,1% em dezembro na compara\u00e7\u00e3o com novembro.<\/p>\n\n\n\n<p>Isto ilustra como a crise energ\u00e9tica est\u00e1 prejudicando gravemente a ind\u00fastria, disse Carsten Brzeski, chefe global de macroeconomia do ING.<\/p>\n\n\n\n<p>&#8220;O antigo motor de crescimento da economia alem\u00e3 est\u00e1 trope\u00e7ando e n\u00e3o h\u00e1 uma melhora \u00e0 vista&#8221;, disse Brzeski.<\/p>\n\n\n\n<p>A Alemanha, mais duramente atingida pelos problemas de fornecimento de g\u00e1s russo para a Europa Ocidental, pediu \u00e0s fam\u00edlias, empresas e ind\u00fastria que tentassem cumprir uma meta nacional de 20% de economia de g\u00e1s para ajudar a evitar a escassez de g\u00e1s durante o inverno.<\/p>\n\n\n\n<p>Para 2022 como um todo, a produ\u00e7\u00e3o industrial alem\u00e3 foi 0,6% menor em termos ajustados ao calend\u00e1rio do que em 2021 e 5,0% menor do que no ano de 2019, pr\u00e9-pandemia.<\/p>\n\n\n\n<h2 class=\"wp-block-heading\">3 &#8211; Indicador antecedente de emprego inicia 2023 com queda de 0,8 ponto em janeiro, diz FGV<\/h2>\n\n\n\n<p>O Indicador Antecedente de Emprego do Brasil caiu 0,8 ponto em janeiro, iniciando 2023 com 73,9 pontos, de acordo com os dados divulgados nesta ter\u00e7a-feira pela Funda\u00e7\u00e3o Getulio Vargas (FGV).<\/p>\n\n\n\n<p>O IAEmp, que antecipa os rumos do mercado de trabalho no Brasil, havia subido em dezembro, mas voltou a cair mantendo-se em patamares historicamente baixos ap\u00f3s uma s\u00e9rie de resultados negativos no final de 2022, disse a FGV.<\/p>\n\n\n\n<p>&#8220;As expectativas de desacelera\u00e7\u00e3o econ\u00f4mica em 2023 tamb\u00e9m n\u00e3o deixam muitas esperan\u00e7as de que o indicador volte a sinalizar uma trajet\u00f3ria positiva. Com a pandemia cada vez mais no passado, quem vai ditar o ritmo de recupera\u00e7\u00e3o do mercado de trabalho \u00e9 a atividade econ\u00f4mica&#8221;, disse em nota Rodolpho Tobler, economista da FGV Ibre.<\/p>\n\n\n\n<p>Em janeiro, quatro dos sete componentes do IAEmp contribu\u00edram para a queda do indicador, com destaques para os indicadores que medem a Situa\u00e7\u00e3o Atual e Tend\u00eancia dos Neg\u00f3cios de Servi\u00e7os, que contribu\u00edram igualmente com -0,6 ponto, e o indicador de Emprego Previsto de Servi\u00e7os, que contribuiu com -0,4 ponto, disse a FGV.<\/p>\n\n\n\n<p>*<em>Com Reuters e Ag\u00eancia Brasil.<\/em><\/p>\n","protected":false},"excerpt":{"rendered":"<p>E mais: indicador antecedente de emprego do Brasil tem queda de 0,8 ponto em janeiro.<\/p>\n","protected":false},"author":7,"featured_media":431916,"comment_status":"closed","ping_status":"open","sticky":false,"template":"","format":"standard","meta":{"_acf_changed":false,"inline_featured_image":false,"footnotes":""},"categories":[5],"tags":[993,2370,817],"autor-wsj":[],"coauthors":[1494],"class_list":["post-431910","post","type-post","status-publish","format-standard","has-post-thumbnail","hentry","category-economia","tag-alemanha","tag-luiz-inacio-lula-da-silva","tag-producao-industrial"],"acf":[],"amp_enabled":true,"_links":{"self":[{"href":"https:\/\/investnews.com.br\/inv-api\/wp\/v2\/posts\/431910","targetHints":{"allow":["GET"]}}],"collection":[{"href":"https:\/\/investnews.com.br\/inv-api\/wp\/v2\/posts"}],"about":[{"href":"https:\/\/investnews.com.br\/inv-api\/wp\/v2\/types\/post"}],"author":[{"embeddable":true,"href":"https:\/\/investnews.com.br\/inv-api\/wp\/v2\/users\/7"}],"replies":[{"embeddable":true,"href":"https:\/\/investnews.com.br\/inv-api\/wp\/v2\/comments?post=431910"}],"version-history":[{"count":16,"href":"https:\/\/investnews.com.br\/inv-api\/wp\/v2\/posts\/431910\/revisions"}],"predecessor-version":[{"id":766659,"href":"https:\/\/investnews.com.br\/inv-api\/wp\/v2\/posts\/431910\/revisions\/766659"}],"wp:featuredmedia":[{"embeddable":true,"href":"https:\/\/investnews.com.br\/inv-api\/wp\/v2\/media\/431916"}],"wp:attachment":[{"href":"https:\/\/investnews.com.br\/inv-api\/wp\/v2\/media?parent=431910"}],"wp:term":[{"taxonomy":"category","embeddable":true,"href":"https:\/\/investnews.com.br\/inv-api\/wp\/v2\/categories?post=431910"},{"taxonomy":"post_tag","embeddable":true,"href":"https:\/\/investnews.com.br\/inv-api\/wp\/v2\/tags?post=431910"},{"taxonomy":"autor-wsj","embeddable":true,"href":"https:\/\/investnews.com.br\/inv-api\/wp\/v2\/autor-wsj?post=431910"},{"taxonomy":"author","embeddable":true,"href":"https:\/\/investnews.com.br\/inv-api\/wp\/v2\/coauthors?post=431910"}],"curies":[{"name":"wp","href":"https:\/\/api.w.org\/{rel}","templated":true}]}}