{"id":431977,"date":"2023-02-07T10:21:58","date_gmt":"2023-02-07T13:21:58","guid":{"rendered":"https:\/\/investnews.com.br\/?p=431977"},"modified":"2023-02-07T11:22:23","modified_gmt":"2023-02-07T14:22:23","slug":"haddad-diz-que-ata-do-copom-e-mais-amigavel-que-o-comunicado","status":"publish","type":"post","link":"https:\/\/investnews.com.br\/economia\/haddad-diz-que-ata-do-copom-e-mais-amigavel-que-o-comunicado\/","title":{"rendered":"Haddad diz que ata do Copom \u00e9 &#8216;mais amig\u00e1vel&#8217; que o comunicado"},"content":{"rendered":"\n<p>O ministro da Fazenda, Fernando Haddad, disse na manh\u00e3 desta ter\u00e7a-feira (7) que a <a href=\"https:\/\/investnews.com.br\/economia\/copom-selic-fevereiro-2023\/\">ata do Comit\u00ea de Pol\u00edtica Monet\u00e1ria&nbsp;(Copom)<\/a> \u00e9 &#8220;mais amig\u00e1vel&#8221; e melhor do que o comunicado do Banco Central na semana passada que manteve a <a href=\"https:\/\/investnews.com.br\/economia\/copom-selic-fevereiro-2023\/\">Selic, taxa b\u00e1sica de juros, em 13,75% ao ano.<\/a><\/p>\n\n\n\n<blockquote class=\"wp-block-quote is-layout-flow wp-block-quote-is-layout-flow\">\n<p>\u201cHoje teve a ata do <a href=\"https:\/\/investnews.com.br\/guias\/copom-taxa-selic\/\">Copom<\/a>, a ata veio melhor do que o comunicado, uma ata mais extensa, mais anal\u00edtica, colocando pontos importantes sobre o trabalho do Minist\u00e9rio da Fazenda, uma ata mais amig\u00e1vel em rela\u00e7\u00e3o aos pr\u00f3ximos passos que ser\u00e3o tomados.\u201d<\/p>\n<\/blockquote>\n\n\n\n<p>A ata ressaltou que alguns membros do Copom notaram que a execu\u00e7\u00e3o do pacote apresentado pelo Minist\u00e9rio da Fazenda deveria atenuar o risco fiscal e que ser\u00e1 importante acompanhar sua implementa\u00e7\u00e3o.<\/p>\n\n\n\n<blockquote class=\"wp-block-quote is-layout-flow wp-block-quote-is-layout-flow\">\n<p>\u201cA revis\u00e3o do arcabou\u00e7o fiscal diminui a visibilidade sobre as contas p\u00fablicas para os pr\u00f3ximos anos e introduz pr\u00eamios nos pre\u00e7os de ativos e impacta as expectativas de infla\u00e7\u00e3o\u201d, disse o documento.<\/p>\n<\/blockquote>\n\n\n\n<p>De acordo com a ata, o Copom seguir\u00e1 acompanhando os impactos de est\u00edmulos fiscais sobre atividade e infla\u00e7\u00e3o.<\/p>\n\n\n\n<figure class=\"wp-block-image size-large\"><img loading=\"lazy\" decoding=\"async\" width=\"1024\" height=\"683\" src=\"https:\/\/media.investnews.com.br\/uploads\/2022\/10\/bc-1024x683.jpg\" alt=\"Pr\u00e9dio do Banco Central, em Bras\u00edlia\" class=\"wp-image-370236\" srcset=\"https:\/\/media.investnews.com.br\/uploads\/2022\/10\/bc-1024x683.jpg 1024w, https:\/\/media.investnews.com.br\/uploads\/2022\/10\/bc-300x200.jpg 300w, https:\/\/media.investnews.com.br\/uploads\/2022\/10\/bc-768x512.jpg 768w, https:\/\/media.investnews.com.br\/uploads\/2022\/10\/bc-1536x1024.jpg 1536w, https:\/\/media.investnews.com.br\/uploads\/2022\/10\/bc-1256x837.jpg 1256w, https:\/\/media.investnews.com.br\/uploads\/2022\/10\/bc-172x115.jpg 172w, https:\/\/media.investnews.com.br\/uploads\/2022\/10\/bc-150x100.jpg 150w, https:\/\/media.investnews.com.br\/uploads\/2022\/10\/bc.jpg 2048w\" sizes=\"auto, (max-width: 1024px) 100vw, 1024px\" \/><figcaption class=\"wp-element-caption\">Pr\u00e9dio do Banco Central, em Bras\u00edlia\n22\/03\/2022\nREUTERS\/Adriano Machado<\/figcaption><\/figure>\n\n\n\n<p>Questionado sobre mudan\u00e7as na meta da infla\u00e7\u00e3o, o ministro disse que n\u00e3o est\u00e1 com a pauta definida para a reuni\u00e3o do Conselho Monet\u00e1rio Nacional (CMN) que ocorre na pr\u00f3xima semana. <\/p>\n\n\n\n<p>\u201cA reuni\u00e3o da semana que vem ainda n\u00e3o est\u00e1 com a pauta definida, hoje eu tive uma primeira conversa com a ministra do Planejamento [Simone Tebet] e isso vai ser discutido pelo governo pra gente adotar os pr\u00f3ximos passos&#8221;, disse.<\/p>\n\n\n\n<p>Foi a quarta vez seguida que o Banco Central deixa a Selic inalterada em 13,75%. Esse \u00e9 o patamar mais alto dos juros da economia desde novembro de 2016.<\/p>\n\n\n\n<p>Em rela\u00e7\u00e3o ao pacote fiscal, Haddad disse que as medidas est\u00e3o em andamento e comemorou o placar favor\u00e1vel no Supremo Tribunal Federal em rela\u00e7\u00e3o ao <a href=\"https:\/\/investnews.com.br\/economia\/e-uma-vergonha-o-que-esta-acontecendo-no-carf-diz-haddad\/\">voto de qualidade do Carf.<\/a><\/p>\n\n\n\n<p>\u201cAs medidas anunciadas est\u00e3o em curso, semana passada n\u00f3s tivemos uma vit\u00f3ria at\u00e9 surpreendente no STF, o julgamento n\u00e3o terminou, mas n\u00f3s temos 6 a 0 no placar em rela\u00e7\u00e3o a coisa julgada. Isso \u00e9 um recado importante nos debates sobre o Carf, aquela hist\u00f3ria de que acaba a discuss\u00e3o jur\u00eddica no Carf n\u00e3o pode mais acontecer&#8221;, destacou. <\/p>\n\n\n\n<p><\/p>\n","protected":false},"excerpt":{"rendered":"<p>Ministro da Fazenda elogiou documento emitido pelo Banco Central nesta ter\u00e7a-feira (7).<\/p>\n","protected":false},"author":73,"featured_media":432038,"comment_status":"closed","ping_status":"open","sticky":false,"template":"","format":"standard","meta":{"_acf_changed":false,"inline_featured_image":false,"footnotes":""},"categories":[5],"tags":[639,101620,51],"autor-wsj":[],"coauthors":[101284],"class_list":["post-431977","post","type-post","status-publish","format-standard","has-post-thumbnail","hentry","category-economia","tag-copom","tag-fernando-haddad","tag-selic"],"acf":[],"amp_enabled":true,"_links":{"self":[{"href":"https:\/\/investnews.com.br\/inv-api\/wp\/v2\/posts\/431977","targetHints":{"allow":["GET"]}}],"collection":[{"href":"https:\/\/investnews.com.br\/inv-api\/wp\/v2\/posts"}],"about":[{"href":"https:\/\/investnews.com.br\/inv-api\/wp\/v2\/types\/post"}],"author":[{"embeddable":true,"href":"https:\/\/investnews.com.br\/inv-api\/wp\/v2\/users\/73"}],"replies":[{"embeddable":true,"href":"https:\/\/investnews.com.br\/inv-api\/wp\/v2\/comments?post=431977"}],"version-history":[{"count":24,"href":"https:\/\/investnews.com.br\/inv-api\/wp\/v2\/posts\/431977\/revisions"}],"predecessor-version":[{"id":432039,"href":"https:\/\/investnews.com.br\/inv-api\/wp\/v2\/posts\/431977\/revisions\/432039"}],"wp:featuredmedia":[{"embeddable":true,"href":"https:\/\/investnews.com.br\/inv-api\/wp\/v2\/media\/432038"}],"wp:attachment":[{"href":"https:\/\/investnews.com.br\/inv-api\/wp\/v2\/media?parent=431977"}],"wp:term":[{"taxonomy":"category","embeddable":true,"href":"https:\/\/investnews.com.br\/inv-api\/wp\/v2\/categories?post=431977"},{"taxonomy":"post_tag","embeddable":true,"href":"https:\/\/investnews.com.br\/inv-api\/wp\/v2\/tags?post=431977"},{"taxonomy":"autor-wsj","embeddable":true,"href":"https:\/\/investnews.com.br\/inv-api\/wp\/v2\/autor-wsj?post=431977"},{"taxonomy":"author","embeddable":true,"href":"https:\/\/investnews.com.br\/inv-api\/wp\/v2\/coauthors?post=431977"}],"curies":[{"name":"wp","href":"https:\/\/api.w.org\/{rel}","templated":true}]}}