{"id":433320,"date":"2023-02-08T19:14:54","date_gmt":"2023-02-08T22:14:54","guid":{"rendered":"https:\/\/investnews.com.br\/?p=433320"},"modified":"2023-02-15T16:29:00","modified_gmt":"2023-02-15T19:29:00","slug":"revisao-do-fgts-pela-inflacao-entenda","status":"publish","type":"post","link":"https:\/\/investnews.com.br\/financas\/revisao-do-fgts-pela-inflacao-entenda\/","title":{"rendered":"Corre\u00e7\u00e3o do FGTS pela infla\u00e7\u00e3o deve ser decidida em abril; entenda"},"content":{"rendered":"\n<figure class=\"wp-block-embed is-type-video is-provider-youtube wp-block-embed-youtube wp-embed-aspect-16-9 wp-has-aspect-ratio\"><div class=\"wp-block-embed__wrapper\">\n<iframe loading=\"lazy\" title=\"Corre\u00e7\u00e3o do FGTS pela infla\u00e7\u00e3o: quem teria direito?\" width=\"500\" height=\"281\" src=\"https:\/\/www.youtube.com\/embed\/dqGPgpKeSFU?feature=oembed\" frameborder=\"0\" allow=\"accelerometer; autoplay; clipboard-write; encrypted-media; gyroscope; picture-in-picture; web-share\" referrerpolicy=\"strict-origin-when-cross-origin\" allowfullscreen><\/iframe>\n<\/div><\/figure>\n\n\n\n<p>Em abril, o Supremo Tribunal Federal (<strong>STF<\/strong>) deve julgar a a\u00e7\u00e3o que pede que o Fundo de Garantia do Tempo de Servi\u00e7o (<strong><a href=\"https:\/\/investnews.com.br\/guias\/fgts-como-funciona-como-sacar\/\">FGTS<\/a><\/strong>) seja corrigido por algum indicador de infla\u00e7\u00e3o oficial do pa\u00eds e n\u00e3o mais pela <a href=\"https:\/\/investnews.com.br\/guias\/taxa-referencial-o-que-e\/\">Taxa Referencial<\/a> (TR) e 3% de juros ao ano. A medida pode beneficiar um grupo de pessoas que j\u00e1 pediu a <strong>revis\u00e3o do FGTS pela infla\u00e7\u00e3o<\/strong>, mas tamb\u00e9m existe a possibilidade de se estender a todos os benefici\u00e1rios.<\/p>\n\n\n\n<p>O pedido foi feito por meio da A\u00e7\u00e3o Direta de Inconstitucionalidade (ADI) n\u00ba 5090, aberta pelo partido Solidariedade em 2014. O argumento do partido \u00e9 de que as regras atuais do FGTS causam perda de poder de compra do dinheiro acumulado pelos benefici\u00e1rios e violam o direito de propriedade e de moralidade administrativa dos benefici\u00e1rios.&nbsp;<\/p>\n\n\n\n<p>Ricardo Teixeira, coordenador do MBA de gest\u00e3o financeira da Funda\u00e7\u00e3o Get\u00falio Vargas (FGV), comenta que &#8220;o STF deve aprovar a corre\u00e7\u00e3o do saldo do FGTS pelos \u00edndices de infla\u00e7\u00e3o por um motivo simples: porque \u00e9 justo fazer&#8221;, visto que os valores v\u00e3o voltar a corresponder ao poder de compra que o trabalhador tinha quando recebeu o dinheiro.<\/p>\n\n\n\n<p>&#8220;N\u00e3o \u00e9 justo que o trabalhador hoje tenha um desconto do seu sal\u00e1rio\u2026 que, l\u00e1 no futuro quando ele sacar, ele n\u00e3o possa comprar as mesmas coisas&#8221;, pontua.<\/p>\n\n\n\n<p>No entanto, enquanto alguns especialistas apontam para o benef\u00edcio da <strong>recomposi\u00e7\u00e3o do poder de compra do trabalhador<\/strong>, outros apontam os riscos para as contas p\u00fablicas e <strong>poss\u00edvel furo no teto de gastos<\/strong>. Cl\u00e1udia Securato, advogada e professora da Saint Paul Escola de Neg\u00f3cios, afirma que &#8220;as decis\u00f5es do STF impactam no Or\u00e7amento, mas n\u00e3o est\u00e3o previstas no Or\u00e7amento&#8221;.&nbsp;<\/p>\n\n\n\n<p>Com o pagamento pelo governo dos valores correspondentes \u00e0 corre\u00e7\u00e3o do FGTS pela infla\u00e7\u00e3o,<strong> a a\u00e7\u00e3o pode custar em torno de R$ 300 bilh\u00f5es aos cofres p\u00fablicos<\/strong>, segundo c\u00e1lculos feitos pela Advocacia Geral da Uni\u00e3o (AGU). O valor se refere \u00e0 soma que seria gasta se a decis\u00e3o do STF for favor\u00e1vel ao total das contas de trabalhadores e trabalhadoras que t\u00eam saldo no FGTS.<\/p>\n\n\n\n<h2 class=\"wp-block-heading\"><strong>Quem dever\u00e1 ter direito \u00e0 corre\u00e7\u00e3o do FGTS?&nbsp;<\/strong><\/h2>\n\n\n\n<figure class=\"wp-block-image size-large\"><img loading=\"lazy\" decoding=\"async\" width=\"1024\" height=\"613\" src=\"https:\/\/media.investnews.com.br\/uploads\/2022\/07\/aplicativo_fgtsabr_170820195558-1-1024x613.jpg\" alt=\"imagem do aplicativo do FGTS\" class=\"wp-image-348452\" srcset=\"https:\/\/media.investnews.com.br\/uploads\/2022\/07\/aplicativo_fgtsabr_170820195558-1-1024x613.jpg 1024w, https:\/\/media.investnews.com.br\/uploads\/2022\/07\/aplicativo_fgtsabr_170820195558-1-300x179.jpg 300w, https:\/\/media.investnews.com.br\/uploads\/2022\/07\/aplicativo_fgtsabr_170820195558-1-768x459.jpg 768w, https:\/\/media.investnews.com.br\/uploads\/2022\/07\/aplicativo_fgtsabr_170820195558-1-172x103.jpg 172w, https:\/\/media.investnews.com.br\/uploads\/2022\/07\/aplicativo_fgtsabr_170820195558-1-150x90.jpg 150w, https:\/\/media.investnews.com.br\/uploads\/2022\/07\/aplicativo_fgtsabr_170820195558-1.jpg 1170w\" sizes=\"auto, (max-width: 1024px) 100vw, 1024px\" \/><figcaption class=\"wp-element-caption\">Marcelo Camargo\/Ag\u00eancia Brasil<\/figcaption><\/figure>\n\n\n\n<p>Caso a ADI seja aprovada, o reajuste pode se estender a todos os trabalhadores que t\u00eam dinheiro no FGTS ou apenas aqueles que j\u00e1 moveram a\u00e7\u00f5es judiciais sobre o tema.<\/p>\n\n\n\n<p>Quando a TR foi criada, no in\u00edcio da d\u00e9cada de 1990, ela se aproximava da infla\u00e7\u00e3o, mas, a partir de 1999, ela sofreu uma defasagem que s\u00f3 vem se agravando com o decorrer do tempo, a ponto de, em 2013, ter sido fixada em 0,19% \u2013 a infla\u00e7\u00e3o no mesmo ano foi de quase 6%, considerando o \u00cdndice de Pre\u00e7os ao Consumidor Amplo (<a href=\"https:\/\/investnews.com.br\/guias\/o-que-e-ipca\/\">IPCA<\/a>).<\/p>\n\n\n\n<p>Neste per\u00edodo, de 1999 a 2013, por volta de <strong>25 mil trabalhadores moveram processos <\/strong>para pedir a corre\u00e7\u00e3o do FGTS, segundo a Caixa Econ\u00f4mica Federal \u2013 lembrando que foi em 2014 que o Solidariedade enviou a proposta da ADI.&nbsp;<\/p>\n\n\n\n<p>Outra decis\u00e3o que o STF ter\u00e1 que tomar \u00e9 se a corre\u00e7\u00e3o ir\u00e1 se estender aos dias atuais ou se restringir ao per\u00edodo de 1999 a 2013, ano anterior \u00e0 propositura da a\u00e7\u00e3o.<\/p>\n","protected":false},"excerpt":{"rendered":"<p>Medida rep\u00f5e poder de compra do trabalhador, mas pode ter impacto de R$ 300 bi nas contas p\u00fablicas, segundo AGU.<\/p>\n","protected":false},"author":51,"featured_media":348452,"comment_status":"closed","ping_status":"open","sticky":false,"template":"","format":"standard","meta":{"_acf_changed":false,"inline_featured_image":false,"footnotes":""},"categories":[4],"tags":[61,52],"autor-wsj":[],"coauthors":[2425],"class_list":["post-433320","post","type-post","status-publish","format-standard","has-post-thumbnail","hentry","category-financas","tag-fgts","tag-inflacao"],"acf":[],"amp_enabled":true,"_links":{"self":[{"href":"https:\/\/investnews.com.br\/inv-api\/wp\/v2\/posts\/433320","targetHints":{"allow":["GET"]}}],"collection":[{"href":"https:\/\/investnews.com.br\/inv-api\/wp\/v2\/posts"}],"about":[{"href":"https:\/\/investnews.com.br\/inv-api\/wp\/v2\/types\/post"}],"author":[{"embeddable":true,"href":"https:\/\/investnews.com.br\/inv-api\/wp\/v2\/users\/51"}],"replies":[{"embeddable":true,"href":"https:\/\/investnews.com.br\/inv-api\/wp\/v2\/comments?post=433320"}],"version-history":[{"count":12,"href":"https:\/\/investnews.com.br\/inv-api\/wp\/v2\/posts\/433320\/revisions"}],"predecessor-version":[{"id":437081,"href":"https:\/\/investnews.com.br\/inv-api\/wp\/v2\/posts\/433320\/revisions\/437081"}],"wp:featuredmedia":[{"embeddable":true,"href":"https:\/\/investnews.com.br\/inv-api\/wp\/v2\/media\/348452"}],"wp:attachment":[{"href":"https:\/\/investnews.com.br\/inv-api\/wp\/v2\/media?parent=433320"}],"wp:term":[{"taxonomy":"category","embeddable":true,"href":"https:\/\/investnews.com.br\/inv-api\/wp\/v2\/categories?post=433320"},{"taxonomy":"post_tag","embeddable":true,"href":"https:\/\/investnews.com.br\/inv-api\/wp\/v2\/tags?post=433320"},{"taxonomy":"autor-wsj","embeddable":true,"href":"https:\/\/investnews.com.br\/inv-api\/wp\/v2\/autor-wsj?post=433320"},{"taxonomy":"author","embeddable":true,"href":"https:\/\/investnews.com.br\/inv-api\/wp\/v2\/coauthors?post=433320"}],"curies":[{"name":"wp","href":"https:\/\/api.w.org\/{rel}","templated":true}]}}