{"id":435763,"date":"2023-02-14T08:02:26","date_gmt":"2023-02-14T11:02:26","guid":{"rendered":"https:\/\/investnews.com.br\/?p=435763"},"modified":"2024-06-25T15:24:49","modified_gmt":"2024-06-25T18:24:49","slug":"3-fatos-para-hoje-japao-evita-recessao-pandemia-tirou-renda-da-classe-media","status":"publish","type":"post","link":"https:\/\/investnews.com.br\/economia\/3-fatos-para-hoje-japao-evita-recessao-pandemia-tirou-renda-da-classe-media\/","title":{"rendered":"3 fatos para hoje: Jap\u00e3o evita recess\u00e3o; pandemia tirou renda da classe m\u00e9dia"},"content":{"rendered":"\n<h2 class=\"wp-block-heading\">1 &#8211; Jap\u00e3o evita recess\u00e3o mas recupera\u00e7\u00e3o no 4\u00ba tri \u00e9 fraca<\/h2>\n\n\n\n<p>A economia do Jap\u00e3o evitou a recess\u00e3o mas se recuperou muito menos do que o esperado no quarto trimestre uma vez que o investimento empresarial caiu, um sinal do desafio que o banco central enfrenta na elimina\u00e7\u00e3o gradual de seu programa de est\u00edmulo.<\/p>\n\n\n\n<p>Embora o consumo privado esteja resistindo aos obst\u00e1culos do aumento do custo de vida, as incertezas sobre as perspectivas econ\u00f4micas globais pesar\u00e3o sobre a recupera\u00e7\u00e3o tardia do Jap\u00e3o em rela\u00e7\u00e3o \u00e0s cicatrizes da pandemia da Covid-19, dizem analistas.<\/p>\n\n\n\n<p>A terceira maior economia do mundo expandiu uma taxa anualizada de 0,6% no \u00faltimo trimestre do ano passado, depois de ter ca\u00eddo 1,0% entre julho e setembro, mostraram dados do governo nesta ter\u00e7a-feira.<\/p>\n\n\n\n<p>O aumento do Produto Interno Bruto (PIB) foi muito menor do que a expectativa do mercado de um crescimento de 2,0%, devido a uma queda nos gastos de capital e nos estoques.<\/p>\n\n\n\n<p>&#8220;A partir de um crescimento negativo em julho-setembro, a recupera\u00e7\u00e3o n\u00e3o \u00e9 muito impressionante&#8221;, disse Toru Suehiro, economista-chefe da Daiwa Securities.<\/p>\n\n\n\n<p>&#8220;Podemos esperar que o consumo aumente \u00e0 medida que os gastos com servi\u00e7os se estabilizem. Mas \u00e9 dif\u00edcil projetar uma forte recupera\u00e7\u00e3o em parte devido \u00e0 press\u00e3o da infla\u00e7\u00e3o crescente&#8221;, disse ele.<\/p>\n\n\n\n<p>Os dados fracos destacam a delicada tarefa nas m\u00e3os de Kazuo Ueda, indicado pelo governo para se tornar o pr\u00f3ximo presidente do Banco do Jap\u00e3o, conforme ele tra\u00e7a um caminho para normalizar a pol\u00edtica ultrafrouxa do banco sem afetar a fr\u00e1gil recupera\u00e7\u00e3o econ\u00f4mica.<\/p>\n\n\n\n<h2 class=\"wp-block-heading\">2 &#8211; Diret\u00f3rio Nacional do PT decide apoiar convoca\u00e7\u00e3o de presidente do BC ao Congresso<\/h2>\n\n\n\n<p>Em mais uma investida contra a taxa de juros, o Diret\u00f3rio Nacional do PT decidiu apoiar uma convoca\u00e7\u00e3o do presidente do Banco Central, Roberto Campos Neto, ao Congresso para prestar esclarecimentos sobre a pol\u00edtica monet\u00e1ria, informou a presidente nacional do PT, Gleisi Hoffmann.<\/p>\n\n\n\n<p>Segundo Gleisi, o posicionamento do partido ser\u00e1 formalizado em resolu\u00e7\u00e3o do diret\u00f3rio, e pode ser convertido para um convite a Campos Neto, desde que ele se disponha a ir ao Parlamento.<\/p>\n\n\n\n<p>&#8220;Tiramos o posicionamento do PT de chamar o presidente do Banco Central, convocar o presidente do Banco Central para fazer explica\u00e7\u00f5es ao Congresso Nacional&#8221;, disse Gleisi, argumentando que se Campos Neto tem se disponibilizado a entrevistas, pode tamb\u00e9m falar com os parlamentares.<\/p>\n\n\n\n<p>&#8220;\u00c9 importante que ele v\u00e1 tamb\u00e9m ao Congresso Nacional, que \u00e9 a Casa representativa do povo brasileiro. Ent\u00e3o essa foi a nossa posi\u00e7\u00e3o hoje no Diret\u00f3rio Nacional.&#8221;<\/p>\n\n\n\n<p>O presidente Luiz In\u00e1cio Lula da Silva trouxe para o centro do debate a <a href=\"https:\/\/investnews.com.br\/guias\/taxa-selic\/\">taxa Selic<\/a>, atualmente em 13,75% ao ano, e questiona a razoabilidade do patamar em compara\u00e7\u00e3o a outros pa\u00edses.<\/p>\n\n\n\n<p>Segundo Gleisi, no debate interno do PT &#8220;todos&#8221; concordaram com a posi\u00e7\u00e3o de Lula.<\/p>\n\n\n\n<p>&#8220;Achamos exagerado os juros que tem. Achamos importante rediscutir a meta da infla\u00e7\u00e3o&#8221;, afirmou a presidente do partido.<\/p>\n\n\n\n<p>Mais tarde, em ato em comemora\u00e7\u00e3o de 43 anos da legenda, Gleisi defendeu que o debate econ\u00f4mico ocorra &#8220;sem medo&#8221;, seja sobre a pol\u00edtica monet\u00e1ria, fiscal ou cambial.<\/p>\n\n\n\n<p>&#8220;Est\u00e1 na hora de enfrentarmos esse discurso mercadocrata dos ricos desse pa\u00eds, que temos risco fiscal. Qual risco? De n\u00e3o pagar a d\u00edvida? Mentira. Nossa d\u00edvida \u00e9 toda em reais, numa propor\u00e7\u00e3o razo\u00e1vel do PIB&#8221;, argumentou a presidente do PT, em discurso no ato partid\u00e1rio.<\/p>\n\n\n\n<p>&#8220;Eles mentem, e o Banco Central, uma autarquia do Estado brasileiro, corrobora com a mentira, impondo um arrocho de juros elevados ao Brasil. Isso tem que mudar. Temos um mercado antiquado, atrasado que n\u00e3o percebeu ainda as mudan\u00e7as internacionais.&#8221;<\/p>\n\n\n\n<p>O Diret\u00f3rio Nacional do PT reuniu-se na segunda-feira pela primeira vez desde a elei\u00e7\u00e3o de Lula para discutir a atual conjuntura, assuntos internos e informes.<\/p>\n\n\n\n<p><strong>SINAIS<\/strong><\/p>\n\n\n\n<p>J\u00e1 tramita, na C\u00e2mara dos Deputados, um requerimento apresentado pelo aliado PSOL para que Campos Neto tenha que explicar pessoalmente a condu\u00e7\u00e3o da pol\u00edtica monet\u00e1ria. O l\u00edder do PT na Casa, deputado Zeca Dirceu (PT-PR), j\u00e1 havia se antecipado e anunciado no Twitter ter assinado o pedido.<\/p>\n\n\n\n<p>&#8220;Assinei o requerimento convidando o presidente do Banco Central, como qualquer autoridade, para vir \u00e0 C\u00e2mara explicar, dar satisfa\u00e7\u00e3o. Para mim, ele vai ter de explicar o inexplic\u00e1vel&#8221;, publicou o l\u00edder petista.<\/p>\n\n\n\n<p>O requerimento precisa ser votado pelo plen\u00e1rio. N\u00e3o h\u00e1 convoca\u00e7\u00e3o, no sistema da C\u00e2mara, de sess\u00f5es deliberativas para esta semana.<\/p>\n\n\n\n<p>Na reuni\u00e3o do diret\u00f3rio desta segunda-feira, o ministro da Fazenda, Fernando Haddad, tamb\u00e9m criticou a taxa de juros, informou uma fonte, embora tenha admitido que n\u00e3o esperava qualquer mudan\u00e7a na pol\u00edtica monet\u00e1ria na \u00faltima reuni\u00e3o do <a href=\"https:\/\/investnews.com.br\/guias\/copom-taxa-selic\/\">Copom<\/a> que decidiu n\u00e3o alterar a Selic. Haddad teria manifestado ainda a expectativa de que o BC sinalize uma redu\u00e7\u00e3o das taxas at\u00e9 o fim do ano.<\/p>\n\n\n\n<p>A autonomia do Banco Central tamb\u00e9m entrou no debate, mas ministros de Lula e lideran\u00e7as aliadas t\u00eam, em diversas declara\u00e7\u00f5es, negado qualquer inten\u00e7\u00e3o de mexer nesse quesito.<\/p>\n\n\n\n<p>O PSOL, no entanto, apresentou \u00e0 C\u00e2mara um projeto que altera as regras de autonomia do Banco Central, que determinam, entre outros pontos, a n\u00e3o coincid\u00eancia dos mandatos do presidente do BC e do presidente na Rep\u00fablica.<\/p>\n\n\n\n<p>A lei da autonomia tamb\u00e9m prev\u00ea que o presidente do BC deve apresentar semestralmente, no Senado, relat\u00f3rios de infla\u00e7\u00e3o e de estabilidade financeira explicando as decis\u00f5es tomadas no per\u00edodo anterior.<\/p>\n\n\n\n<h2 class=\"wp-block-heading\">3 &#8211; Pandemia tirou renda da classe m\u00e9dia e aumentou desigualdade no Brasil, mostra FGV<\/h2>\n\n\n\n<figure class=\"wp-block-image size-large\"><img loading=\"lazy\" decoding=\"async\" width=\"1024\" height=\"683\" src=\"https:\/\/media.investnews.com.br\/uploads\/2023\/02\/2023-02-13T224937Z_1_LYNXMPEJ1C0YV_RTROPTP_4_HEALTH-CORONAVIRUS-BRAZIL-1024x683.jpg\" alt=\"\" class=\"wp-image-435766\" srcset=\"https:\/\/media.investnews.com.br\/uploads\/2023\/02\/2023-02-13T224937Z_1_LYNXMPEJ1C0YV_RTROPTP_4_HEALTH-CORONAVIRUS-BRAZIL-1024x683.jpg 1024w, https:\/\/media.investnews.com.br\/uploads\/2023\/02\/2023-02-13T224937Z_1_LYNXMPEJ1C0YV_RTROPTP_4_HEALTH-CORONAVIRUS-BRAZIL-300x200.jpg 300w, https:\/\/media.investnews.com.br\/uploads\/2023\/02\/2023-02-13T224937Z_1_LYNXMPEJ1C0YV_RTROPTP_4_HEALTH-CORONAVIRUS-BRAZIL-768x512.jpg 768w, https:\/\/media.investnews.com.br\/uploads\/2023\/02\/2023-02-13T224937Z_1_LYNXMPEJ1C0YV_RTROPTP_4_HEALTH-CORONAVIRUS-BRAZIL-1536x1024.jpg 1536w, https:\/\/media.investnews.com.br\/uploads\/2023\/02\/2023-02-13T224937Z_1_LYNXMPEJ1C0YV_RTROPTP_4_HEALTH-CORONAVIRUS-BRAZIL-1256x837.jpg 1256w, https:\/\/media.investnews.com.br\/uploads\/2023\/02\/2023-02-13T224937Z_1_LYNXMPEJ1C0YV_RTROPTP_4_HEALTH-CORONAVIRUS-BRAZIL-172x115.jpg 172w, https:\/\/media.investnews.com.br\/uploads\/2023\/02\/2023-02-13T224937Z_1_LYNXMPEJ1C0YV_RTROPTP_4_HEALTH-CORONAVIRUS-BRAZIL-150x100.jpg 150w, https:\/\/media.investnews.com.br\/uploads\/2023\/02\/2023-02-13T224937Z_1_LYNXMPEJ1C0YV_RTROPTP_4_HEALTH-CORONAVIRUS-BRAZIL.jpg 2048w\" sizes=\"auto, (max-width: 1024px) 100vw, 1024px\" \/><figcaption class=\"wp-element-caption\">Homem faz teste de Covid-19 em Porto Alegre\n20\/01\/2022\nREUTERS\/Diego Vara<\/figcaption><\/figure>\n\n\n\n<p>A desigualdade de renda no Brasil aumentou no Brasil durante a pandemia, mesmo com o pagamento do aux\u00edlio emergencial, por causa da perda de renda da classe m\u00e9dia, mostra o estudo Mapa da Riqueza, preparado pela Funda\u00e7\u00e3o Get\u00falio Vargas.<\/p>\n\n\n\n<p>Com base em dados do <a href=\"https:\/\/investnews.com.br\/guias\/imposto-de-renda-o-que-e\/\">Imposto de Renda<\/a>, os pesquisadores Marcelo Neri e Marcos Hecksher mostram que a desigualdade de renda no pa\u00eds \u00e9 maior do que a calculada com os dados de renda do IBGE, coletados nas Pesquisas por Amostra de Domic\u00edlio (Pnad). Usando os dados da Pnad e do IR, o \u00edndice de gini &#8211; que mede a desigualdade de renda &#8211; chega a 0,7068 em 2020, contra 0,7066, bem acima dos 0,6013 calculado apenas com a Pnad, quando mostrava uma queda ante 0,6117 do ano anterior.<\/p>\n\n\n\n<p>&#8220;Se a fotografia da distribui\u00e7\u00e3o de renda \u00e9 p\u00e9ssima, o filme da pandemia tamb\u00e9m \u00e9. Neri e Hecksher (2023) mostram que, mesmo com o Aux\u00edlio Emergencial que preservou a renda dos mais pobres, a desigualdade n\u00e3o caiu em 2020, como se acreditava. Isso porque o ganho da classe m\u00e9dia tupiniquim teve desempenho muito pior que o dos mais ricos&#8221;, aponta o estudo. &#8220;As perdas dos mais ricos (dos 1%+ foi -1,5%) foram menos da metade das da classe m\u00e9dia tupiniquim (-4,2%), a grande perdedora da pandemia.&#8221;<\/p>\n\n\n\n<p>O Mapa da Riqueza mostra, ainda, que o Distrito Federal continua sendo a unidade da federa\u00e7\u00e3o com maior renda per capita do pa\u00eds &#8211; 3.148 reais &#8211; e patrim\u00f4nio declarado &#8211; 94.684 reais -, enquanto Maranh\u00e3o, com respectivamente 409 reais e 6.329, se mant\u00e9m como o mais pobre.<\/p>\n\n\n\n<p>Os dados do estudo mostram, no entanto, que uma grande parte da popula\u00e7\u00e3o n\u00e3o chega nem mesmo a alcan\u00e7ar renda suficiente para declarar o imposto de renda. Em 24 das 27 unidades da federa\u00e7\u00e3o e 16 das capitais brasileiras, 80% ou mais da popula\u00e7\u00e3o n\u00e3o fez a declara\u00e7\u00e3o, mostrando que tem renda menor do que 2 mil reais.<\/p>\n\n\n\n<p>Ao mesmo tempo, o estudo mostra bols\u00f5es de riqueza pelo pa\u00eds. No Distrito Federal, os moradores do bairro Lago Sul tem renda m\u00e9dia pr\u00f3xima dos 40 mil reais, e o patrim\u00f4nio em torno de 1,4 milh\u00e3o de reais &#8211; maior do que a renda de qualquer munic\u00edpio brasileiro.<\/p>\n\n\n\n<p>Entre os 20 munic\u00edpios mais ricos do pa\u00eds com popula\u00e7\u00e3o acima de 50 mil habitantes, todos s\u00e3o nas regi\u00f5es Sul e Sudeste &#8211; Nova Lima (MG), com renda m\u00e9dia de 8.897 est\u00e1 em primeiro lugar &#8211; enquanto os 10 mais pobres, tamb\u00e9m com popula\u00e7\u00e3o acima de 50 mil pessoas, ficam nas regi\u00f5es Norte e Nordeste. Brejo da Madre de Deus (PE) tem a menor renda per capita, 659 reais.<\/p>\n","protected":false},"excerpt":{"rendered":"<p>E mais: PT quer esclarecimentos de Campos Neto, presidente do BC,  sobre pol\u00edtica monet\u00e1ria.<\/p>\n","protected":false},"author":61,"featured_media":435766,"comment_status":"closed","ping_status":"open","sticky":false,"template":"","format":"standard","meta":{"_acf_changed":false,"inline_featured_image":false,"footnotes":""},"categories":[5],"tags":[1004],"autor-wsj":[],"coauthors":[2494],"class_list":["post-435763","post","type-post","status-publish","format-standard","has-post-thumbnail","hentry","category-economia","tag-japao"],"acf":[],"amp_enabled":true,"_links":{"self":[{"href":"https:\/\/investnews.com.br\/inv-api\/wp\/v2\/posts\/435763","targetHints":{"allow":["GET"]}}],"collection":[{"href":"https:\/\/investnews.com.br\/inv-api\/wp\/v2\/posts"}],"about":[{"href":"https:\/\/investnews.com.br\/inv-api\/wp\/v2\/types\/post"}],"author":[{"embeddable":true,"href":"https:\/\/investnews.com.br\/inv-api\/wp\/v2\/users\/61"}],"replies":[{"embeddable":true,"href":"https:\/\/investnews.com.br\/inv-api\/wp\/v2\/comments?post=435763"}],"version-history":[{"count":5,"href":"https:\/\/investnews.com.br\/inv-api\/wp\/v2\/posts\/435763\/revisions"}],"predecessor-version":[{"id":435772,"href":"https:\/\/investnews.com.br\/inv-api\/wp\/v2\/posts\/435763\/revisions\/435772"}],"wp:featuredmedia":[{"embeddable":true,"href":"https:\/\/investnews.com.br\/inv-api\/wp\/v2\/media\/435766"}],"wp:attachment":[{"href":"https:\/\/investnews.com.br\/inv-api\/wp\/v2\/media?parent=435763"}],"wp:term":[{"taxonomy":"category","embeddable":true,"href":"https:\/\/investnews.com.br\/inv-api\/wp\/v2\/categories?post=435763"},{"taxonomy":"post_tag","embeddable":true,"href":"https:\/\/investnews.com.br\/inv-api\/wp\/v2\/tags?post=435763"},{"taxonomy":"autor-wsj","embeddable":true,"href":"https:\/\/investnews.com.br\/inv-api\/wp\/v2\/autor-wsj?post=435763"},{"taxonomy":"author","embeddable":true,"href":"https:\/\/investnews.com.br\/inv-api\/wp\/v2\/coauthors?post=435763"}],"curies":[{"name":"wp","href":"https:\/\/api.w.org\/{rel}","templated":true}]}}