{"id":437317,"date":"2023-02-16T09:13:19","date_gmt":"2023-02-16T12:13:19","guid":{"rendered":"https:\/\/investnews.com.br\/?p=437317"},"modified":"2023-02-16T09:13:24","modified_gmt":"2023-02-16T12:13:24","slug":"mercadante-defende-novo-plano-safra-para-estimular-economia-de-baixo-carbono","status":"publish","type":"post","link":"https:\/\/investnews.com.br\/economia\/mercadante-defende-novo-plano-safra-para-estimular-economia-de-baixo-carbono\/","title":{"rendered":"Mercadante defende novo plano safra para estimular economia de baixo carbono"},"content":{"rendered":"\n<p>O presidente do Banco Nacional de Desenvolvimento Econ\u00f4mico e Social <strong>(BNDES)<\/strong>, Aloizio Mercadante, defendeu na quarta-feira, 15, o apoio da institui\u00e7\u00e3o de fomento ao frigor\u00edfico <strong>JBS <\/strong><a href=\"https:\/\/investnews.com.br\/cotacao\/jbss3-jbs\/\">(JBSS3)<\/a>, mas reconheceu que as pr\u00e1ticas ambientais das empresas do agroneg\u00f3cio ter\u00e3o que mudar num contexto de<strong> transi\u00e7\u00e3o para uma economia de baixo carbono<\/strong>. Para Mercadante, o cr\u00e9dito agr\u00edcola poder\u00e1 ser uma ferramenta de est\u00edmulo a essas novas pr\u00e1ticas na agropecu\u00e1ria.<\/p>\n\n\n\n<p><strong>&#8220;Vamos precisar de um novo plano safra para estimular a agricultura de baixo carbono e estimular a recupera\u00e7\u00e3o de \u00e1reas de pasto degradado&#8221;<\/strong>, afirmou o presidente do BNDES, em entrevista coletiva sobre o Fundo Amaz\u00f4nia, na sede do banco, no Rio.<\/p>\n\n\n\n<p>Segundo Mercadante, a \u00e1rea plantada da agricultura nacional poderia praticamente dobrar com a recupera\u00e7\u00e3o de \u00e1reas de pastagens degradadas. Os investimentos nessa recupera\u00e7\u00e3o e em outras pr\u00e1ticas sustent\u00e1veis de produ\u00e7\u00e3o podem ser incentivados com melhores condi\u00e7\u00f5es de cr\u00e9dito. &#8220;Tem que ter diferencial de juros para estimular novas praticas&#8221;, afirmou Mercadante.<\/p>\n\n\n\n<p>O presidente do BNDES foi instado a comentar sobre o apoio ao JBS &#8211; destaque na pol\u00eamica pol\u00edtica que acabou conhecida como &#8220;campe\u00f5es nacionais&#8221;, durante os anos de expans\u00e3o do banco de fomento nos governos do PT &#8211; ao ser questionado sobre as pr\u00e1ticas ambientais do frigor\u00edfico.<\/p>\n\n\n\n<p>&#8220;Emprestamos em torno de R$ 8 bilh\u00f5es para a JBS&#8221;, afirmou Mercadante, numa refer\u00eancia \u00e0s opera\u00e7\u00f5es de apoio ao frigor\u00edfico, que, na verdade, foram em sua maioria feitas via participa\u00e7\u00e3o acion\u00e1ria no capital da companhia. &#8220;Tivemos um ganho de R$ 21 bilh\u00f5es (nas opera\u00e7\u00f5es com o JBS), mas voc\u00ea tem raz\u00e3o, as praticas da agricultura e da pecu\u00e1ria ter\u00e3o que mudar&#8221;, completou o presidente do BNDES, ao ser questionado sobre frequentes acusa\u00e7\u00f5es de m\u00e1s pr\u00e1ticas por parte do JBS, com destaque para a <strong>compra de gado de \u00e1reas em que pode haver desmatamento ilegal.<\/strong><\/p>\n\n\n\n<figure class=\"wp-block-embed is-type-video is-provider-youtube wp-block-embed-youtube wp-embed-aspect-16-9 wp-has-aspect-ratio\"><div class=\"wp-block-embed__wrapper\">\n<iframe loading=\"lazy\" title=\"Por que a\u00e7\u00e3o da Minerva (BEEF3) vai na contram\u00e3o de JBS e Marfrig?\" width=\"500\" height=\"281\" src=\"https:\/\/www.youtube.com\/embed\/retIr0hp34Y?start=2&#038;feature=oembed\" frameborder=\"0\" allow=\"accelerometer; autoplay; clipboard-write; encrypted-media; gyroscope; picture-in-picture; web-share\" referrerpolicy=\"strict-origin-when-cross-origin\" allowfullscreen><\/iframe>\n<\/div><\/figure>\n","protected":false},"excerpt":{"rendered":"<p>Presidente do BNDES defendeu apoio a JBS, mas reconheceu que as pr\u00e1ticas ambientais das empresas de agroneg\u00f3cio ter\u00e3o que mudar.<\/p>\n","protected":false},"author":62,"featured_media":384138,"comment_status":"closed","ping_status":"open","sticky":false,"template":"","format":"standard","meta":{"_acf_changed":false,"inline_featured_image":false,"footnotes":""},"categories":[5],"tags":[780,307,1673,1352,1674],"autor-wsj":[],"coauthors":[2499],"class_list":["post-437317","post","type-post","status-publish","format-standard","has-post-thumbnail","hentry","category-economia","tag-agronegocio","tag-bndespar","tag-esg","tag-jbs","tag-sustentabilidade"],"acf":[],"amp_enabled":true,"_links":{"self":[{"href":"https:\/\/investnews.com.br\/inv-api\/wp\/v2\/posts\/437317","targetHints":{"allow":["GET"]}}],"collection":[{"href":"https:\/\/investnews.com.br\/inv-api\/wp\/v2\/posts"}],"about":[{"href":"https:\/\/investnews.com.br\/inv-api\/wp\/v2\/types\/post"}],"author":[{"embeddable":true,"href":"https:\/\/investnews.com.br\/inv-api\/wp\/v2\/users\/62"}],"replies":[{"embeddable":true,"href":"https:\/\/investnews.com.br\/inv-api\/wp\/v2\/comments?post=437317"}],"version-history":[{"count":5,"href":"https:\/\/investnews.com.br\/inv-api\/wp\/v2\/posts\/437317\/revisions"}],"predecessor-version":[{"id":437327,"href":"https:\/\/investnews.com.br\/inv-api\/wp\/v2\/posts\/437317\/revisions\/437327"}],"wp:featuredmedia":[{"embeddable":true,"href":"https:\/\/investnews.com.br\/inv-api\/wp\/v2\/media\/384138"}],"wp:attachment":[{"href":"https:\/\/investnews.com.br\/inv-api\/wp\/v2\/media?parent=437317"}],"wp:term":[{"taxonomy":"category","embeddable":true,"href":"https:\/\/investnews.com.br\/inv-api\/wp\/v2\/categories?post=437317"},{"taxonomy":"post_tag","embeddable":true,"href":"https:\/\/investnews.com.br\/inv-api\/wp\/v2\/tags?post=437317"},{"taxonomy":"autor-wsj","embeddable":true,"href":"https:\/\/investnews.com.br\/inv-api\/wp\/v2\/autor-wsj?post=437317"},{"taxonomy":"author","embeddable":true,"href":"https:\/\/investnews.com.br\/inv-api\/wp\/v2\/coauthors?post=437317"}],"curies":[{"name":"wp","href":"https:\/\/api.w.org\/{rel}","templated":true}]}}