{"id":438939,"date":"2023-02-22T08:23:12","date_gmt":"2023-02-22T11:23:12","guid":{"rendered":"https:\/\/investnews.com.br\/?p=438939"},"modified":"2023-02-22T08:23:12","modified_gmt":"2023-02-22T11:23:12","slug":"americanas-devolve-20-dos-galpoes-usados-para-e-commerce","status":"publish","type":"post","link":"https:\/\/investnews.com.br\/financas\/americanas-devolve-20-dos-galpoes-usados-para-e-commerce\/","title":{"rendered":"Americanas devolve 20% dos galp\u00f5es usados para e-commerce"},"content":{"rendered":"\n<p>A<strong> Americanas<\/strong><a href=\"https:\/\/investnews.com.br\/cotacao\/amer3-americanas\/\"> (AMER3)<\/a>, uma das gigantes do com\u00e9rcio eletr\u00f4nico, j\u00e1 vinha devolvendo espa\u00e7os de armazenagem antes do pedido de <strong><a href=\"https:\/\/investnews.com.br\/guias\/recuperacao-judicial\/\">recupera\u00e7\u00e3o judicial<\/a> <\/strong>em janeiro. E essa pr\u00e1tica continuou no in\u00edcio deste ano. A empresa fechou um centro de distribui\u00e7\u00e3o em Fortaleza (CE). Agora, a opera\u00e7\u00e3o no Cear\u00e1 ter\u00e1 como base o centro de distribui\u00e7\u00e3o em Recife (PE).<\/p>\n\n\n\n<p>O enxugamento e a devolu\u00e7\u00e3o de \u00e1reas de armazenagem preocupa as empresas gestoras de condom\u00ednios de galp\u00f5es log\u00edsticos, especialmente os localizados em regi\u00f5es nas quais a taxa de desocupa\u00e7\u00e3o j\u00e1 \u00e9 alta ou onde a varejista tem grande participa\u00e7\u00e3o na ocupa\u00e7\u00e3o dos armaz\u00e9ns. Nestes casos, a devolu\u00e7\u00e3o dos espa\u00e7os pode ter impacto nos alugu\u00e9is.<\/p>\n\n\n\n<p>Levantamento nacional feito pela SDS Properties, imobili\u00e1ria especializada em galp\u00f5es em condom\u00ednios log\u00edsticos, mostra que em 2022 a companhia chegou a ocupar 830 mil metros quadrados (m\u00b2) em condom\u00ednios. Desse total, a empresa devolveu quase 20%. Foram desocupados 159 mil m2 distribu\u00eddos entre Betim (MG), Resende (RJ), Cajamar (SP) e Ribeir\u00e3o Preto (SP).<\/p>\n\n\n\n<p>Neste ano, ser\u00e3o devolvidos mais 69 mil m\u00b2 em condom\u00ednios log\u00edsticos localizados na Grande Curitiba (PR), Grande Porto Alegre (RS) e Hortol\u00e2ndia (SP).<\/p>\n\n\n\n<p>&#8220;As devolu\u00e7\u00f5es podem afetar pontualmente pre\u00e7os em mercados onde a vac\u00e2ncia \u00e9 elevada&#8221;, afirma Simone Santos, CEO da imobili\u00e1ria e respons\u00e1vel pelo levantamento. Das devolu\u00e7\u00f5es feitas at\u00e9 o momento, ela aponta esse risco para <strong>Porto Alegre (RS), onde a taxa de vac\u00e2ncia chega a quase 17%<\/strong>. A localidade tem uma taxa bem acima da m\u00e9dia nacional, que \u00e9 de 10,4%, diz a especialista.<\/p>\n\n\n\n<p>J\u00e1 em outras regi\u00f5es, como Grande Curitiba (PR), S\u00e3o Paulo e Grande Belo Horizonte (MG), o impacto das devolu\u00e7\u00f5es deve ser menor, pois s\u00e3o \u00e1reas muito demandadas, diz.<\/p>\n\n\n\n<p><strong>ANTES DA CRISE<\/strong><\/p>\n\n\n\n<p>Em novembro de 2022, por exemplo, a varejista avisou que devolveria 26 mil m\u00b2 de um galp\u00e3o no condom\u00ednio log\u00edstico em Hortol\u00e2ndia (SP), da <strong>gestora RBR<\/strong>. Pelo contrato, a entrega do im\u00f3vel ser\u00e1 em novembro.<\/p>\n\n\n\n<p>&#8220;A desocupa\u00e7\u00e3o desse im\u00f3vel em Hortol\u00e2ndia n\u00e3o nos causa muita preocupa\u00e7\u00e3o&#8221;, afirma Gabriel Martins, s\u00f3cio da gestora. Localizado a 30 quil\u00f4metros da capital paulista, o empreendimento fica num raio onde a demanda por galp\u00f5es est\u00e1 aquecida.<\/p>\n\n\n\n<p>Segundo Martins, o mercado na regi\u00e3o de Hortol\u00e2ndia est\u00e1 mais favor\u00e1vel aos locadores em rela\u00e7\u00e3o a 2021, quando o im\u00f3vel foi alugado. A vac\u00e2ncia \u00e9 baixa e ele acredita que poder\u00e1 alugar por um pre\u00e7o maior e, ainda, antes do vencimento do prazo de aviso pr\u00e9vio. &#8220;Temos interessados visitando o im\u00f3vel&#8221;, conta.<\/p>\n\n\n\n<p>Das \u00e1reas onde a Americanas tem galp\u00f5es alugados, cujas devolu\u00e7\u00f5es poderiam ter impacto no mercado, caso ocorram, Simone aponta Recife (PE) e Par\u00e1, onde a varejista ocupa 10% e 50% do estoque local, respectivamente. Rio de Janeiro tamb\u00e9m preocupa. A empresa ocupa cerca de 80 mil m\u00b2 de galp\u00f5es e a cidade tem uma das maiores taxas de vac\u00e2ncia do Brasil, de 16%.<\/p>\n","protected":false},"excerpt":{"rendered":"<p>Em 2022 a varejista chegou a ocupar 830 mil metros quadrados em condom\u00ednios, dos quais foram devolvidos quase 20%.<\/p>\n","protected":false},"author":37,"featured_media":268549,"comment_status":"closed","ping_status":"open","sticky":false,"template":"","format":"standard","meta":{"_acf_changed":false,"inline_featured_image":false,"footnotes":""},"categories":[4],"tags":[],"autor-wsj":[],"coauthors":[],"class_list":["post-438939","post","type-post","status-publish","format-standard","has-post-thumbnail","hentry","category-financas"],"acf":[],"amp_enabled":true,"_links":{"self":[{"href":"https:\/\/investnews.com.br\/inv-api\/wp\/v2\/posts\/438939","targetHints":{"allow":["GET"]}}],"collection":[{"href":"https:\/\/investnews.com.br\/inv-api\/wp\/v2\/posts"}],"about":[{"href":"https:\/\/investnews.com.br\/inv-api\/wp\/v2\/types\/post"}],"author":[{"embeddable":true,"href":"https:\/\/investnews.com.br\/inv-api\/wp\/v2\/users\/37"}],"replies":[{"embeddable":true,"href":"https:\/\/investnews.com.br\/inv-api\/wp\/v2\/comments?post=438939"}],"version-history":[{"count":1,"href":"https:\/\/investnews.com.br\/inv-api\/wp\/v2\/posts\/438939\/revisions"}],"predecessor-version":[{"id":438940,"href":"https:\/\/investnews.com.br\/inv-api\/wp\/v2\/posts\/438939\/revisions\/438940"}],"wp:featuredmedia":[{"embeddable":true,"href":"https:\/\/investnews.com.br\/inv-api\/wp\/v2\/media\/268549"}],"wp:attachment":[{"href":"https:\/\/investnews.com.br\/inv-api\/wp\/v2\/media?parent=438939"}],"wp:term":[{"taxonomy":"category","embeddable":true,"href":"https:\/\/investnews.com.br\/inv-api\/wp\/v2\/categories?post=438939"},{"taxonomy":"post_tag","embeddable":true,"href":"https:\/\/investnews.com.br\/inv-api\/wp\/v2\/tags?post=438939"},{"taxonomy":"autor-wsj","embeddable":true,"href":"https:\/\/investnews.com.br\/inv-api\/wp\/v2\/autor-wsj?post=438939"},{"taxonomy":"author","embeddable":true,"href":"https:\/\/investnews.com.br\/inv-api\/wp\/v2\/coauthors?post=438939"}],"curies":[{"name":"wp","href":"https:\/\/api.w.org\/{rel}","templated":true}]}}