{"id":441367,"date":"2023-02-27T20:51:12","date_gmt":"2023-02-27T23:51:12","guid":{"rendered":"https:\/\/investnews.com.br\/?p=441367"},"modified":"2023-02-27T20:51:17","modified_gmt":"2023-02-27T23:51:17","slug":"braskem-registra-queda-de-3-nas-vendas-de-resinas-no-brasil-no-4o-tri","status":"publish","type":"post","link":"https:\/\/investnews.com.br\/negocios\/braskem-registra-queda-de-3-nas-vendas-de-resinas-no-brasil-no-4o-tri\/","title":{"rendered":"Braskem registra queda de 3% nas vendas de resinas no Brasil no 4\u00ba tri"},"content":{"rendered":"\n<p>A petroqu\u00edmica <strong>Braskem<\/strong><a href=\"https:\/\/investnews.com.br\/cotacao\/brkm5-braskem\/\"> (BRKM5)<\/a> informou na noite desta segunda-feira (27), em relat\u00f3rio de produ\u00e7\u00e3o e vendas, que as vendas de resinas no mercado brasileiro ca\u00edram 3% no quarto trimestre de 2022, ante o terceiro trimestre. Em rela\u00e7\u00e3o ao mesmo intervalo de 2021, o recuo foi de 1%. <\/p>\n\n\n\n<p>A queda foi justificada pela menor demanda de PP e PVC, como consequ\u00eancia do menor consumo de bens dur\u00e1veis e materiais de constru\u00e7\u00e3o civil impactados pelo aumento da taxa de juros para o controle da infla\u00e7\u00e3o no Brasil, esclareceu a companhia. <\/p>\n\n\n\n<p>J\u00e1 as exporta\u00e7\u00f5es subiram 3% em compara\u00e7\u00e3o ao terceiro trimestre, principalmente, em fun\u00e7\u00e3o de oportunidades no mercado internacional para exporta\u00e7\u00e3o. Comparado ao quarto trimestre de 2021, as exporta\u00e7\u00f5es recuaram 24% &#8220;em fun\u00e7\u00e3o de menores oportunidades no mercado internacional dado os elevados n\u00edveis de estoques na cadeia de transforma\u00e7\u00e3o global&#8221;, disse a Braskem. <\/p>\n\n\n\n<p>No ano, o volume de vendas de resinas no mercado brasileiro permaneceu em linha com 2021, com leve acr\u00e9scimo de 1%, &#8220;explicado pelo maior market share de resinas e pelo aumento da demanda local de PE, que compensaram parcialmente a queda da demanda de PP e PVC no mercado brasileiro durante 2022&#8221;. <\/p>\n\n\n\n<p>J\u00e1 as exporta\u00e7\u00f5es de resinas em 2022 apresentaram leve queda de 0,4%. <\/p>\n\n\n\n<h2 class=\"wp-block-heading\">Utiliza\u00e7\u00e3o das petroqu\u00edmicas <\/h2>\n\n\n\n<p>A companhia informou que taxa m\u00e9dia de utiliza\u00e7\u00e3o das centrais petroqu\u00edmicas no Brasil registrou queda de 7 pontos percentuais no quarto trimestre do ano passado, em rela\u00e7\u00e3o ao terceiro trimestre de 2022, e de 13 pontos percentuais ante o mesmo intervalo de 2021. <\/p>\n\n\n\n<p>O desempenho menor ocorreu, segundo a empresa, em fun\u00e7\u00e3o da necessidade de adequa\u00e7\u00e3o do volume de produ\u00e7\u00e3o frente aos menores <em>spreads<\/em> no mercado internacional em fun\u00e7\u00e3o da menor demanda global.<\/p>\n\n\n\n<p>Na compara\u00e7\u00e3o com o ano de 2021, a taxa m\u00e9dia de utiliza\u00e7\u00e3o das centrais petroqu\u00edmicas em 2022 caiu 3,3 pontos percentuais. <\/p>\n\n\n\n<p>&#8220;Adicionalmente, a taxa m\u00e9dia de utiliza\u00e7\u00e3o das centrais petroqu\u00edmicas em 2022 foi impactada pela parada programada de manuten\u00e7\u00e3o na central petroqu\u00edmica do Rio Grande do Sul, com dura\u00e7\u00e3o de 47 dias, e pela parada programada de manuten\u00e7\u00e3o na planta de PVC em Alagoas com dura\u00e7\u00e3o de 37 dias, impactando a taxa de utiliza\u00e7\u00e3o da central petroqu\u00edmica da Bahia; e pela indisponibilidade de mat\u00e9ria-prima nas centrais petroqu\u00edmicas do Rio de Janeiro<br>e ABC, S\u00e3o Paulo, devido ao menor fornecimento e paradas programadas de manuten\u00e7\u00e3o de<br>fornecedor&#8221;, esclareceu a empresa em comunicado. <\/p>\n","protected":false},"excerpt":{"rendered":"<p>Queda foi justificada pela menor demanda de PP e PVC. <\/p>\n","protected":false},"author":53,"featured_media":266929,"comment_status":"closed","ping_status":"open","sticky":false,"template":"","format":"standard","meta":{"_acf_changed":false,"inline_featured_image":false,"footnotes":""},"categories":[6],"tags":[161],"autor-wsj":[],"coauthors":[2433],"class_list":["post-441367","post","type-post","status-publish","format-standard","has-post-thumbnail","hentry","category-negocios","tag-braskem"],"acf":[],"amp_enabled":true,"_links":{"self":[{"href":"https:\/\/investnews.com.br\/inv-api\/wp\/v2\/posts\/441367","targetHints":{"allow":["GET"]}}],"collection":[{"href":"https:\/\/investnews.com.br\/inv-api\/wp\/v2\/posts"}],"about":[{"href":"https:\/\/investnews.com.br\/inv-api\/wp\/v2\/types\/post"}],"author":[{"embeddable":true,"href":"https:\/\/investnews.com.br\/inv-api\/wp\/v2\/users\/53"}],"replies":[{"embeddable":true,"href":"https:\/\/investnews.com.br\/inv-api\/wp\/v2\/comments?post=441367"}],"version-history":[{"count":17,"href":"https:\/\/investnews.com.br\/inv-api\/wp\/v2\/posts\/441367\/revisions"}],"predecessor-version":[{"id":441413,"href":"https:\/\/investnews.com.br\/inv-api\/wp\/v2\/posts\/441367\/revisions\/441413"}],"wp:featuredmedia":[{"embeddable":true,"href":"https:\/\/investnews.com.br\/inv-api\/wp\/v2\/media\/266929"}],"wp:attachment":[{"href":"https:\/\/investnews.com.br\/inv-api\/wp\/v2\/media?parent=441367"}],"wp:term":[{"taxonomy":"category","embeddable":true,"href":"https:\/\/investnews.com.br\/inv-api\/wp\/v2\/categories?post=441367"},{"taxonomy":"post_tag","embeddable":true,"href":"https:\/\/investnews.com.br\/inv-api\/wp\/v2\/tags?post=441367"},{"taxonomy":"autor-wsj","embeddable":true,"href":"https:\/\/investnews.com.br\/inv-api\/wp\/v2\/autor-wsj?post=441367"},{"taxonomy":"author","embeddable":true,"href":"https:\/\/investnews.com.br\/inv-api\/wp\/v2\/coauthors?post=441367"}],"curies":[{"name":"wp","href":"https:\/\/api.w.org\/{rel}","templated":true}]}}