{"id":442145,"date":"2023-03-01T09:51:57","date_gmt":"2023-03-01T12:51:57","guid":{"rendered":"https:\/\/investnews.com.br\/?p=442145"},"modified":"2023-03-01T09:52:28","modified_gmt":"2023-03-01T12:52:28","slug":"governo-indica-bruno-moretti-para-conselho-da-petrobras","status":"publish","type":"post","link":"https:\/\/investnews.com.br\/economia\/governo-indica-bruno-moretti-para-conselho-da-petrobras\/","title":{"rendered":"Governo indica Bruno Moretti para conselho da Petrobras"},"content":{"rendered":"\n<p>A<strong> Petrobras <\/strong><a href=\"https:\/\/investnews.com.br\/cotacao\/petr4-petroleo-brasileiro-petrobras\/\">(PETR4) <\/a>informou nesta quarta-feira (1) que o Minist\u00e9rio de Minas e Energia retificou a lista de indicados a seu conselho de administra\u00e7\u00e3o, substituindo Wagner Granja Victer por Bruno Moretti, atual secret\u00e1rio especial de An\u00e1lise Governamental da Presid\u00eancia da Rep\u00fablica.<\/p>\n\n\n\n<p>A Uni\u00e3o divulgou nesta semana suas indica\u00e7\u00f5es ao colegiado da estatal, pretendendo renovar o quadro por completo, com exce\u00e7\u00e3o do presidente da Petrobras, Jean Paul Prates, cuja chegada ao colegiado foi antecipada pela sa\u00edda do CEO anterior.<\/p>\n\n\n\n<p>A lista inclui Pietro Adamo Sampaio Mendes, indicado a chairman; Carlos Eduardo Turchetto Santos; Vitor Eduardo de Almeida Saback; Eug\u00eanio Tiago Chagas Cordeiro e Teixeira; Bruno Moretti; Sergio Machado Rezende; e Suzana Kahn Ribeiro.<\/p>\n","protected":false},"excerpt":{"rendered":"<p>A Uni\u00e3o divulgou nesta semana suas indica\u00e7\u00f5es ao colegiado da estatal, pretendendo renovar o quadro por completo, com exce\u00e7\u00e3o do presidente da Petrobras.<\/p>\n","protected":false},"author":61,"featured_media":434380,"comment_status":"closed","ping_status":"open","sticky":false,"template":"","format":"standard","meta":{"_acf_changed":false,"inline_featured_image":false,"footnotes":""},"categories":[5],"tags":[283,2370,21],"autor-wsj":[],"coauthors":[2494],"class_list":["post-442145","post","type-post","status-publish","format-standard","has-post-thumbnail","hentry","category-economia","tag-governo-federal","tag-luiz-inacio-lula-da-silva","tag-petrobras"],"acf":[],"amp_enabled":true,"_links":{"self":[{"href":"https:\/\/investnews.com.br\/inv-api\/wp\/v2\/posts\/442145","targetHints":{"allow":["GET"]}}],"collection":[{"href":"https:\/\/investnews.com.br\/inv-api\/wp\/v2\/posts"}],"about":[{"href":"https:\/\/investnews.com.br\/inv-api\/wp\/v2\/types\/post"}],"author":[{"embeddable":true,"href":"https:\/\/investnews.com.br\/inv-api\/wp\/v2\/users\/61"}],"replies":[{"embeddable":true,"href":"https:\/\/investnews.com.br\/inv-api\/wp\/v2\/comments?post=442145"}],"version-history":[{"count":4,"href":"https:\/\/investnews.com.br\/inv-api\/wp\/v2\/posts\/442145\/revisions"}],"predecessor-version":[{"id":442149,"href":"https:\/\/investnews.com.br\/inv-api\/wp\/v2\/posts\/442145\/revisions\/442149"}],"wp:featuredmedia":[{"embeddable":true,"href":"https:\/\/investnews.com.br\/inv-api\/wp\/v2\/media\/434380"}],"wp:attachment":[{"href":"https:\/\/investnews.com.br\/inv-api\/wp\/v2\/media?parent=442145"}],"wp:term":[{"taxonomy":"category","embeddable":true,"href":"https:\/\/investnews.com.br\/inv-api\/wp\/v2\/categories?post=442145"},{"taxonomy":"post_tag","embeddable":true,"href":"https:\/\/investnews.com.br\/inv-api\/wp\/v2\/tags?post=442145"},{"taxonomy":"autor-wsj","embeddable":true,"href":"https:\/\/investnews.com.br\/inv-api\/wp\/v2\/autor-wsj?post=442145"},{"taxonomy":"author","embeddable":true,"href":"https:\/\/investnews.com.br\/inv-api\/wp\/v2\/coauthors?post=442145"}],"curies":[{"name":"wp","href":"https:\/\/api.w.org\/{rel}","templated":true}]}}