{"id":443532,"date":"2023-03-03T08:11:29","date_gmt":"2023-03-03T11:11:29","guid":{"rendered":"https:\/\/investnews.com.br\/?p=443532"},"modified":"2024-06-25T15:24:10","modified_gmt":"2024-06-25T18:24:10","slug":"3-fatos-para-hoje-pagamento-com-cartoes-via-whats-lula-pressiona-bc","status":"publish","type":"post","link":"https:\/\/investnews.com.br\/economia\/3-fatos-para-hoje-pagamento-com-cartoes-via-whats-lula-pressiona-bc\/","title":{"rendered":"3 fatos para hoje: pagamento com cart\u00f5es via Whats; Lula pressiona BC"},"content":{"rendered":"\n<h2 class=\"wp-block-heading\">1 &#8211; BC libera pagamento com cart\u00f5es de cr\u00e9dito e d\u00e9bito via WhatsApp<\/h2>\n\n\n\n<p>O Banco Central (BC) decidiu retirar as medidas que impediam a realiza\u00e7\u00e3o de transa\u00e7\u00f5es de compra com cart\u00f5es de cr\u00e9dito, d\u00e9bito e pr\u00e9-pago por meio do WhatsApp no Brasil, informou a autarquia na quinta-feira (2).<\/p>\n\n\n\n<p>At\u00e9 ent\u00e3o, era poss\u00edvel apenas a utiliza\u00e7\u00e3o do WhatsApp para transfer\u00eancias de recursos entre indiv\u00edduos.<\/p>\n\n\n\n<p>O BC determinou que o in\u00edcio das transa\u00e7\u00f5es de pagamento por meio do aplicativo WhatsApp &#8220;deve ser comunicado pelos instituidores a todos os participantes de seus arranjos de pagamento com anteced\u00eancia m\u00ednima de 30 dias&#8221;, segundo comunicado.<\/p>\n\n\n\n<p>Guilherme Horn, head do WhatsApp na Am\u00e9rica Latina, disse no LinkedIn nesta quinta-feira que a empresa est\u00e1 &#8220;finalizando os testes&#8221; conduzidos com parceiros, incluindo Mercado Pago, do Mercado Livre, e Cielo, e a funcionalidade estar\u00e1 dispon\u00edvel &#8220;em breve&#8221;.<\/p>\n\n\n\n<p>&#8220;Acreditamos que o pagamento de pessoas para empresas via WhatsApp ter\u00e1 um grande impacto para todos, trazendo facilidade e simplicidade para os usu\u00e1rios ao mesmo tempo em que ajudar\u00e1 as pequenas e m\u00e9dias empresas a aumentarem suas vendas&#8221;, afirmou o executivo na publica\u00e7\u00e3o.<\/p>\n\n\n\n<p>A libera\u00e7\u00e3o veio atrav\u00e9s da cessa\u00e7\u00e3o completa de medidas coercitivas aplicadas pelo BC \u00e0 Mastercard e \u00e0 Visa, que suspendiam essa modalidade no pa\u00eds. No final do ano passado, a autarquia j\u00e1 havia dado um aval preliminar para as duas empresas, embora n\u00e3o permitisse ainda o funcionamento da ferramenta.<\/p>\n\n\n\n<p>Mark Zuckerberg, presidente da Meta, empresa dona do WhatsApp, Facebook e Instagram, repercutiu o an\u00fancio em publica\u00e7\u00e3o no Instagram, dizendo: &#8220;animado para lan\u00e7ar isso em breve&#8221;.<\/p>\n\n\n\n<p>A Meta, ent\u00e3o ainda chamada de Facebook, lan\u00e7ou o servi\u00e7o de transfer\u00eancia de recursos entre indiv\u00edduos via WhatsApp no Brasil em meados de 2020, mas a ferramenta foi rapidamente suspensa pelo BC. A autarquia s\u00f3 liberou o funcionamento em mar\u00e7o de 2021, com o servi\u00e7o reiniciando em maio daquele ano.<\/p>\n\n\n\n<h2 class=\"wp-block-heading\">2 -Ita\u00fa Unibanco aprovou contratar assessores para oferta de aquisi\u00e7\u00e3o das a\u00e7\u00f5es do Ita\u00fa Corpbanca<\/h2>\n\n\n\n<p>O <strong>Ita\u00fa Unibanco <\/strong><a href=\"https:\/\/investnews.com.br\/cotacao\/itub4-itau-unibanco-holding\/\">(ITUB4)<\/a> informou que seu Conselho de Administra\u00e7\u00e3o aprovou nesta quinta-feira a contrata\u00e7\u00e3o de assessores para o in\u00edcio dos trabalhos relacionados \u00e0 uma oferta de aquisi\u00e7\u00e3o de at\u00e9 a totalidade das a\u00e7\u00f5es do Ita\u00fa Corpbanca, segundo fato relevante.<\/p>\n\n\n\n<p>J\u00e1 detentor de 65,62% do seu capital social total e votante do Ita\u00fa Corpbanca, o Ita\u00fa Unibanco planeja realizar uma oferta p\u00fablica volunt\u00e1ria para a aquisi\u00e7\u00e3o, &#8220;por si ou por suas afiliadas&#8221;, de at\u00e9 34,38% do capital social total e votante do Corpbanca.<\/p>\n\n\n\n<p>O Ita\u00fa Unibanco disse esperar que a oferta de aquisi\u00e7\u00e3o de a\u00e7\u00f5es do Corpbanca seja realizada no primeiro semestre deste ano. Ainda segundo o fato relevante, o banco informou que o valor por a\u00e7\u00e3o na oferta ser\u00e1 de 2 pesos chilenos.<\/p>\n\n\n\n<h2 class=\"wp-block-heading\">3- Lula prev\u00ea crise de cr\u00e9dito para &#8220;logo logo&#8221; e volta a pressionar BC<\/h2>\n\n\n\n<p>O presidente Luiz In\u00e1cio Lula da Silva voltou a criticar o Banco Central pela atual <strong>taxa de juros<\/strong> e alertou que o Brasil pode sofrer uma crise de cr\u00e9dito &#8220;logo logo&#8221; se os juros n\u00e3o forem reduzidos pela autoridade monet\u00e1ria.<\/p>\n\n\n\n<p>Lula voltou a dizer que n\u00e3o existe explica\u00e7\u00e3o para a taxa de juros de 13,75% ao ano, alegando que n\u00e3o h\u00e1 infla\u00e7\u00e3o de consumo no Brasil, e cobrou do presidente do BC, Roberto Campos Neto, a redu\u00e7\u00e3o da taxa.<\/p>\n\n\n\n<p>&#8220;Voc\u00ea n\u00e3o tem cr\u00e9dito. O cr\u00e9dito est\u00e1 escasseando. Logo, logo n\u00f3s poderemos ter uma crise de cr\u00e9dito, e eu queria uma explica\u00e7\u00e3o, apenas, por que que o juro est\u00e1 a 13,75%&#8221;, disse Lula, em entrevista ao jornalista Reinaldo Azevedo, da BandNews.<\/p>\n\n\n\n<blockquote class=\"wp-block-quote is-layout-flow wp-block-quote-is-layout-flow\">\n<p>&#8220;Porque esse cidad\u00e3o, que n\u00e3o foi eleito para nada, ele acha que ele tem o poder de decidir as coisas e ainda &#8216;ah, eu vou pensar como \u00e9 que eu posso ajudar o Brasil&#8217;. N\u00e3o, voc\u00ea n\u00e3o tem que pensar como ajudar o Brasil, voc\u00ea s\u00f3 tem que pensar como reduzir a taxa de juros para que esse pa\u00eds volte a ter cr\u00e9dito, para que a economia volte a funcionar&#8221;, defendeu.<\/p>\n<\/blockquote>\n\n\n\n<p>Lula e ministros do governo, como Fernando Haddad, da Fazenda, e Simone Tebet, do Planejamento, t\u00eam feito uma s\u00e9rie de cr\u00edticas \u00e0 condu\u00e7\u00e3o da pol\u00edtica monet\u00e1ria pelo Banco Central e ao atual patamar da taxa b\u00e1sica de juros, a Selic.<\/p>\n\n\n\n<p>Segundo o titular da Fazenda, a retra\u00e7\u00e3o do PIB verificada no \u00faltimo trimestre de 2022, divulgada mais cedo nesta quinta, \u00e9 um reflexo da alta dos juros promovida pelo BC em rea\u00e7\u00e3o a medidas tomadas pelo governo anterior no per\u00edodo eleitoral. O ministro j\u00e1 havia afirmado na v\u00e9spera que a taxa de juros \u00e9 o maior problema econ\u00f4mica do pa\u00eds hoje.<\/p>\n\n\n\n<p>O governo acompanha o mercado de cr\u00e9dito brasileiro com cuidado e considera a ado\u00e7\u00e3o de medidas para setores espec\u00edficos em meio \u00e0 preocupa\u00e7\u00e3o de evitar uma crise de cr\u00e9dito no pa\u00eds diante de patamares elevados dos juros, que podem at\u00e9 mesmo dificultar a vida de empresas interessadas em rolar suas d\u00edvidas.<\/p>\n\n\n\n<p>As concess\u00f5es de empr\u00e9stimos de fato apresentaram queda significativa em janeiro &#8211;as concess\u00f5es totais ca\u00edram 15,3% no primeiro m\u00eas do ano ante dezembro&#8211; e levaram a uma baixa no estoque total de cr\u00e9dito no Brasil, que reduziu 0,3% no m\u00eas a 5,317 trilh\u00f5es de reais, informou na segunda-feira o Banco Central.<\/p>\n\n\n\n<p>Nesta quinta, o BC avaliou que o sistema financeiro est\u00e1 preparado para enfrentar riscos e tem provis\u00f5es adequadas para perdas de cr\u00e9dito.<\/p>\n\n\n\n<figure class=\"wp-block-image size-full\"><img loading=\"lazy\" decoding=\"async\" width=\"820\" height=\"540\" src=\"https:\/\/media.investnews.com.br\/uploads\/2023\/02\/Destaque_site_01-1.jpg\" alt=\"Presidente do BC, Roberto Campos Neto em 12\/04\/2022. (Foto: Adriano Machado\/Reuters). O presidente Luiz In\u00e1cio Lula da Silva em 13\/02\/2023. (Foto: Marcelo Camargo\/Ag\u00eancia Brasil)\" class=\"wp-image-436433\" srcset=\"https:\/\/media.investnews.com.br\/uploads\/2023\/02\/Destaque_site_01-1.jpg 820w, https:\/\/media.investnews.com.br\/uploads\/2023\/02\/Destaque_site_01-1-300x198.jpg 300w, https:\/\/media.investnews.com.br\/uploads\/2023\/02\/Destaque_site_01-1-768x506.jpg 768w, https:\/\/media.investnews.com.br\/uploads\/2023\/02\/Destaque_site_01-1-172x113.jpg 172w, https:\/\/media.investnews.com.br\/uploads\/2023\/02\/Destaque_site_01-1-191x125.jpg 191w, https:\/\/media.investnews.com.br\/uploads\/2023\/02\/Destaque_site_01-1-150x99.jpg 150w\" sizes=\"auto, (max-width: 820px) 100vw, 820px\" \/><figcaption class=\"wp-element-caption\">Presidente do BC, Roberto Campos Neto em 12\/04\/2022. (Foto: Adriano Machado\/Reuters). O presidente Luiz In\u00e1cio Lula da Silva em 13\/02\/2023. (Foto: Marcelo Camargo\/Ag\u00eancia Brasil)<\/figcaption><\/figure>\n\n\n\n<p>Na entrevista, Lula tamb\u00e9m afirmou que todas as decis\u00f5es tomadas pelo governo passam por ele e, portanto, s\u00e3o decis\u00f5es pol\u00edticas, rejeitando que tenha havido uma vit\u00f3ria da \u00e1rea econ\u00f4mica sobre a pol\u00edtica na decis\u00e3o de reonerar a gasolina e o etanol.<\/p>\n\n\n\n<p>&#8220;N\u00e3o houve vit\u00f3ria econ\u00f4mica.. n\u00e3o houve vit\u00f3ria pol\u00edtica, porque no meu governo todas as decis\u00f5es passam por mim. E se passa por mim, todas as decis\u00f5es, elas podem ter um resultado econ\u00f4mico, mas a decis\u00e3o \u00e9 sempre pol\u00edtica. \u00c9 sempre pol\u00edtica. As decis\u00f5es, neste governo, s\u00e3o tomadas na minha mesa&#8221;, afirmou.<\/p>\n\n\n\n<p>Na ter\u00e7a-feira, o governo anunciou a <a href=\"https:\/\/investnews.com.br\/economia\/anuncio-de-haddad-sobre-reoneracao-dos-combustiveis\/\">reonera\u00e7\u00e3o da gasolina e do etanol <\/a>ap\u00f3s o fim de uma desonera\u00e7\u00e3o que acabou em 28 de fevereiro, no que foi apontado como uma vit\u00f3ria de Haddad sobre alas do governo e do PT que eram contra a reonera\u00e7\u00e3o, vista como impopular e com poss\u00edvel impacto inflacion\u00e1rio.<\/p>\n\n\n\n<p>Ap\u00f3s a conquista da equipe econ\u00f4mica, no entanto, o governo fez chegar a ordem de baixar a tens\u00e3o da disputa e botar panos quentes nos embates entre a deputada Gleisi Hoffmann, presidente do PT, e Haddad, que n\u00e3o s\u00e3o de agora e nem causados apenas por diverg\u00eancias econ\u00f4micas, mas fruto de uma disputa interna no PT e de um relacionamento que nunca foi amig\u00e1vel nos bastidores.<\/p>\n\n\n\n<p>O presidente tamb\u00e9m reiterou \u00e0s cr\u00edticas \u00e0 Petrobras pelo valor dos <a href=\"https:\/\/investnews.com.br\/guias\/dividendos-o-que-sao-como-funcionam\/\">dividendos<\/a> pagos aos acionistas e disse que o Brasil pode ter uma empresa p\u00fablica de economia mista &#8220;de maior qualidade&#8221; e que possa induzir o crescimento por meio de investimentos.<\/p>\n\n\n\n<p>Mais cedo, em evento de relan\u00e7amento do <a href=\"https:\/\/investnews.com.br\/economia\/caixa-comeca-a-pagar-bolsa-familia-de-r-600-nesta-quarta-feira\/\">Bolsa Fam\u00edlia<\/a>, Lula disse que n\u00e3o se pode aceitar que a Petrobras pague <a href=\"https:\/\/investnews.com.br\/negocios\/petrobras-tera-dividendos-robustos-mas-desafios-serao-bem-maiores-diz-ceo\/\">R$ 215 bilh\u00f5es em dividendos no ano<\/a> &#8220;quando ela deveria ter investido metade no crescimento econ\u00f4mico desse pa\u00eds, na ind\u00fastria brasileira, na ind\u00fastria naval, na ind\u00fastria de \u00f3leo e g\u00e1s&#8221;.<\/p>\n","protected":false},"excerpt":{"rendered":"<p>E mais: Ita\u00fa Unibanco aprovou contratar assessores para oferta de aquisi\u00e7\u00e3o das a\u00e7\u00f5es do Ita\u00fa Corpbanca.<\/p>\n","protected":false},"author":61,"featured_media":436433,"comment_status":"closed","ping_status":"open","sticky":false,"template":"","format":"standard","meta":{"_acf_changed":false,"inline_featured_image":false,"footnotes":""},"categories":[5],"tags":[56,2370,186,671],"autor-wsj":[],"coauthors":[2494],"class_list":["post-443532","post","type-post","status-publish","format-standard","has-post-thumbnail","hentry","category-economia","tag-banco-central","tag-luiz-inacio-lula-da-silva","tag-itau-unibanco","tag-whatsapp"],"acf":[],"amp_enabled":true,"_links":{"self":[{"href":"https:\/\/investnews.com.br\/inv-api\/wp\/v2\/posts\/443532","targetHints":{"allow":["GET"]}}],"collection":[{"href":"https:\/\/investnews.com.br\/inv-api\/wp\/v2\/posts"}],"about":[{"href":"https:\/\/investnews.com.br\/inv-api\/wp\/v2\/types\/post"}],"author":[{"embeddable":true,"href":"https:\/\/investnews.com.br\/inv-api\/wp\/v2\/users\/61"}],"replies":[{"embeddable":true,"href":"https:\/\/investnews.com.br\/inv-api\/wp\/v2\/comments?post=443532"}],"version-history":[{"count":7,"href":"https:\/\/investnews.com.br\/inv-api\/wp\/v2\/posts\/443532\/revisions"}],"predecessor-version":[{"id":443542,"href":"https:\/\/investnews.com.br\/inv-api\/wp\/v2\/posts\/443532\/revisions\/443542"}],"wp:featuredmedia":[{"embeddable":true,"href":"https:\/\/investnews.com.br\/inv-api\/wp\/v2\/media\/436433"}],"wp:attachment":[{"href":"https:\/\/investnews.com.br\/inv-api\/wp\/v2\/media?parent=443532"}],"wp:term":[{"taxonomy":"category","embeddable":true,"href":"https:\/\/investnews.com.br\/inv-api\/wp\/v2\/categories?post=443532"},{"taxonomy":"post_tag","embeddable":true,"href":"https:\/\/investnews.com.br\/inv-api\/wp\/v2\/tags?post=443532"},{"taxonomy":"autor-wsj","embeddable":true,"href":"https:\/\/investnews.com.br\/inv-api\/wp\/v2\/autor-wsj?post=443532"},{"taxonomy":"author","embeddable":true,"href":"https:\/\/investnews.com.br\/inv-api\/wp\/v2\/coauthors?post=443532"}],"curies":[{"name":"wp","href":"https:\/\/api.w.org\/{rel}","templated":true}]}}