{"id":444315,"date":"2023-03-06T09:38:45","date_gmt":"2023-03-06T12:38:45","guid":{"rendered":"https:\/\/investnews.com.br\/?p=444315"},"modified":"2023-03-06T09:38:48","modified_gmt":"2023-03-06T12:38:48","slug":"stf-mantem-decisao-de-reincluir-tarifas-no-calculo-de-icms-sobre-energia","status":"publish","type":"post","link":"https:\/\/investnews.com.br\/economia\/stf-mantem-decisao-de-reincluir-tarifas-no-calculo-de-icms-sobre-energia\/","title":{"rendered":"STF mant\u00e9m decis\u00e3o de reincluir tarifas no c\u00e1lculo de ICMS sobre energia"},"content":{"rendered":"\n<p>O plen\u00e1rio do Supremo Tribunal Federal (STF) decidiu manter uma decis\u00e3o liminar que voltou a incluir duas tarifas na base de c\u00e1lculo do <a href=\"https:\/\/investnews.com.br\/guias\/o-que-e-icms\/\">ICMS<\/a> incidente sobre a energia el\u00e9trica, revertendo uma medida que havia sido aprovada pelo Congresso Nacional no ano passado.<\/p>\n\n\n\n<p>No m\u00eas passado, o ministro Luiz Fux concedeu liminar para manter as tarifas de uso dos sistemas de distribui\u00e7\u00e3o (Tusd) e de transmiss\u00e3o (Tust) no c\u00e1lculo do imposto estadual, ap\u00f3s Estados e o Distrito Federal terem questionado a mudan\u00e7a legislativa da Lei Complementar 194 alegando que houve perda bilion\u00e1ria de arrecada\u00e7\u00e3o dos entes regionais com o ICMS.<\/p>\n\n\n\n<p>Os entes regionais tamb\u00e9m questionaram o fato de a Uni\u00e3o ter invadido a compet\u00eancia de legislar sobre um tributo estadual.<\/p>\n\n\n\n<p>Todos os ministros do STF acompanharam a decis\u00e3o de Fux, com exce\u00e7\u00e3o de Andr\u00e9 Mendon\u00e7a.<\/p>\n\n\n\n<p>A decis\u00e3o da Corte deve desagradar entidades que representam consumidores de energia, que haviam se manifestado contra a cautelar.<\/p>\n\n\n\n<p>Segundo a Associa\u00e7\u00e3o Nacional dos Consumidores de Energia (Anace), a mudan\u00e7a trazida na Lei Complementar 194 poderia proporcionar uma redu\u00e7\u00e3o m\u00e9dia de 9% nas contas de luz. Um levantamento da Replace Consultoria feito a pedido da entidade mostrou que, entre 37 distribuidoras de energia, apenas 30% das empresas haviam deixado de efetuar a cobran\u00e7a com a mudan\u00e7a na lei at\u00e9 o fim do ano passado.<\/p>\n","protected":false},"excerpt":{"rendered":"<p>Decis\u00e3o reverte medida que havia sido aprovada pelo Congresso Nacional no ano passado.<\/p>\n","protected":false},"author":61,"featured_media":444316,"comment_status":"closed","ping_status":"open","sticky":false,"template":"","format":"standard","meta":{"_acf_changed":false,"inline_featured_image":false,"footnotes":""},"categories":[5],"tags":[824,83],"autor-wsj":[],"coauthors":[2494],"class_list":["post-444315","post","type-post","status-publish","format-standard","has-post-thumbnail","hentry","category-economia","tag-energia","tag-stf"],"acf":[],"amp_enabled":true,"_links":{"self":[{"href":"https:\/\/investnews.com.br\/inv-api\/wp\/v2\/posts\/444315","targetHints":{"allow":["GET"]}}],"collection":[{"href":"https:\/\/investnews.com.br\/inv-api\/wp\/v2\/posts"}],"about":[{"href":"https:\/\/investnews.com.br\/inv-api\/wp\/v2\/types\/post"}],"author":[{"embeddable":true,"href":"https:\/\/investnews.com.br\/inv-api\/wp\/v2\/users\/61"}],"replies":[{"embeddable":true,"href":"https:\/\/investnews.com.br\/inv-api\/wp\/v2\/comments?post=444315"}],"version-history":[{"count":5,"href":"https:\/\/investnews.com.br\/inv-api\/wp\/v2\/posts\/444315\/revisions"}],"predecessor-version":[{"id":444325,"href":"https:\/\/investnews.com.br\/inv-api\/wp\/v2\/posts\/444315\/revisions\/444325"}],"wp:featuredmedia":[{"embeddable":true,"href":"https:\/\/investnews.com.br\/inv-api\/wp\/v2\/media\/444316"}],"wp:attachment":[{"href":"https:\/\/investnews.com.br\/inv-api\/wp\/v2\/media?parent=444315"}],"wp:term":[{"taxonomy":"category","embeddable":true,"href":"https:\/\/investnews.com.br\/inv-api\/wp\/v2\/categories?post=444315"},{"taxonomy":"post_tag","embeddable":true,"href":"https:\/\/investnews.com.br\/inv-api\/wp\/v2\/tags?post=444315"},{"taxonomy":"autor-wsj","embeddable":true,"href":"https:\/\/investnews.com.br\/inv-api\/wp\/v2\/autor-wsj?post=444315"},{"taxonomy":"author","embeddable":true,"href":"https:\/\/investnews.com.br\/inv-api\/wp\/v2\/coauthors?post=444315"}],"curies":[{"name":"wp","href":"https:\/\/api.w.org\/{rel}","templated":true}]}}