{"id":444690,"date":"2023-03-06T15:15:44","date_gmt":"2023-03-06T18:15:44","guid":{"rendered":"https:\/\/investnews.com.br\/?p=444690"},"modified":"2025-08-08T16:45:05","modified_gmt":"2025-08-08T19:45:05","slug":"governo-ainda-nao-tem-base-no-congresso-para-reforma-tributaria-diz-lira","status":"publish","type":"post","link":"https:\/\/investnews.com.br\/economia\/governo-ainda-nao-tem-base-no-congresso-para-reforma-tributaria-diz-lira\/","title":{"rendered":"Governo ainda n\u00e3o tem base no Congresso para reforma tribut\u00e1ria, diz Lira"},"content":{"rendered":"<p>O governo do presidente <strong>Luiz In\u00e1cio Lula da Silva<\/strong> ainda n\u00e3o tem uma base consistente no Congresso Nacional para conseguir aprovar a<strong> reforma tribut\u00e1ria<\/strong>, disse o presidente da C\u00e2mara, <strong>Arthur Lira<\/strong> (PP-AL), nesta segunda-feira (6), destacando que \u00e9 preciso um amadurecimento das conversas em torno da proposta.<\/p><p>&#8220;O grupo de trabalho da reforma tribut\u00e1ria foi institu\u00eddo, ela n\u00e3o ter\u00e1 nenhum tipo de preconceito em rediscutir todas as quest\u00f5es, em revisitar todos os interessados&#8221;, disse Lira durante participa\u00e7\u00e3o em encontro do Conselho Pol\u00edtico e Social da Associa\u00e7\u00e3o Comercial de S\u00e3o Paulo (ACSP).<\/p><p>&#8220;N\u00f3s teremos um tempo para que o governo tamb\u00e9m se estabilize internamente, porque hoje o governo ainda n\u00e3o tem uma base consistente nem na C\u00e2mara nem no Senado para enfrentar mat\u00e9rias de maioria simples, quanto mais mat\u00e9rias de qu\u00f3rum constitucional. Esse amadurecimento dessas conversas, elas estar\u00e3o presentes no nosso dia a dia, nas nossas discuss\u00f5es&#8221;, acrescentou.<\/p><p>Lira criou no m\u00eas passado um grupo de trabalho para discutir a reforma tribut\u00e1ria com prazo de 90 dias, que poder\u00e1 ser prorrogado por igual per\u00edodo. Duas Propostas de Emenda \u00e0 Constitui\u00e7\u00e3o, as PECs 45 e 110, que tramitam na C\u00e2mara e no Senado, respectivamente, s\u00e3o vistas como base para discuss\u00e3o da reforma. Esse tipo de proposta precisaria do apoio de <strong>pelo menos 308 dos 513 deputados<\/strong> e <strong>49 dos 81 senadores<\/strong>.<\/p><p>De acordo com o secret\u00e1rio extraordin\u00e1rio da reforma tribut\u00e1ria do Minist\u00e9rio da Fazenda, Bernard Appy, a expectativa \u00e9 de que a primeira etapa da reforma, focada na <strong>cria\u00e7\u00e3o de um imposto sobre consumo<\/strong>, seja apreciada na C\u00e2mara em maio, seguindo depois para o Senado, onde o prazo de vota\u00e7\u00e3o ainda est\u00e1 indefinido.<\/p><p>A segunda etapa da reforma visar\u00e1 <strong>mudan\u00e7as na tributa\u00e7\u00e3o na renda<\/strong> e sobre <strong>folha de pagamentos<\/strong>, segundo Appy.<\/p><figure class=\"wp-block-image size-large\"><img loading=\"lazy\" decoding=\"async\" width=\"1024\" height=\"683\" src=\"https:\/\/media.investnews.com.br\/uploads\/2023\/03\/2023-03-06T173801Z_1_LYNXMPEJ250LI_RTROPTP_4_BRAZIL-ELECTION-1024x683.jpg\" alt=\"Homem de terno e barba grisalha discursa ao microfone, gesticulando. Fundo escuro.\" class=\"wp-image-444691\" srcset=\"https:\/\/media.investnews.com.br\/uploads\/2023\/03\/2023-03-06T173801Z_1_LYNXMPEJ250LI_RTROPTP_4_BRAZIL-ELECTION-1024x683.jpg 1024w, https:\/\/media.investnews.com.br\/uploads\/2023\/03\/2023-03-06T173801Z_1_LYNXMPEJ250LI_RTROPTP_4_BRAZIL-ELECTION-300x200.jpg 300w, https:\/\/media.investnews.com.br\/uploads\/2023\/03\/2023-03-06T173801Z_1_LYNXMPEJ250LI_RTROPTP_4_BRAZIL-ELECTION-768x512.jpg 768w, https:\/\/media.investnews.com.br\/uploads\/2023\/03\/2023-03-06T173801Z_1_LYNXMPEJ250LI_RTROPTP_4_BRAZIL-ELECTION-1536x1024.jpg 1536w, https:\/\/media.investnews.com.br\/uploads\/2023\/03\/2023-03-06T173801Z_1_LYNXMPEJ250LI_RTROPTP_4_BRAZIL-ELECTION-1256x837.jpg 1256w, https:\/\/media.investnews.com.br\/uploads\/2023\/03\/2023-03-06T173801Z_1_LYNXMPEJ250LI_RTROPTP_4_BRAZIL-ELECTION-172x115.jpg 172w, https:\/\/media.investnews.com.br\/uploads\/2023\/03\/2023-03-06T173801Z_1_LYNXMPEJ250LI_RTROPTP_4_BRAZIL-ELECTION-150x100.jpg 150w, https:\/\/media.investnews.com.br\/uploads\/2023\/03\/2023-03-06T173801Z_1_LYNXMPEJ250LI_RTROPTP_4_BRAZIL-ELECTION.jpg 2048w\" sizes=\"auto, (max-width: 1024px) 100vw, 1024px\" \/><figcaption class=\"wp-element-caption\">Presidente da C\u00e2mara, Arthur Lira\n19\/08\/2022\nREUTERS\/Carla Carniel<\/figcaption><\/figure>\n","protected":false},"excerpt":{"rendered":"<p>Presidente da C\u00e2mara criou no m\u00eas passado um grupo de trabalho para discutir a reforma tribut\u00e1ria.<\/p>\n","protected":false},"author":61,"featured_media":444691,"comment_status":"closed","ping_status":"open","sticky":false,"template":"","format":"standard","meta":{"_acf_changed":false,"inline_featured_image":false,"footnotes":""},"categories":[5],"tags":[2346,2370,432],"autor-wsj":[],"coauthors":[2494],"class_list":["post-444690","post","type-post","status-publish","format-standard","has-post-thumbnail","hentry","category-economia","tag-arthur-lira","tag-luiz-inacio-lula-da-silva","tag-reforma-tributaria"],"acf":[],"amp_enabled":true,"_links":{"self":[{"href":"https:\/\/investnews.com.br\/inv-api\/wp\/v2\/posts\/444690","targetHints":{"allow":["GET"]}}],"collection":[{"href":"https:\/\/investnews.com.br\/inv-api\/wp\/v2\/posts"}],"about":[{"href":"https:\/\/investnews.com.br\/inv-api\/wp\/v2\/types\/post"}],"author":[{"embeddable":true,"href":"https:\/\/investnews.com.br\/inv-api\/wp\/v2\/users\/61"}],"replies":[{"embeddable":true,"href":"https:\/\/investnews.com.br\/inv-api\/wp\/v2\/comments?post=444690"}],"version-history":[{"count":5,"href":"https:\/\/investnews.com.br\/inv-api\/wp\/v2\/posts\/444690\/revisions"}],"predecessor-version":[{"id":704725,"href":"https:\/\/investnews.com.br\/inv-api\/wp\/v2\/posts\/444690\/revisions\/704725"}],"wp:featuredmedia":[{"embeddable":true,"href":"https:\/\/investnews.com.br\/inv-api\/wp\/v2\/media\/444691"}],"wp:attachment":[{"href":"https:\/\/investnews.com.br\/inv-api\/wp\/v2\/media?parent=444690"}],"wp:term":[{"taxonomy":"category","embeddable":true,"href":"https:\/\/investnews.com.br\/inv-api\/wp\/v2\/categories?post=444690"},{"taxonomy":"post_tag","embeddable":true,"href":"https:\/\/investnews.com.br\/inv-api\/wp\/v2\/tags?post=444690"},{"taxonomy":"autor-wsj","embeddable":true,"href":"https:\/\/investnews.com.br\/inv-api\/wp\/v2\/autor-wsj?post=444690"},{"taxonomy":"author","embeddable":true,"href":"https:\/\/investnews.com.br\/inv-api\/wp\/v2\/coauthors?post=444690"}],"curies":[{"name":"wp","href":"https:\/\/api.w.org\/{rel}","templated":true}]}}