{"id":445016,"date":"2023-03-07T08:30:16","date_gmt":"2023-03-07T11:30:16","guid":{"rendered":"https:\/\/investnews.com.br\/?p=445016"},"modified":"2023-03-07T08:30:19","modified_gmt":"2023-03-07T11:30:19","slug":"indicador-antecedente-de-emprego-do-brasil-avanca-em-fevereiro","status":"publish","type":"post","link":"https:\/\/investnews.com.br\/economia\/indicador-antecedente-de-emprego-do-brasil-avanca-em-fevereiro\/","title":{"rendered":"Indicador antecedente de emprego do Brasil avan\u00e7a em fevereiro"},"content":{"rendered":"\n<p>O Indicador Antecedente de Emprego do Brasil avan\u00e7ou 0,8 ponto em fevereiro, a 74,7 pontos, compensando queda que havia sido registrada em janeiro, mostraram dados divulgados nesta ter\u00e7a-feira pela Funda\u00e7\u00e3o Getulio Vargas (FGV).<\/p>\n\n\n\n<p>O<strong> IAEmp,<\/strong> que antecipa os rumos do mercado de trabalho no Brasil, havia recuado 0,8 ponto no m\u00eas anterior. Apesar da recupera\u00e7\u00e3o do terreno perdido, <strong>o \u00edndice segue em n\u00edveis historicamente baixos, segundo a FGV.<\/strong><\/p>\n\n\n\n<p>&#8220;As expectativas de desacelera\u00e7\u00e3o econ\u00f4mica do ano t\u00eam impactado o \u00edmpeto de contrata\u00e7\u00e3o de pessoal ocupado das empresas, impedindo que o IAEmp volte a ganhar f\u00f4lego em 2023&#8221;, explicou Anna Carolina Gouveia, economista do FGV IBRE.<\/p>\n\n\n\n<p>&#8220;A invers\u00e3o para uma trajet\u00f3ria positiva e sustent\u00e1vel nos pr\u00f3ximos meses depender\u00e1 da melhora do quadro macroecon\u00f4mico e da evolu\u00e7\u00e3o positivas das atividades setoriais&#8221;.<\/p>\n","protected":false},"excerpt":{"rendered":"<p>Indicador recupera queda registrada no m\u00eas anterior, segundo a Funda\u00e7\u00e3o Getulio Vargas (FGV).<\/p>\n","protected":false},"author":61,"featured_media":445017,"comment_status":"closed","ping_status":"open","sticky":false,"template":"","format":"standard","meta":{"_acf_changed":false,"inline_featured_image":false,"footnotes":""},"categories":[5],"tags":[374,215],"autor-wsj":[],"coauthors":[2494],"class_list":["post-445016","post","type-post","status-publish","format-standard","has-post-thumbnail","hentry","category-economia","tag-desemprego","tag-emprego"],"acf":[],"amp_enabled":true,"_links":{"self":[{"href":"https:\/\/investnews.com.br\/inv-api\/wp\/v2\/posts\/445016","targetHints":{"allow":["GET"]}}],"collection":[{"href":"https:\/\/investnews.com.br\/inv-api\/wp\/v2\/posts"}],"about":[{"href":"https:\/\/investnews.com.br\/inv-api\/wp\/v2\/types\/post"}],"author":[{"embeddable":true,"href":"https:\/\/investnews.com.br\/inv-api\/wp\/v2\/users\/61"}],"replies":[{"embeddable":true,"href":"https:\/\/investnews.com.br\/inv-api\/wp\/v2\/comments?post=445016"}],"version-history":[{"count":2,"href":"https:\/\/investnews.com.br\/inv-api\/wp\/v2\/posts\/445016\/revisions"}],"predecessor-version":[{"id":445019,"href":"https:\/\/investnews.com.br\/inv-api\/wp\/v2\/posts\/445016\/revisions\/445019"}],"wp:featuredmedia":[{"embeddable":true,"href":"https:\/\/investnews.com.br\/inv-api\/wp\/v2\/media\/445017"}],"wp:attachment":[{"href":"https:\/\/investnews.com.br\/inv-api\/wp\/v2\/media?parent=445016"}],"wp:term":[{"taxonomy":"category","embeddable":true,"href":"https:\/\/investnews.com.br\/inv-api\/wp\/v2\/categories?post=445016"},{"taxonomy":"post_tag","embeddable":true,"href":"https:\/\/investnews.com.br\/inv-api\/wp\/v2\/tags?post=445016"},{"taxonomy":"autor-wsj","embeddable":true,"href":"https:\/\/investnews.com.br\/inv-api\/wp\/v2\/autor-wsj?post=445016"},{"taxonomy":"author","embeddable":true,"href":"https:\/\/investnews.com.br\/inv-api\/wp\/v2\/coauthors?post=445016"}],"curies":[{"name":"wp","href":"https:\/\/api.w.org\/{rel}","templated":true}]}}