{"id":445955,"date":"2023-03-09T05:00:00","date_gmt":"2023-03-09T08:00:00","guid":{"rendered":"https:\/\/investnews.com.br\/?p=445955"},"modified":"2025-08-08T16:44:52","modified_gmt":"2025-08-08T19:44:52","slug":"indicador-de-risco-brasil-cds-tem-queda-de-mais-de-14-em-2023-ate-agora","status":"publish","type":"post","link":"https:\/\/investnews.com.br\/economia\/indicador-de-risco-brasil-cds-tem-queda-de-mais-de-14-em-2023-ate-agora\/","title":{"rendered":"Indicador de risco Brasil, CDS tem queda de mais de 14% em 2023 at\u00e9 agora"},"content":{"rendered":"<p>O <strong>CDS<\/strong> (Credit Default <a href=\"https:\/\/investnews.com.br\/guias\/swap-como-funciona\/\">Swap<\/a>), t\u00edtulo que funciona como uma esp\u00e9cie de seguro para opera\u00e7\u00f5es de cr\u00e9dito no pa\u00eds e mensura o <a href=\"https:\/\/investnews.com.br\/economia\/risco-brasil-cenario\/\">risco-Brasil<\/a>, voltou a subir na quarta-feira (8), em alta de 3,99% ap\u00f3s acumular queda de mais de 8% em tr\u00eas dias. Nesta quinta-feira (9), o CDS est\u00e1 em queda novamente. O indicador ainda acumula recuo de mais 14% em 2023, considerando o t\u00edtulo com prazo de 10 anos.<\/p><figure class=\"wp-block-embed is-type-wp-embed is-provider-flourish wp-block-embed-flourish\"><div class=\"wp-block-embed__wrapper\">\n<iframe loading=\"lazy\" class=\"wp-embedded-content\" sandbox=\"allow-scripts\" security=\"restricted\" title=\"Interactive or visual content\" src=\"https:\/\/flo.uri.sh\/visualisation\/12994675\/embed#?secret=bvVBRopcUt\" data-secret=\"bvVBRopcUt\" frameborder=\"0\" scrolling=\"no\" height=\"575\" width=\"500\"><\/iframe>\n<\/div><\/figure><p>Para especialistas ouvidos pelo <em>InvestNews<\/em>, a queda da percep\u00e7\u00e3o de risco do investimento no Brasil \u00e9 reflexo n\u00e3o apenas de fatores locais, mas tamb\u00e9m externos.<\/p><p>Bruno Komura analista da Ouro Preto Investimentos, aponta que <strong>a queda mais expressiva do CDS foi em janeiro<\/strong>, coincidindo com ao al\u00edvio dos mercados em outros pa\u00edses devido a an\u00e1lises, naquele momento, sobre os juros nos Estados Unidos, al\u00e9m da<a href=\"https:\/\/investnews.com.br\/economia\/reabertura-da-china-tera-desafios-para-retomada-economica-dizem-economistas\/\"> reabertura da China<\/a> com o fim da pol\u00edtica de covid zero.<\/p><figure class=\"wp-block-image size-large\"><img loading=\"lazy\" decoding=\"async\" width=\"1024\" height=\"753\" src=\"https:\/\/media.investnews.com.br\/uploads\/2023\/01\/2023-01-10T141013Z_1_LYNXMPEJ090GZ_RTROPTP_4_USA-FED-POWELL-1024x753.jpg\" alt=\"\" class=\"wp-image-417008\" srcset=\"https:\/\/media.investnews.com.br\/uploads\/2023\/01\/2023-01-10T141013Z_1_LYNXMPEJ090GZ_RTROPTP_4_USA-FED-POWELL-1024x753.jpg 1024w, https:\/\/media.investnews.com.br\/uploads\/2023\/01\/2023-01-10T141013Z_1_LYNXMPEJ090GZ_RTROPTP_4_USA-FED-POWELL-300x221.jpg 300w, https:\/\/media.investnews.com.br\/uploads\/2023\/01\/2023-01-10T141013Z_1_LYNXMPEJ090GZ_RTROPTP_4_USA-FED-POWELL-768x565.jpg 768w, https:\/\/media.investnews.com.br\/uploads\/2023\/01\/2023-01-10T141013Z_1_LYNXMPEJ090GZ_RTROPTP_4_USA-FED-POWELL-1536x1130.jpg 1536w, https:\/\/media.investnews.com.br\/uploads\/2023\/01\/2023-01-10T141013Z_1_LYNXMPEJ090GZ_RTROPTP_4_USA-FED-POWELL-1256x924.jpg 1256w, https:\/\/media.investnews.com.br\/uploads\/2023\/01\/2023-01-10T141013Z_1_LYNXMPEJ090GZ_RTROPTP_4_USA-FED-POWELL-172x126.jpg 172w, https:\/\/media.investnews.com.br\/uploads\/2023\/01\/2023-01-10T141013Z_1_LYNXMPEJ090GZ_RTROPTP_4_USA-FED-POWELL-150x110.jpg 150w, https:\/\/media.investnews.com.br\/uploads\/2023\/01\/2023-01-10T141013Z_1_LYNXMPEJ090GZ_RTROPTP_4_USA-FED-POWELL.jpg 2048w\" sizes=\"auto, (max-width: 1024px) 100vw, 1024px\" \/><figcaption class=\"wp-element-caption\">Chair do Fed, Jerome Powell\n23\/09\/2022. REUTERS\/Kevin Lamarque\/File Photo<\/figcaption><\/figure><p>Com a percep\u00e7\u00e3o de risco em baixa globalmente, os <strong>mercados emergentes<\/strong> se tornam atraentes, o que ajuda a explicar a queda do CDS no per\u00edodo. \u201cA percep\u00e7\u00e3o de que os mercados emergentes est\u00e3o atraentes \u00e9 v\u00e1lida\u201d, diz Komura.\u00a0<\/p><p>\u201cNeste per\u00edodo as bolsas se recuperaram bem\u201d, menciona ele. \u201c<a href=\"https:\/\/investnews.com.br\/boletim-investnews\/falas-do-presidente-do-fed-sobre-juros-abalam-ibovespa-entenda\/\">Mais recentemente come\u00e7aram a aparecer d\u00favidas<\/a>, pois os dados da economia americana parecem n\u00e3o apontar para um arrefecimento, tanto que houve mudan\u00e7a na expectativa da <strong>alta dos juros pelo Fed<\/strong>. Somado aos ru\u00eddos locais, \u00e9 poss\u00edvel que haja uma mudan\u00e7a na tend\u00eancia do CDS.\u201d<\/p><h2 class=\"wp-block-heading\">Fatores internos<\/h2><figure class=\"wp-block-image size-full\"><img loading=\"lazy\" decoding=\"async\" width=\"1024\" height=\"768\" src=\"https:\/\/media.investnews.com.br\/uploads\/2023\/02\/caixa_economica_federal_rita_serrano_fcpzzb_abr_20230112_0327.jpg\" alt=\"Fernando Haddad segura a m\u00e3o de Lula com as duas m\u00e3os, ambos sorrindo.\" class=\"wp-image-441157\" srcset=\"https:\/\/media.investnews.com.br\/uploads\/2023\/02\/caixa_economica_federal_rita_serrano_fcpzzb_abr_20230112_0327.jpg 1024w, https:\/\/media.investnews.com.br\/uploads\/2023\/02\/caixa_economica_federal_rita_serrano_fcpzzb_abr_20230112_0327-300x225.jpg 300w, https:\/\/media.investnews.com.br\/uploads\/2023\/02\/caixa_economica_federal_rita_serrano_fcpzzb_abr_20230112_0327-768x576.jpg 768w, https:\/\/media.investnews.com.br\/uploads\/2023\/02\/caixa_economica_federal_rita_serrano_fcpzzb_abr_20230112_0327-172x129.jpg 172w, https:\/\/media.investnews.com.br\/uploads\/2023\/02\/caixa_economica_federal_rita_serrano_fcpzzb_abr_20230112_0327-150x113.jpg 150w\" sizes=\"auto, (max-width: 1024px) 100vw, 1024px\" \/><figcaption class=\"wp-element-caption\">O presidente Luiz In\u00e1cio Lula da Silva, e o ministro da Fazenda, Fernando Haddad, participam da cerim\u00f4nia de posse da presidenta da Caixa, Rita Serrano, em Bras\u00edlia. (Foto: Fabio Rodrigues-Pozzebom\/ Ag\u00eancia Brasil)<\/figcaption><\/figure><p>Do cen\u00e1rio local, outros fatores tamb\u00e9m t\u00eam <strong>mantido o CDS em movimento de baixa em 2023 at\u00e9 agora<\/strong>, segundo os especialistas. Patr\u00edcia Krause, economista-chefe da Coface America Latina, cita dois deles.\u00a0<\/p><p>\u201cUma das not\u00edcias \u00e9 o an\u00fancio, no final do m\u00eas passado, da<a href=\"https:\/\/investnews.com.br\/economia\/anuncio-de-haddad-sobre-reoneracao-dos-combustiveis\/\"> reonera\u00e7\u00e3o sobre gasolina e etanol<\/a>, e a estimativa de que isso traria uma <strong>recomposi\u00e7\u00e3o de tributos ao caixa do governo em 2023<\/strong>. E tamb\u00e9m as falas do ministro da Fazenda, Fernando Haddad, de que a <strong>\u00e2ncora fiscal que deve substituir o teto de gastos<\/strong> <a href=\"https:\/\/investnews.com.br\/economia\/haddad-diz-que-fazenda-fechou-sua-proposta-para-novo-arcabouco-fiscal\/\">j\u00e1 estaria pronta<\/a> e deve agora apresentar para as pastas econ\u00f4micas e, em seguida, para o Congresso. A inten\u00e7\u00e3o \u00e9 que isso seja feito antes da reuni\u00e3o do <a href=\"https:\/\/investnews.com.br\/guias\/copom-taxa-selic\/\">Copom<\/a> de 22 de mar\u00e7o.\u201d<\/p><p>Apesar das not\u00edcias serem avaliadas como positivas, por\u00e9m, ainda h\u00e1<strong> incertezas no mercado<\/strong>. A primeira delas reside no fato de que a reonera\u00e7\u00e3o sobre os combust\u00edveis foi apenas parcial, e a compensa\u00e7\u00e3o para os cofres p\u00fablicos veio com a cria\u00e7\u00e3o de um imposto sobre as exporta\u00e7\u00f5es de petr\u00f3leo. Essa taxa\u00e7\u00e3o, no entanto, <a href=\"https:\/\/investnews.com.br\/economia\/tributacao-de-exportacao-de-petroleo-gera-incertezas-dizem-economistas\/\">\u00e9 tempor\u00e1ria<\/a>, o que gera d\u00favidas sobre a possibilidade de eleva\u00e7\u00e3o ou cria\u00e7\u00e3o de novos tributos mais \u00e0 frente.<\/p><p>Ainda no cen\u00e1rio interno, o consultor Nilo Mingrone, do International Business Consulting (IBC), aponta que a queda do CDS em 2023 \u00e9 uma continuidade do movimento de al\u00edvio ap\u00f3s as incertezas trazidas pelo <a href=\"https:\/\/investnews.com.br\/geral\/eleicao-polarizada-e-democracia-ha-limites-a-respeitar-diz-humberto-dantas\/\">processo eleitoral conturbado<\/a> em 2022.<\/p><p>\u201cAs elei\u00e7\u00f5es estavam impactando altamente o risco e por isso subiu demais. E o que est\u00e1 acontecendo agora n\u00e3o \u00e9 uma diminui\u00e7\u00e3o, mas um regresso, aparentemente porque alguns dos principais receios econ\u00f4micos foram dissipados. A economia est\u00e1 tentando superar qualquer diverg\u00eancia pol\u00edtica. Ent\u00e3o, <strong>est\u00e1 muito pr\u00f3ximo ao \u00edndice de 6 meses atr\u00e1s<\/strong>\u201d, comenta ele.\u00a0<\/p>\n","protected":false},"excerpt":{"rendered":"<p>Especialistas citam cen\u00e1rio externo, expectativas por cen\u00e1rio fiscal e al\u00edvio eleitoral.<\/p>\n","protected":false},"author":31,"featured_media":427452,"comment_status":"closed","ping_status":"open","sticky":false,"template":"","format":"standard","meta":{"_acf_changed":false,"inline_featured_image":false,"footnotes":""},"categories":[5],"tags":[1246,101620,283,2370],"autor-wsj":[],"coauthors":[1908],"class_list":["post-445955","post","type-post","status-publish","format-standard","has-post-thumbnail","hentry","category-economia","tag-federal-reserve","tag-fernando-haddad","tag-governo-federal","tag-luiz-inacio-lula-da-silva"],"acf":[],"amp_enabled":true,"_links":{"self":[{"href":"https:\/\/investnews.com.br\/inv-api\/wp\/v2\/posts\/445955","targetHints":{"allow":["GET"]}}],"collection":[{"href":"https:\/\/investnews.com.br\/inv-api\/wp\/v2\/posts"}],"about":[{"href":"https:\/\/investnews.com.br\/inv-api\/wp\/v2\/types\/post"}],"author":[{"embeddable":true,"href":"https:\/\/investnews.com.br\/inv-api\/wp\/v2\/users\/31"}],"replies":[{"embeddable":true,"href":"https:\/\/investnews.com.br\/inv-api\/wp\/v2\/comments?post=445955"}],"version-history":[{"count":9,"href":"https:\/\/investnews.com.br\/inv-api\/wp\/v2\/posts\/445955\/revisions"}],"predecessor-version":[{"id":704712,"href":"https:\/\/investnews.com.br\/inv-api\/wp\/v2\/posts\/445955\/revisions\/704712"}],"wp:featuredmedia":[{"embeddable":true,"href":"https:\/\/investnews.com.br\/inv-api\/wp\/v2\/media\/427452"}],"wp:attachment":[{"href":"https:\/\/investnews.com.br\/inv-api\/wp\/v2\/media?parent=445955"}],"wp:term":[{"taxonomy":"category","embeddable":true,"href":"https:\/\/investnews.com.br\/inv-api\/wp\/v2\/categories?post=445955"},{"taxonomy":"post_tag","embeddable":true,"href":"https:\/\/investnews.com.br\/inv-api\/wp\/v2\/tags?post=445955"},{"taxonomy":"autor-wsj","embeddable":true,"href":"https:\/\/investnews.com.br\/inv-api\/wp\/v2\/autor-wsj?post=445955"},{"taxonomy":"author","embeddable":true,"href":"https:\/\/investnews.com.br\/inv-api\/wp\/v2\/coauthors?post=445955"}],"curies":[{"name":"wp","href":"https:\/\/api.w.org\/{rel}","templated":true}]}}