{"id":448479,"date":"2023-03-13T15:53:08","date_gmt":"2023-03-13T18:53:08","guid":{"rendered":"https:\/\/investnews.com.br\/?p=448479"},"modified":"2024-06-25T15:23:47","modified_gmt":"2024-06-25T18:23:47","slug":"governo-anuncia-programa-de-passagens-aereas-a-r-200","status":"publish","type":"post","link":"https:\/\/investnews.com.br\/economia\/governo-anuncia-programa-de-passagens-aereas-a-r-200\/","title":{"rendered":"Governo anuncia programa de passagens a\u00e9reas a R$ 200"},"content":{"rendered":"\n<p>O ministro de Portos e Aeroportos, M\u00e1rcio Fran\u00e7a, deu mais detalhes nesta segunda-feira (13), sobre o <strong>Voa Brasil,<\/strong> programa formatado para que um p\u00fablico espec\u00edfico, com renda de at\u00e9 R$ 6,8 mil, possa <strong>comprar passagens a\u00e9reas a R$ 200<\/strong>. A ideia, segundo ele, \u00e9 que as companhias a\u00e9reas tenham um segmento dentro de seus programas de fidelidade dedicado ao programa. <\/p>\n\n\n\n<p>Com ele, servidores, aposentados e pensionistas, al\u00e9m de estudantes com Fies, poder\u00e3o comprar duas passagens por ano ao pre\u00e7o de R$ 200 cada, parcelar em 12 vezes por meio de financiamento da Caixa, que fica ent\u00e3o respons\u00e1vel por fazer o pagamento \u00e0s \u00e1reas.<\/p>\n\n\n\n<h2 class=\"wp-block-heading\">&#8216;Esp\u00e9cie de consignado&#8217;<\/h2>\n\n\n\n<p>Fran\u00e7a afirmou que \u00e9 uma esp\u00e9cie de &#8220;consignado&#8221;, mas negou que haja subs\u00eddio do governo, apenas o financiamento pelos bancos p\u00fablicos. Em entrevista \u00e0\u00a0<em>CNN<\/em>, ele citou a <strong>Caixa <\/strong>e tamb\u00e9m o <strong>Banco do Brasil.<\/strong> A previs\u00e3o \u00e9 de que quase 12 milh\u00f5es de passagens sejam emitidas por ano dentro do programa.<\/p>\n\n\n\n<p>Al\u00e9m do p\u00fablico-alvo citado pelo ministro, outras pessoas &#8211; que tenham renda de at\u00e9 R$ 6,8 mil &#8211; tamb\u00e9m poder\u00e3o participar, desde que paguem de forma antecipada, e n\u00e3o parcelada. <\/p>\n\n\n\n<p>As passagens a R$ 200 ficar\u00e3o restritas a um per\u00edodo espec\u00edfico do ano, meses &#8220;intermedi\u00e1rios&#8221; das temporadas nos aeroportos: a partir da segunda metade de fevereiro at\u00e9 junho, e depois nos meses de agosto, setembro, outubro e novembro.<\/p>\n\n\n\n<p>Se a formata\u00e7\u00e3o do programa ocorrer bem, o ministro acredita que poder\u00e1 iniciar o Voa Brasil no segundo semestre, utilizando 5% da capacidade ociosa das aeronaves. A porcentagem vai escalonando a cada semestre, at\u00e9 chegar a 20% no quarto semestre de funcionamento da pol\u00edtica.<\/p>\n\n\n\n<blockquote class=\"wp-block-quote is-layout-flow wp-block-quote-is-layout-flow\">\n<p>&#8220;Descobrimos obviamente que durante os meses intermedi\u00e1rios avi\u00f5es saem com 21% de passageiros a menos. Governo n\u00e3o entra com subs\u00eddio, ele ajuda a financiar, mas \u00e9 tarefa da Caixa financiar. Diferen\u00e7a \u00e9 que essas pessoas t\u00eam renda garantida, vai ser esp\u00e9cie de consignado, quando der ok vai ser descontado da previd\u00eancia, do sal\u00e1rio, n\u00e3o tem intermedia\u00e7\u00e3o de banco, \u00e9 100% sem inadimpl\u00eancia&#8221;, disse Fran\u00e7a.<\/p>\n<\/blockquote>\n\n\n\n<h2 class=\"wp-block-heading\">Efeito do programa<\/h2>\n\n\n\n<p>Na avalia\u00e7\u00e3o do ministro, o programa vai provocar uma redu\u00e7\u00e3o de pre\u00e7o geral nas passagens, uma vez que reduz a ociosidade enfrentada pelas companhias \u00e1reas. Ele afirmou inclusive que as a\u00e7\u00f5es das empresas teriam subido pelo entendimento de que a partir do programa &#8220;v\u00e3o voar lotadas&#8221;. <\/p>\n\n\n\n<p>&#8220;Temos uma luta paralela, que \u00e9 o pre\u00e7o do combust\u00edvel de avia\u00e7\u00e3o (QAV), a gente quer que seja reduzida. Mas as companhias est\u00e3o fazendo seu papel, oferecendo ao governo um voo mais barato para muitas pessoas&#8221;, disse.<\/p>\n\n\n\n<p>O ministro ainda destacou o pedido do presidente da Rep\u00fablica, Luiz In\u00e1cio Lula da Silva, para que mais 100 aeroportos brasileiros passem a receber voos de carreira. Sem dar detalhes, Fran\u00e7a afirmou que quer mais empresas disputando o mercado e que uma &#8220;nova est\u00e1 chegando agora&#8221;, sem dizer qual. <\/p>\n\n\n\n<p>&#8220;N\u00famero de aeroportos diminuiu porque voos ficaram concentrados em aeronaves maiores. Queremos v\u00e1rias empresas disputando, vai ter uma nova chegando agora que vai disputar mercado&#8221;, disse.<\/p>\n","protected":false},"excerpt":{"rendered":"<p>Previs\u00e3o \u00e9 de que quase 12 milh\u00f5es de passagens sejam emitidas por ano para servidores, estudantes e aposentados.<\/p>\n","protected":false},"author":62,"featured_media":4523,"comment_status":"closed","ping_status":"open","sticky":false,"template":"","format":"standard","meta":{"_acf_changed":false,"inline_featured_image":false,"footnotes":""},"categories":[5],"tags":[792],"autor-wsj":[],"coauthors":[2499],"class_list":["post-448479","post","type-post","status-publish","format-standard","has-post-thumbnail","hentry","category-economia","tag-aviacao"],"acf":[],"amp_enabled":true,"_links":{"self":[{"href":"https:\/\/investnews.com.br\/inv-api\/wp\/v2\/posts\/448479","targetHints":{"allow":["GET"]}}],"collection":[{"href":"https:\/\/investnews.com.br\/inv-api\/wp\/v2\/posts"}],"about":[{"href":"https:\/\/investnews.com.br\/inv-api\/wp\/v2\/types\/post"}],"author":[{"embeddable":true,"href":"https:\/\/investnews.com.br\/inv-api\/wp\/v2\/users\/62"}],"replies":[{"embeddable":true,"href":"https:\/\/investnews.com.br\/inv-api\/wp\/v2\/comments?post=448479"}],"version-history":[{"count":4,"href":"https:\/\/investnews.com.br\/inv-api\/wp\/v2\/posts\/448479\/revisions"}],"predecessor-version":[{"id":448486,"href":"https:\/\/investnews.com.br\/inv-api\/wp\/v2\/posts\/448479\/revisions\/448486"}],"wp:featuredmedia":[{"embeddable":true,"href":"https:\/\/investnews.com.br\/inv-api\/wp\/v2\/media\/4523"}],"wp:attachment":[{"href":"https:\/\/investnews.com.br\/inv-api\/wp\/v2\/media?parent=448479"}],"wp:term":[{"taxonomy":"category","embeddable":true,"href":"https:\/\/investnews.com.br\/inv-api\/wp\/v2\/categories?post=448479"},{"taxonomy":"post_tag","embeddable":true,"href":"https:\/\/investnews.com.br\/inv-api\/wp\/v2\/tags?post=448479"},{"taxonomy":"autor-wsj","embeddable":true,"href":"https:\/\/investnews.com.br\/inv-api\/wp\/v2\/autor-wsj?post=448479"},{"taxonomy":"author","embeddable":true,"href":"https:\/\/investnews.com.br\/inv-api\/wp\/v2\/coauthors?post=448479"}],"curies":[{"name":"wp","href":"https:\/\/api.w.org\/{rel}","templated":true}]}}