{"id":449663,"date":"2023-03-15T08:11:02","date_gmt":"2023-03-15T11:11:02","guid":{"rendered":"https:\/\/investnews.com.br\/?p=449663"},"modified":"2023-03-15T08:11:06","modified_gmt":"2023-03-15T11:11:06","slug":"economia-alema-devera-sofrer-leve-contracao-em-2023-diz-ifo","status":"publish","type":"post","link":"https:\/\/investnews.com.br\/economia\/economia-alema-devera-sofrer-leve-contracao-em-2023-diz-ifo\/","title":{"rendered":"Economia alem\u00e3 dever\u00e1 sofrer leve contra\u00e7\u00e3o em 2023, diz Ifo"},"content":{"rendered":"\n<p>A economia alem\u00e3 n\u00e3o conseguir\u00e1 escapar de uma recess\u00e3o em 2023, mas ap\u00f3s duas contra\u00e7\u00f5es trimestrais iniciar\u00e1 sua recupera\u00e7\u00e3o, disse o instituto econ\u00f4mico Ifo.<\/p>\n\n\n\n<p>No primeiro trimestre, o Produto Interno Bruto (PIB) deve contrair 0,2%, de acordo com as previs\u00f5es do Ifo publicadas nesta quarta-feira. A economia encolheu 0,4% no quarto trimestre de 2022 em compara\u00e7\u00e3o com os tr\u00eas meses anteriores.<\/p>\n\n\n\n<p>Uma recess\u00e3o \u00e9 comumente definida como dois trimestres sucessivos de contra\u00e7\u00e3o.<\/p>\n\n\n\n<p>O instituto prev\u00ea que a produ\u00e7\u00e3o econ\u00f4mica em 2023 permanecer\u00e1 aproximadamente no mesmo n\u00edvel do ano anterior, contraindo 0,1%.<\/p>\n\n\n\n<p>Em contraste, o governo alem\u00e3o prev\u00ea crescimento de 0,2% este ano, e outro importante instituto econ\u00f4mico alem\u00e3o, o IfW, elevou sua previs\u00e3o de expans\u00e3o nesta quarta-feira para 0,5%, de 0,3%, dizendo que a redu\u00e7\u00e3o de gargalos deve contribuir para uma tend\u00eancia de alta.<\/p>\n\n\n\n<p>Ambos os institutos prev\u00eaem que a economia recupere em 2024, com o Ifo a prever um crescimento de 1,7% e o IfW de 1,4%, enquanto a infla\u00e7\u00e3o vai se manter elevada este ano antes de cair no pr\u00f3ximo.<\/p>\n\n\n\n<p>Em 2023, a infla\u00e7\u00e3o dever\u00e1 cair para 6,2%, ante 6,9% no ano passado, enquanto em 2024 cair\u00e1 para 2,2%, segundo o Ifo.<\/p>\n\n\n\n<p>Da mesma forma, o IfW v\u00ea os pre\u00e7os ao consumidor subindo 5,4% este ano e 2,1% no ano que vem.<\/p>\n\n\n\n<p>&#8220;Chegamos ao pico da infla\u00e7\u00e3o&#8221;, disse o pesquisador econ\u00f4mico do Ifo, Timo Wollmershaeuser, citando a queda dos pre\u00e7os da energia e a diminui\u00e7\u00e3o dos gargalos na cadeia de oferta. No entanto, o forte aumento dos sal\u00e1rios est\u00e1 criando uma nova press\u00e3o sobre os pre\u00e7os, acrescentou.<\/p>\n\n\n\n<p>&#8220;A infla\u00e7\u00e3o alta est\u00e1 reduzindo a renda dispon\u00edvel das fam\u00edlias e levando a um decl\u00ednio nos gastos do consumidor privado no ano atual&#8221;, disse o IfW. Uma &#8220;perda percept\u00edvel de poder de compra&#8221; de 1,8% est\u00e1 no horizonte, acrescentou o instituto.<\/p>\n","protected":false},"excerpt":{"rendered":"<p>Produto Interno Bruto (PIB) deve contrair 0,2% no primeiro trimestre deste ano.<\/p>\n","protected":false},"author":61,"featured_media":449664,"comment_status":"closed","ping_status":"open","sticky":false,"template":"","format":"standard","meta":{"_acf_changed":false,"inline_featured_image":false,"footnotes":""},"categories":[5],"tags":[993,499],"autor-wsj":[],"coauthors":[2494],"class_list":["post-449663","post","type-post","status-publish","format-standard","has-post-thumbnail","hentry","category-economia","tag-alemanha","tag-economia"],"acf":[],"amp_enabled":true,"_links":{"self":[{"href":"https:\/\/investnews.com.br\/inv-api\/wp\/v2\/posts\/449663","targetHints":{"allow":["GET"]}}],"collection":[{"href":"https:\/\/investnews.com.br\/inv-api\/wp\/v2\/posts"}],"about":[{"href":"https:\/\/investnews.com.br\/inv-api\/wp\/v2\/types\/post"}],"author":[{"embeddable":true,"href":"https:\/\/investnews.com.br\/inv-api\/wp\/v2\/users\/61"}],"replies":[{"embeddable":true,"href":"https:\/\/investnews.com.br\/inv-api\/wp\/v2\/comments?post=449663"}],"version-history":[{"count":2,"href":"https:\/\/investnews.com.br\/inv-api\/wp\/v2\/posts\/449663\/revisions"}],"predecessor-version":[{"id":449666,"href":"https:\/\/investnews.com.br\/inv-api\/wp\/v2\/posts\/449663\/revisions\/449666"}],"wp:featuredmedia":[{"embeddable":true,"href":"https:\/\/investnews.com.br\/inv-api\/wp\/v2\/media\/449664"}],"wp:attachment":[{"href":"https:\/\/investnews.com.br\/inv-api\/wp\/v2\/media?parent=449663"}],"wp:term":[{"taxonomy":"category","embeddable":true,"href":"https:\/\/investnews.com.br\/inv-api\/wp\/v2\/categories?post=449663"},{"taxonomy":"post_tag","embeddable":true,"href":"https:\/\/investnews.com.br\/inv-api\/wp\/v2\/tags?post=449663"},{"taxonomy":"autor-wsj","embeddable":true,"href":"https:\/\/investnews.com.br\/inv-api\/wp\/v2\/autor-wsj?post=449663"},{"taxonomy":"author","embeddable":true,"href":"https:\/\/investnews.com.br\/inv-api\/wp\/v2\/coauthors?post=449663"}],"curies":[{"name":"wp","href":"https:\/\/api.w.org\/{rel}","templated":true}]}}