{"id":452635,"date":"2023-03-20T19:18:22","date_gmt":"2023-03-20T22:18:22","guid":{"rendered":"https:\/\/investnews.com.br\/?p=452635"},"modified":"2025-10-23T11:49:39","modified_gmt":"2025-10-23T14:49:39","slug":"yduqs-preve-elevacao-de-ebitda-e-queda-no-capex-no-1o-tri","status":"publish","type":"post","link":"https:\/\/investnews.com.br\/negocios\/yduqs-preve-elevacao-de-ebitda-e-queda-no-capex-no-1o-tri\/","title":{"rendered":"Yduqs prev\u00ea eleva\u00e7\u00e3o de Ebitda e queda do capex no 1\u00ba tri"},"content":{"rendered":"\n<p>O grupo de educa\u00e7\u00e3o Yduqs divulgou na noite desta segunda-feira (20) proje\u00e7\u00f5es preliminares para o primeiro trimestre de 2023, com previs\u00e3o de aumento do lucro antes de juros, impostos, <a href=\"https:\/\/investnews.com.br\/guias\/amortizacao-o-que-e\/\">amortiza\u00e7\u00e3o<\/a> e deprecia\u00e7\u00e3o (<a href=\"https:\/\/investnews.com.br\/guias\/ebitda-o-que-e-como-calcular\/\">Ebitda<\/a>, na sigla em ingl\u00eas) ajustado e queda no <a href=\"https:\/\/investnews.com.br\/guias\/capex-e-opex\/\">capex<\/a> (<a href=\"https:\/\/investnews.com.br\/guias\/capex-e-opex\/\">despesas de capital<\/a>). <\/p>\n\n\n\n<p>A previs\u00e3o da companhia para o primeiro trimestre de 2023 \u00e9 de um Ebitda ajustado consolidado entre R$ 440 milh\u00f5es e R$ 480 milh\u00f5es no primeiro trimestre deste ano, contra resultado de R$ 400 milh\u00f5es no primeiro trimestre de 2022. <\/p>\n\n\n\n<p>J\u00e1 para o capex, a previs\u00e3o \u00e9 de um montante de R$ 450 milh\u00f5es contra R$ 492 milh\u00f5es no mesmo intervalo de 2022. <\/p>\n\n\n\n<p>Em comunicado, a empresa esclareceu que os dados completos das informa\u00e7\u00f5es projetadas,  assim como a \u00edntegra dos resultados financeiros, estar\u00e3o dispon\u00edveis na divulga\u00e7\u00e3o do resultado do exerc\u00edcio social de 2023, em maio de 2023.<br><\/p>\n\n\n\n<p><br><\/p>\n","protected":false},"excerpt":{"rendered":"<p>Previs\u00e3o \u00e9 de Ebitda ajustado entre R$ 440 milh\u00f5es e R$ 480 milh\u00f5es no primeiro trimestre deste ano, contra resultado de R$ 400 milh\u00f5es no primeiro trimestre de 2022. <\/p>\n","protected":false},"author":53,"featured_media":314040,"comment_status":"closed","ping_status":"open","sticky":false,"template":"","format":"standard","meta":{"_acf_changed":false,"inline_featured_image":false,"footnotes":""},"categories":[6],"tags":[110090],"autor-wsj":[],"coauthors":[2433],"class_list":["post-452635","post","type-post","status-publish","format-standard","has-post-thumbnail","hentry","category-negocios","tag-yduqs"],"acf":[],"amp_enabled":true,"_links":{"self":[{"href":"https:\/\/investnews.com.br\/inv-api\/wp\/v2\/posts\/452635","targetHints":{"allow":["GET"]}}],"collection":[{"href":"https:\/\/investnews.com.br\/inv-api\/wp\/v2\/posts"}],"about":[{"href":"https:\/\/investnews.com.br\/inv-api\/wp\/v2\/types\/post"}],"author":[{"embeddable":true,"href":"https:\/\/investnews.com.br\/inv-api\/wp\/v2\/users\/53"}],"replies":[{"embeddable":true,"href":"https:\/\/investnews.com.br\/inv-api\/wp\/v2\/comments?post=452635"}],"version-history":[{"count":17,"href":"https:\/\/investnews.com.br\/inv-api\/wp\/v2\/posts\/452635\/revisions"}],"predecessor-version":[{"id":452682,"href":"https:\/\/investnews.com.br\/inv-api\/wp\/v2\/posts\/452635\/revisions\/452682"}],"wp:featuredmedia":[{"embeddable":true,"href":"https:\/\/investnews.com.br\/inv-api\/wp\/v2\/media\/314040"}],"wp:attachment":[{"href":"https:\/\/investnews.com.br\/inv-api\/wp\/v2\/media?parent=452635"}],"wp:term":[{"taxonomy":"category","embeddable":true,"href":"https:\/\/investnews.com.br\/inv-api\/wp\/v2\/categories?post=452635"},{"taxonomy":"post_tag","embeddable":true,"href":"https:\/\/investnews.com.br\/inv-api\/wp\/v2\/tags?post=452635"},{"taxonomy":"autor-wsj","embeddable":true,"href":"https:\/\/investnews.com.br\/inv-api\/wp\/v2\/autor-wsj?post=452635"},{"taxonomy":"author","embeddable":true,"href":"https:\/\/investnews.com.br\/inv-api\/wp\/v2\/coauthors?post=452635"}],"curies":[{"name":"wp","href":"https:\/\/api.w.org\/{rel}","templated":true}]}}