{"id":453503,"date":"2023-03-22T18:34:01","date_gmt":"2023-03-22T21:34:01","guid":{"rendered":"https:\/\/investnews.com.br\/?p=453503"},"modified":"2023-03-22T18:53:03","modified_gmt":"2023-03-22T21:53:03","slug":"copom-mantem-a-taxa-selic-em-1375-ao-ano","status":"publish","type":"post","link":"https:\/\/investnews.com.br\/economia\/copom-mantem-a-taxa-selic-em-1375-ao-ano\/","title":{"rendered":"Copom mant\u00e9m Selic em 13,75% e cita que &#8216;cen\u00e1rio externo se deteriorou&#8217;"},"content":{"rendered":"\n<p>O Comit\u00ea de Pol\u00edtica Mont\u00e1ria (<a href=\"https:\/\/investnews.com.br\/guias\/copom-taxa-selic\/\">Copom<\/a>) do Banco Central anunciou nesta quarta-feira (22) que decidiu manter a <a href=\"https:\/\/investnews.com.br\/guias\/taxa-selic\/\">taxa Selic<\/a> em 13,75% ao ano. A decis\u00e3o veio em linha com a <a href=\"https:\/\/investnews.com.br\/economia\/copom-inicia-reuniao-com-mercado-esperando-manutencao-da-selic\/\">expectativa do mercado<\/a>. No comunicado, o Copom citou que o &#8220;ambiente externo se deteriorou&#8221;.<\/p>\n\n\n\n<p>Apesar da expectativa pela manuten\u00e7\u00e3o, em meio a um cen\u00e1rio de infla\u00e7\u00e3o ainda distante da meta, o mercado aguarda sinais de quando o BC dar\u00e1 in\u00edcio ao ciclo de corte dos juros. O tema tem sido alvo de <a href=\"https:\/\/investnews.com.br\/economia\/lula-x-banco-central-relembre-8-frases-para-entender-a-polemica\/\">cr\u00edticas do governo<\/a>, e recentemente <a href=\"https:\/\/investnews.com.br\/economia\/crise-bancaria-la-fora-nao-deve-adiantar-corte-da-selic-dizem-economistas\/\">ganhou ainda mais for\u00e7a<\/a> em meio \u00e0s incertezas externas por causa da <a href=\"https:\/\/investnews.com.br\/negocios\/crise-bancaria-em-1-semana-relembre-os-fatos-e-entenda-o-que-esta-acontecendo\/\">crise banc\u00e1ria<\/a> que atingiu institui\u00e7\u00f5es nos Estados Unidos e Europa.<\/p>\n\n\n\n<div class=\"flourish-embed flourish-chart\" data-src=\"visualisation\/13163788?1265504\"><script src=\"https:\/\/public.flourish.studio\/resources\/embed.js\"><\/script><\/div>\n\n\n\n<p>No comunicado desta quarta, o Copom disse que &#8220;os epis\u00f3dios envolvendo bancos nos EUA e na Europa elevaram a incerteza e a volatilidade dos mercados e requerem monitoramento&#8221;.<\/p>\n\n\n\n<p>J\u00e1 no cen\u00e1rio interno, o BC apontou sinais de desacelera\u00e7\u00e3o econ\u00f4mica, conforme o esperado, al\u00e9m de infla\u00e7\u00e3o ainda acima da meta.&#8221;As expectativas de infla\u00e7\u00e3o para 2023 e 2024 apuradas pela pesquisa Focus se elevaram desde a reuni\u00e3o anterior do Copom e encontram-se em torno de 6,0% e 4,1%, respectivamente&#8221;, destacou.<\/p>\n\n\n\n<h2 class=\"wp-block-heading\">Riscos no radar<\/h2>\n\n\n\n<p>O Copom listou fatores de risco para a infla\u00e7\u00e3o que est\u00e3o no radar. Segundo o comunicado, entre os fatores que podem levar os pre\u00e7os a ganharem for\u00e7a est\u00e3o:<\/p>\n\n\n\n<ul class=\"wp-block-list\">\n<li>maior persist\u00eancia das press\u00f5es inflacion\u00e1rias globais<\/li>\n\n\n\n<li>incerteza sobre o arcabou\u00e7o fiscal<\/li>\n\n\n\n<li> desancoragem maior, ou mais duradoura, das expectativas de infla\u00e7\u00e3o para prazos mais longos<\/li>\n<\/ul>\n\n\n\n<p>J\u00e1 entre os fatores que podem trazer al\u00edvio para a infla\u00e7\u00e3o, o BC listou:<\/p>\n\n\n\n<ul class=\"wp-block-list\">\n<li>uma queda adicional dos pre\u00e7os das\u00a0<em><a href=\"https:\/\/investnews.com.br\/guias\/commodities-o-que-sao\/\">commodities<\/a><\/em>\u00a0<\/li>\n\n\n\n<li>uma desacelera\u00e7\u00e3o da atividade econ\u00f4mica global mais acentuada do que a projetada<\/li>\n\n\n\n<li>uma maior desacelera\u00e7\u00e3o na concess\u00e3o dom\u00e9stica de cr\u00e9dito<\/li>\n<\/ul>\n\n\n\n<h2 class=\"wp-block-heading\">Pr\u00f3ximos passos<\/h2>\n\n\n\n<p>Sobre a condu\u00e7\u00e3o da pol\u00edtica monet\u00e1ria nas pr\u00f3ximas reuni\u00f5es, o Copom disse que seguir\u00e1 &#8220;avaliando se a estrat\u00e9gia de manuten\u00e7\u00e3o da taxa b\u00e1sica de juros por per\u00edodo prolongado ser\u00e1 capaz de assegurar a converg\u00eancia da infla\u00e7\u00e3o&#8221;.<\/p>\n\n\n\n<p>&#8220;O Comit\u00ea enfatiza que os passos futuros da pol\u00edtica monet\u00e1ria poder\u00e3o ser ajustados e n\u00e3o hesitar\u00e1 em retomar o ciclo de ajuste caso o processo de desinfla\u00e7\u00e3o n\u00e3o transcorra como esperado.&#8221;<\/p>\n","protected":false},"excerpt":{"rendered":"<p>Decis\u00e3o veio em linha com a expectativa do mercado.<\/p>\n","protected":false},"author":31,"featured_media":377006,"comment_status":"closed","ping_status":"open","sticky":false,"template":"","format":"standard","meta":{"_acf_changed":false,"inline_featured_image":false,"footnotes":""},"categories":[5],"tags":[56,639,51,1616],"autor-wsj":[],"coauthors":[1908],"class_list":["post-453503","post","type-post","status-publish","format-standard","has-post-thumbnail","hentry","category-economia","tag-banco-central","tag-copom","tag-selic","tag-taxa-de-juros"],"acf":[],"amp_enabled":true,"_links":{"self":[{"href":"https:\/\/investnews.com.br\/inv-api\/wp\/v2\/posts\/453503","targetHints":{"allow":["GET"]}}],"collection":[{"href":"https:\/\/investnews.com.br\/inv-api\/wp\/v2\/posts"}],"about":[{"href":"https:\/\/investnews.com.br\/inv-api\/wp\/v2\/types\/post"}],"author":[{"embeddable":true,"href":"https:\/\/investnews.com.br\/inv-api\/wp\/v2\/users\/31"}],"replies":[{"embeddable":true,"href":"https:\/\/investnews.com.br\/inv-api\/wp\/v2\/comments?post=453503"}],"version-history":[{"count":20,"href":"https:\/\/investnews.com.br\/inv-api\/wp\/v2\/posts\/453503\/revisions"}],"predecessor-version":[{"id":454148,"href":"https:\/\/investnews.com.br\/inv-api\/wp\/v2\/posts\/453503\/revisions\/454148"}],"wp:featuredmedia":[{"embeddable":true,"href":"https:\/\/investnews.com.br\/inv-api\/wp\/v2\/media\/377006"}],"wp:attachment":[{"href":"https:\/\/investnews.com.br\/inv-api\/wp\/v2\/media?parent=453503"}],"wp:term":[{"taxonomy":"category","embeddable":true,"href":"https:\/\/investnews.com.br\/inv-api\/wp\/v2\/categories?post=453503"},{"taxonomy":"post_tag","embeddable":true,"href":"https:\/\/investnews.com.br\/inv-api\/wp\/v2\/tags?post=453503"},{"taxonomy":"autor-wsj","embeddable":true,"href":"https:\/\/investnews.com.br\/inv-api\/wp\/v2\/autor-wsj?post=453503"},{"taxonomy":"author","embeddable":true,"href":"https:\/\/investnews.com.br\/inv-api\/wp\/v2\/coauthors?post=453503"}],"curies":[{"name":"wp","href":"https:\/\/api.w.org\/{rel}","templated":true}]}}