{"id":455979,"date":"2023-03-27T12:50:36","date_gmt":"2023-03-27T15:50:36","guid":{"rendered":"https:\/\/investnews.com.br\/?p=455979"},"modified":"2023-03-27T12:50:39","modified_gmt":"2023-03-27T15:50:39","slug":"tebet-vamos-zerar-o-deficit-mas-ter-ou-nao-superavit-e-outra-discussao","status":"publish","type":"post","link":"https:\/\/investnews.com.br\/economia\/tebet-vamos-zerar-o-deficit-mas-ter-ou-nao-superavit-e-outra-discussao\/","title":{"rendered":"Tebet: vamos zerar o d\u00e9ficit, mas ter ou n\u00e3o super\u00e1vit \u00e9 outra discuss\u00e3o"},"content":{"rendered":"\n<p>A ministra do Planejamento e Or\u00e7amento, Simone Tebet, disse nesta segunda-feira, 27, que o <strong>arcabou\u00e7o fiscal<\/strong> vem ao encontro do anseio do governo de zerar o d\u00e9ficit p\u00fablico, mas ela frisou que n\u00e3o pode ainda falar sobre futuros super\u00e1vits nas contas.<\/p>\n\n\n\n<p>&#8220;Eu paro no zerar o d\u00e9ficit, porque se n\u00f3s vamos ter super\u00e1vit ou n\u00e3o essa \u00e9 uma outra discuss\u00e3o, eu n\u00e3o posso falar, n\u00e3o posso abrir&#8221;, disse a ministra durante evento da consultoria Arko Advice.<\/p>\n\n\n\n<blockquote class=\"wp-block-quote is-layout-flow wp-block-quote-is-layout-flow\">\n<p>&#8220;O arcabou\u00e7o fiscal vem ao encontro desse nosso anseio, porque ele trata n\u00e3o s\u00f3 pelo lado das receitas, mas tamb\u00e9m pelo lado das despesas, de olho na estabiliza\u00e7\u00e3o da rela\u00e7\u00e3o d\u00edvida\/PIB&#8221;. N\u00f3s vamos zerar o d\u00e9ficit fiscal j\u00e1 a partir do final do ano que vem&#8221;.<\/p>\n<cite>Simone Tebet<\/cite><\/blockquote>\n\n\n\n<p><\/p>\n\n\n\n<p>A ministra brincou que teria assinado uma cl\u00e1usula de confidencialidade nas discuss\u00f5es sobre o arcabou\u00e7o fiscal, que ainda n\u00e3o foi anunciado publicamente pelo governo, que preveria como multa um ano do sal\u00e1rio de ministra.<\/p>\n\n\n\n<p>Segundo Tebet, o principal desafio do seu minist\u00e9rio \u00e9 o planejamento, em que o pa\u00eds n\u00e3o tem tradi\u00e7\u00e3o, e n\u00e3o zerar o d\u00e9ficit fiscal.<\/p>\n","protected":false},"excerpt":{"rendered":"<p>A ministra do Planejamento e Or\u00e7amento disse nesta segunda-feira, 27, que o arcabou\u00e7o fiscal vem ao encontro do anseio do governo de zerar o d\u00e9ficit p\u00fablico.<\/p>\n","protected":false},"author":61,"featured_media":455980,"comment_status":"closed","ping_status":"open","sticky":false,"template":"","format":"standard","meta":{"_acf_changed":false,"inline_featured_image":false,"footnotes":""},"categories":[5],"tags":[1019,499],"autor-wsj":[],"coauthors":[2494],"class_list":["post-455979","post","type-post","status-publish","format-standard","has-post-thumbnail","hentry","category-economia","tag-ajuste-fiscal","tag-economia"],"acf":[],"amp_enabled":true,"_links":{"self":[{"href":"https:\/\/investnews.com.br\/inv-api\/wp\/v2\/posts\/455979","targetHints":{"allow":["GET"]}}],"collection":[{"href":"https:\/\/investnews.com.br\/inv-api\/wp\/v2\/posts"}],"about":[{"href":"https:\/\/investnews.com.br\/inv-api\/wp\/v2\/types\/post"}],"author":[{"embeddable":true,"href":"https:\/\/investnews.com.br\/inv-api\/wp\/v2\/users\/61"}],"replies":[{"embeddable":true,"href":"https:\/\/investnews.com.br\/inv-api\/wp\/v2\/comments?post=455979"}],"version-history":[{"count":2,"href":"https:\/\/investnews.com.br\/inv-api\/wp\/v2\/posts\/455979\/revisions"}],"predecessor-version":[{"id":455982,"href":"https:\/\/investnews.com.br\/inv-api\/wp\/v2\/posts\/455979\/revisions\/455982"}],"wp:featuredmedia":[{"embeddable":true,"href":"https:\/\/investnews.com.br\/inv-api\/wp\/v2\/media\/455980"}],"wp:attachment":[{"href":"https:\/\/investnews.com.br\/inv-api\/wp\/v2\/media?parent=455979"}],"wp:term":[{"taxonomy":"category","embeddable":true,"href":"https:\/\/investnews.com.br\/inv-api\/wp\/v2\/categories?post=455979"},{"taxonomy":"post_tag","embeddable":true,"href":"https:\/\/investnews.com.br\/inv-api\/wp\/v2\/tags?post=455979"},{"taxonomy":"autor-wsj","embeddable":true,"href":"https:\/\/investnews.com.br\/inv-api\/wp\/v2\/autor-wsj?post=455979"},{"taxonomy":"author","embeddable":true,"href":"https:\/\/investnews.com.br\/inv-api\/wp\/v2\/coauthors?post=455979"}],"curies":[{"name":"wp","href":"https:\/\/api.w.org\/{rel}","templated":true}]}}