{"id":456380,"date":"2023-03-28T08:59:25","date_gmt":"2023-03-28T11:59:25","guid":{"rendered":"https:\/\/investnews.com.br\/?p=456380"},"modified":"2023-03-28T12:58:27","modified_gmt":"2023-03-28T15:58:27","slug":"ata-do-copom-diz-que-arcabouco-fiscal-nao-impacta-inflacao-diretamente","status":"publish","type":"post","link":"https:\/\/investnews.com.br\/economia\/ata-do-copom-diz-que-arcabouco-fiscal-nao-impacta-inflacao-diretamente\/","title":{"rendered":"Ata do Copom diz que arcabou\u00e7o fiscal n\u00e3o impacta diretamente a infla\u00e7\u00e3o"},"content":{"rendered":"\n<p>O Banco Central afirmou que a rela\u00e7\u00e3o entre a apresenta\u00e7\u00e3o do texto do <a href=\"https:\/\/investnews.com.br\/economia\/arcabouco-fiscal-entenda-o-que-se-sabe-ate-agora-e-perspectivas\/\">arcabou\u00e7o fiscal<\/a>, que ser\u00e1 apresentado pelo governo ao Congresso Nacional, e a converg\u00eancia da infla\u00e7\u00e3o para as metas n\u00e3o \u00e9 direta, enfatizando que uma melhora nas expectativas \u00e9 fundamental para o comportamento dos pre\u00e7os.<\/p>\n\n\n\n<p>A ata do Comit\u00ea de Pol\u00edtica Monet\u00e1ria (<a href=\"https:\/\/investnews.com.br\/guias\/copom-taxa-selic\/\">Copom<\/a>), publicada nesta ter\u00e7a-feira (28), ressaltou que o compromisso com a execu\u00e7\u00e3o do pacote fiscal do Minist\u00e9rio da Fazenda, j\u00e1 identificado nas estat\u00edsticas fiscais e na reonera\u00e7\u00e3o dos combust\u00edveis, atenua os est\u00edmulos fiscais sobre a demanda, reduzindo o risco de alta sobre a infla\u00e7\u00e3o no curto prazo.<\/p>\n\n\n\n<blockquote class=\"wp-block-quote is-layout-flow wp-block-quote-is-layout-flow\">\n<p>&#8220;O Copom enfatizou que n\u00e3o h\u00e1 rela\u00e7\u00e3o mec\u00e2nica entre a converg\u00eancia de infla\u00e7\u00e3o e a apresenta\u00e7\u00e3o do arcabou\u00e7o fiscal, uma vez que a primeira segue condicional \u00e0 rea\u00e7\u00e3o das expectativas de infla\u00e7\u00e3o, \u00e0s proje\u00e7\u00f5es da d\u00edvida p\u00fablica e aos pre\u00e7os de ativos&#8221;, afirmou.<\/p>\n<\/blockquote>\n\n\n\n<p>No entanto, o Comit\u00ea destaca que a materializa\u00e7\u00e3o de um cen\u00e1rio com um arcabou\u00e7o fiscal s\u00f3lido e cr\u00edvel pode levar a um processo desinflacion\u00e1rio mais benigno atrav\u00e9s de seu efeito no canal de expectativas, ao reduzir as expectativas de infla\u00e7\u00e3o, a incerteza na economia e o pr\u00eamio de risco associado aos ativos dom\u00e9sticos.<\/p>\n\n\n\n<p>Na ata, o Comit\u00ea ressalta que, em seus cen\u00e1rios para a infla\u00e7\u00e3o, permanecem fatores de risco para o cen\u00e1rio inflacion\u00e1rio e as expectativas de infla\u00e7\u00e3o<\/p>\n\n\n\n<p>Na semana passada, o <a href=\"https:\/\/investnews.com.br\/economia\/copom-mantem-a-taxa-selic-em-1375-ao-ano\/\">Banco Central decidiu manter a taxa Selic em 13,75% ao ano<\/a>.&nbsp;Apesar da decis\u00e3o j\u00e1 esperada para a manuten\u00e7\u00e3o da Selic, o comunicado da semana passada foi considerado duro ao n\u00e3o trazer indica\u00e7\u00e3o sobre eventual al\u00edvio nos juros. Na ocasi\u00e3o, o ministro da Fazenda, Fernando Haddad (PT), afirmou que o comunicado do BC era \u201cmuito preocupante\u201d e ressaltou que as decis\u00f5es sobre juros podem comprometer o quadro fiscal do pa\u00eds.<\/p>\n\n\n\n<p>O Boletim Focus, divulgado nesta segunda-feira (27), projetou que o \u00cdndice de Pre\u00e7os ao Consumidor (<a href=\"https:\/\/investnews.com.br\/guias\/o-que-e-ipca\/\">IPCA<\/a>) termine 2023 em 5,93% e de 4,13% ao ano em 2024. J\u00e1 a previs\u00e3o para a <a href=\"https:\/\/investnews.com.br\/economia\/apos-selic-ser-mantida-focus-projeta-inflacao-um-pouco-menor-para-2023\/\">taxa b\u00e1sica de juros (Selic) foi mantida em 12,75%<\/a> para 2023, assim como a de 2024, que continuou em 10%.<\/p>\n\n\n\n<p>De acordo com a ata, um conjunto de indicadores divulgados desde a \u00faltima reuni\u00e3o do Copom segue corroborando o cen\u00e1rio de desacelera\u00e7\u00e3o do crescimento esperado pelo Comit\u00ea. <\/p>\n\n\n\n<p>&#8220;Observa-se modera\u00e7\u00e3o nos indicadores coincidentes de atividade e o mercado de cr\u00e9dito tamb\u00e9m tem apresentado desacelera\u00e7\u00e3o na margem. O mercado de trabalho, que surpreendeu positivamente ao longo de 2022, continua mostrando sinais de modera\u00e7\u00e3o, com relativa estabilidade na taxa de desemprego, proveniente de recuos na popula\u00e7\u00e3o ocupada e na for\u00e7a de trabalho.&#8221;<\/p>\n\n\n\n<p>A ata tamb\u00e9m destacou que a infla\u00e7\u00e3o ao consumidor continua elevada e que os componentes mais sens\u00edveis ao ciclo econ\u00f4mico e \u00e0 pol\u00edtica monet\u00e1ria, mant\u00eam-se acima do intervalo compat\u00edvel com o cumprimento da meta para a infla\u00e7\u00e3o.<\/p>\n\n\n\n<p>De acordo com Andr\u00e9 Fernandes, head de <a href=\"https:\/\/investnews.com.br\/guias\/renda-variavel-o-que-e-e-como-investir\/\">renda vari\u00e1vel<\/a> e s\u00f3cio da A7 Capital, a ata continuou mantendo o tom duro, repetindo que n\u00e3o hesitar\u00e1 em retomar o ciclo de ajuste caso a infla\u00e7\u00e3o continue persistente. <\/p>\n\n\n\n<p>&#8220;Na minha vis\u00e3o, caso o arcabou\u00e7o agrade o mercado quando for divulgado, tomando como hist\u00f3rico do nosso presidente do Banco Central, Roberto Campos Neto, que no passado aguardou a vota\u00e7\u00e3o da reforma da previd\u00eancia para come\u00e7ar a cortar a Selic em 2019, podemos aguardar um movimento parecido para a pr\u00f3xima reuni\u00e3o do Copom caso o arcabou\u00e7o seja divulgado a tempo&#8221;, afirmou ele.<\/p>\n\n\n\n<h2 class=\"wp-block-heading\">Cen\u00e1rio externo<\/h2>\n\n\n\n<p>No cen\u00e1rio externo, o BC diz que o ambiente externo se deteriorou ap\u00f3s as fal\u00eancias de bancos nos EUA e na Europa que elevaram a incerteza e a volatilidade dos mercados. Al\u00e9m disso, dados recentes de atividade e infla\u00e7\u00e3o globais se mant\u00eam resilientes e a pol\u00edtica monet\u00e1ria nas economias centrais segue avan\u00e7ando em trajet\u00f3ria contracionista.<\/p>\n\n\n\n<p>A ata do BC diz que o ambiente externo segue marcado pela perspectiva de crescimento global abaixo do potencial, mas a flexibiliza\u00e7\u00e3o da pol\u00edtica de combate \u00e0 Covid na China, um inverno mais ameno na Europa e a possibilidade de uma desacelera\u00e7\u00e3o gradual no crescimento nos Estados Unidos suavizam a desacelera\u00e7\u00e3o econ\u00f4mica global em curso resultante do aperto das condi\u00e7\u00f5es financeiras nas principais economias.&nbsp;<\/p>\n\n\n\n<p>Apesar disso, o texto diz que o &#8220;impacto sobre as condi\u00e7\u00f5es financeiras e consequentemente sobre o crescimento global dos recentes epis\u00f3dios envolvendo o sistema banc\u00e1rio em economias centrais ainda \u00e9 incerto, por\u00e9m tem vi\u00e9s negativo.&#8221;<\/p>\n\n\n\n<p><\/p>\n","protected":false},"excerpt":{"rendered":"<p>No cen\u00e1rio externo, BC diz que crise em bancos da Europa e EUA aumentam volatilidade do mercado. <\/p>\n","protected":false},"author":73,"featured_media":370236,"comment_status":"closed","ping_status":"open","sticky":false,"template":"","format":"standard","meta":{"_acf_changed":false,"inline_featured_image":false,"footnotes":""},"categories":[5],"tags":[56,639],"autor-wsj":[],"coauthors":[101284],"class_list":["post-456380","post","type-post","status-publish","format-standard","has-post-thumbnail","hentry","category-economia","tag-banco-central","tag-copom"],"acf":[],"amp_enabled":true,"_links":{"self":[{"href":"https:\/\/investnews.com.br\/inv-api\/wp\/v2\/posts\/456380","targetHints":{"allow":["GET"]}}],"collection":[{"href":"https:\/\/investnews.com.br\/inv-api\/wp\/v2\/posts"}],"about":[{"href":"https:\/\/investnews.com.br\/inv-api\/wp\/v2\/types\/post"}],"author":[{"embeddable":true,"href":"https:\/\/investnews.com.br\/inv-api\/wp\/v2\/users\/73"}],"replies":[{"embeddable":true,"href":"https:\/\/investnews.com.br\/inv-api\/wp\/v2\/comments?post=456380"}],"version-history":[{"count":32,"href":"https:\/\/investnews.com.br\/inv-api\/wp\/v2\/posts\/456380\/revisions"}],"predecessor-version":[{"id":456668,"href":"https:\/\/investnews.com.br\/inv-api\/wp\/v2\/posts\/456380\/revisions\/456668"}],"wp:featuredmedia":[{"embeddable":true,"href":"https:\/\/investnews.com.br\/inv-api\/wp\/v2\/media\/370236"}],"wp:attachment":[{"href":"https:\/\/investnews.com.br\/inv-api\/wp\/v2\/media?parent=456380"}],"wp:term":[{"taxonomy":"category","embeddable":true,"href":"https:\/\/investnews.com.br\/inv-api\/wp\/v2\/categories?post=456380"},{"taxonomy":"post_tag","embeddable":true,"href":"https:\/\/investnews.com.br\/inv-api\/wp\/v2\/tags?post=456380"},{"taxonomy":"autor-wsj","embeddable":true,"href":"https:\/\/investnews.com.br\/inv-api\/wp\/v2\/autor-wsj?post=456380"},{"taxonomy":"author","embeddable":true,"href":"https:\/\/investnews.com.br\/inv-api\/wp\/v2\/coauthors?post=456380"}],"curies":[{"name":"wp","href":"https:\/\/api.w.org\/{rel}","templated":true}]}}