{"id":456969,"date":"2023-03-29T08:29:40","date_gmt":"2023-03-29T11:29:40","guid":{"rendered":"https:\/\/investnews.com.br\/?p=456969"},"modified":"2025-08-08T16:44:05","modified_gmt":"2025-08-08T19:44:05","slug":"3-motivos-para-o-governo-decretar-emergencia-climatica-em-1038-municipios","status":"publish","type":"post","link":"https:\/\/investnews.com.br\/negocios\/3-motivos-para-o-governo-decretar-emergencia-climatica-em-1038-municipios\/","title":{"rendered":"3 motivos para o governo decretar emerg\u00eancia clim\u00e1tica em 1038 munic\u00edpios"},"content":{"rendered":"<p>Um dos destaques de <strong><a href=\"https:\/\/investnews.com.br\/guias\/tudo-sobre-esg\/\">ESG <\/a><\/strong>(acr\u00f4nimo em ingl\u00eas para os aspectos ambientais, sociais e de governan\u00e7a) que mais me chamou aten\u00e7\u00e3o nessa semana foi a not\u00edcia de que o Minist\u00e9rio do Meio Ambiente e Mudan\u00e7as Clim\u00e1ticas est\u00e1 estudando reconhecer 1038 munic\u00edpios brasileiros em estado permanente de emerg\u00eancia clim\u00e1tica.\u00a0<\/p><p>O an\u00fancio de que o governo est\u00e1 estudando a edi\u00e7\u00e3o de um decreto para reconhecer estado de emerg\u00eancia clim\u00e1tica nesses munic\u00edpios veio da ministra Marina Silva em meio a sua visita aos locais atingidos por fortes chuvas em Manaus, capital do Amazonas, que causaram a perda de casas habitadas por mais de 170 fam\u00edlias.<\/p><p>De acordo com a ministra, o decreto viria pela necessidade do governo de manter uma a\u00e7\u00e3o permanente nesses munic\u00edpios, que segundo mapeamento realizado pelo governo s\u00e3o considerados comprovadamente vulner\u00e1veis \u00e0s a\u00e7\u00f5es clim\u00e1ticas.\u00a0<\/p><p>Em entrevista coletiva, a ministra afirmou que a ci\u00eancia j\u00e1 permite prever que eventos extremos, seja de seca ou de fortes chuvas, devem continuar e que, em alguns casos, at\u00e9 mesmo a remo\u00e7\u00e3o de popula\u00e7\u00f5es de \u00e1reas de risco dever\u00e1 ser planejada e executada.<\/p><p>Na minha opini\u00e3o, desde a movimenta\u00e7\u00e3o do novo governo que tomou posse em janeiro de 2023, ser\u00e1 a decis\u00e3o mais importante do Brasil relacionada ao combate aos efeitos do aumento de temperatura da terra e \u00e0s emiss\u00f5es de gases nocivos na atmosfera.\u00a0<\/p><p>Existem outros elementos na mesa que podem pesar a favor do decreto, listo tr\u00eas que considerei mais relevantes:<\/p><figure class=\"wp-block-image size-full\"><img loading=\"lazy\" decoding=\"async\" width=\"2048\" height=\"1366\" src=\"https:\/\/media.investnews.com.br\/uploads\/2022\/12\/2022-12-06T112717Z_1_LYNXMPEIB50H1_RTROPTP_4_CLIMA-UE-IMPORTACAO.jpg\" alt=\"Floresta verde contrasta com terreno \u00e1rido e \u00e1rvores secas. Sombra de \u00e1rvore morta no centro.\" class=\"wp-image-390732\" srcset=\"https:\/\/media.investnews.com.br\/uploads\/2022\/12\/2022-12-06T112717Z_1_LYNXMPEIB50H1_RTROPTP_4_CLIMA-UE-IMPORTACAO.jpg 2048w, https:\/\/media.investnews.com.br\/uploads\/2022\/12\/2022-12-06T112717Z_1_LYNXMPEIB50H1_RTROPTP_4_CLIMA-UE-IMPORTACAO-300x200.jpg 300w, https:\/\/media.investnews.com.br\/uploads\/2022\/12\/2022-12-06T112717Z_1_LYNXMPEIB50H1_RTROPTP_4_CLIMA-UE-IMPORTACAO-1024x683.jpg 1024w, https:\/\/media.investnews.com.br\/uploads\/2022\/12\/2022-12-06T112717Z_1_LYNXMPEIB50H1_RTROPTP_4_CLIMA-UE-IMPORTACAO-768x512.jpg 768w, https:\/\/media.investnews.com.br\/uploads\/2022\/12\/2022-12-06T112717Z_1_LYNXMPEIB50H1_RTROPTP_4_CLIMA-UE-IMPORTACAO-1536x1025.jpg 1536w, https:\/\/media.investnews.com.br\/uploads\/2022\/12\/2022-12-06T112717Z_1_LYNXMPEIB50H1_RTROPTP_4_CLIMA-UE-IMPORTACAO-1256x838.jpg 1256w, https:\/\/media.investnews.com.br\/uploads\/2022\/12\/2022-12-06T112717Z_1_LYNXMPEIB50H1_RTROPTP_4_CLIMA-UE-IMPORTACAO-172x115.jpg 172w, https:\/\/media.investnews.com.br\/uploads\/2022\/12\/2022-12-06T112717Z_1_LYNXMPEIB50H1_RTROPTP_4_CLIMA-UE-IMPORTACAO-150x100.jpg 150w\" sizes=\"auto, (max-width: 2048px) 100vw, 2048px\" \/><figcaption class=\"wp-element-caption\">Vista a\u00e9rea de \u00e1rea desmatada da floresta amaz\u00f4nia em Mato Grosso\n28\/07\/2021 REUTERS\/Amanda Perobelli<\/figcaption><\/figure><h2 class=\"wp-block-heading\">1 &#8211; <strong>Acesso aos recursos do fundo da ONU de combate aos danos clim\u00e1ticos<\/strong><\/h2><p>A ministra est\u00e1 certa quando diz que ao decretar estado de emerg\u00eancia ter\u00e1 uma consequ\u00eancia positiva de gerar uma a\u00e7\u00e3o permanente do governo brasileiro nesses munic\u00edpios. Mas h\u00e1 outra pe\u00e7a importante nesse tabuleiro, uma poss\u00edvel ajuda externa com recursos vindos do <a href=\"https:\/\/investnews.com.br\/colunistas\/salve-o-mundo-lucre\/especial-cop27-dinheiro-vivo-e-estavel-para-salvar-o-mundo\/\">fundo de investimento global<\/a> contra danos clim\u00e1ticos assinado pelos pa\u00edses mais ricos na Cop 26, Confer\u00eancia Clim\u00e1tica das Na\u00e7\u00f5es Unidas (ONU) realizada no ano passado. Se o Brasil decretar estado de emerg\u00eancia nesses munic\u00edpios se candidatar\u00e1 de imediato a ser um dos primeiros pa\u00edses beneficiados pelos recursos desse fundo internacional.<\/p><h2 class=\"wp-block-heading\">2 &#8211; <strong>Momento certo para decretar emerg\u00eancia clim\u00e1tica<\/strong><\/h2><p>O momento \u00e9 super oportuno para se fazer esse movimento, o motivo \u00e9 que no \u00faltimo dia 20 de mar\u00e7o foi lan\u00e7ado o Relat\u00f3rio S\u00edntese sobre Mudan\u00e7as Clim\u00e1ticas pelo Painel Intergovernamental sobre Mudan\u00e7as Clim\u00e1ticas (IPCC), \u00f3rg\u00e3o da ONU que monitora o clima. O relat\u00f3rio traz \u00e0 tona as perdas e danos que v\u00eam sendo causados pela mudan\u00e7a global do clima e quais tend\u00eancias devem continuar no futuro. O IPCC alerta que os desastres naturais relacionados ao clima est\u00e3o atingindo especialmente as pessoas mais vulner\u00e1veis e os ecossistemas mais fr\u00e1geis, como os manguezais, \u00e1reas costeiras e semides\u00e9rticas. Ou seja, esse decreto viria com um argumento forte para que a ONU e o fundo pudessem nos ajudar financeiramente e operacionalmente nos projetos desses munic\u00edpios.<\/p><h2 class=\"wp-block-heading\">3 &#8211; <strong>Lideran\u00e7a clim\u00e1tica mundial<\/strong><\/h2><p>Por fim, desde que o presidente Lula foi eleito, um dos movimentos estrat\u00e9gicos mais fortes anunciados pelo novo governo foi o de tornar o Brasil um dos l\u00edderes e protagonista no combate aos danos clim\u00e1ticos mundiais. Criar esse decreto vai conseguir tirar do papel projetos que podem ser replicados para outros pa\u00edses com financiamentos robustos para garantir uma preven\u00e7\u00e3o maior e conseguir evitar danos maiores de desastres naturais causados pelas mudan\u00e7as no clima em nosso planeta e nos trazer naturalmente essa lideran\u00e7a.<\/p><p>Vamos aguardar para ver, mas o debate j\u00e1 est\u00e1 valendo e acredito que os argumentos na mesa prevalecer\u00e3o para a decis\u00e3o de se publicar ou n\u00e3o o decreto.<\/p><p><em>Alexandre Furtado \u00e9 Presidente do Comit\u00ea de Informa\u00e7\u00f5es <a href=\"https:\/\/investnews.com.br\/guias\/tudo-sobre-esg\/\">ESG<\/a> da Funda\u00e7\u00e3o Get\u00falio Vargas, S\u00f3cio e Diretor de ESG da Grant Thornton.<\/em><\/p><p><em><strong>As informa\u00e7\u00f5es desta coluna s\u00e3o de inteira responsabilidade do autor e n\u00e3o do InvestNews e das institui\u00e7\u00f5es com as quais ele possui liga\u00e7\u00e3o.\u00a0<\/strong><\/em><\/p>\n","protected":false},"excerpt":{"rendered":"<p>Minist\u00e9rio do Meio Ambiente e Mudan\u00e7as Clim\u00e1ticas est\u00e1 estudando editar um decreto que visa reconhecer mais de mil munic\u00edpios brasileiros em estado permanente de emerg\u00eancia clim\u00e1tica.\u00a0<\/p>\n","protected":false},"author":81,"featured_media":390732,"comment_status":"closed","ping_status":"open","sticky":false,"template":"","format":"standard","meta":{"_acf_changed":false,"inline_featured_image":false,"footnotes":""},"categories":[6],"tags":[1673,1674],"autor-wsj":[],"coauthors":[101344],"class_list":["post-456969","post","type-post","status-publish","format-standard","has-post-thumbnail","hentry","category-negocios","tag-esg","tag-sustentabilidade"],"acf":[],"amp_enabled":true,"_links":{"self":[{"href":"https:\/\/investnews.com.br\/inv-api\/wp\/v2\/posts\/456969","targetHints":{"allow":["GET"]}}],"collection":[{"href":"https:\/\/investnews.com.br\/inv-api\/wp\/v2\/posts"}],"about":[{"href":"https:\/\/investnews.com.br\/inv-api\/wp\/v2\/types\/post"}],"author":[{"embeddable":true,"href":"https:\/\/investnews.com.br\/inv-api\/wp\/v2\/users\/81"}],"replies":[{"embeddable":true,"href":"https:\/\/investnews.com.br\/inv-api\/wp\/v2\/comments?post=456969"}],"version-history":[{"count":5,"href":"https:\/\/investnews.com.br\/inv-api\/wp\/v2\/posts\/456969\/revisions"}],"predecessor-version":[{"id":704667,"href":"https:\/\/investnews.com.br\/inv-api\/wp\/v2\/posts\/456969\/revisions\/704667"}],"wp:featuredmedia":[{"embeddable":true,"href":"https:\/\/investnews.com.br\/inv-api\/wp\/v2\/media\/390732"}],"wp:attachment":[{"href":"https:\/\/investnews.com.br\/inv-api\/wp\/v2\/media?parent=456969"}],"wp:term":[{"taxonomy":"category","embeddable":true,"href":"https:\/\/investnews.com.br\/inv-api\/wp\/v2\/categories?post=456969"},{"taxonomy":"post_tag","embeddable":true,"href":"https:\/\/investnews.com.br\/inv-api\/wp\/v2\/tags?post=456969"},{"taxonomy":"autor-wsj","embeddable":true,"href":"https:\/\/investnews.com.br\/inv-api\/wp\/v2\/autor-wsj?post=456969"},{"taxonomy":"author","embeddable":true,"href":"https:\/\/investnews.com.br\/inv-api\/wp\/v2\/coauthors?post=456969"}],"curies":[{"name":"wp","href":"https:\/\/api.w.org\/{rel}","templated":true}]}}