{"id":459095,"date":"2023-03-31T17:57:17","date_gmt":"2023-03-31T20:57:17","guid":{"rendered":"https:\/\/investnews.com.br\/?p=459095"},"modified":"2023-11-23T15:40:04","modified_gmt":"2023-11-23T18:40:04","slug":"energisa-compra-esgas-em-leilao-de-privatizacao-por-r-142-bi","status":"publish","type":"post","link":"https:\/\/investnews.com.br\/negocios\/energisa-compra-esgas-em-leilao-de-privatizacao-por-r-142-bi\/","title":{"rendered":"Energisa compra ESG\u00e1s em leil\u00e3o de privatiza\u00e7\u00e3o por R$ 1,42 bi"},"content":{"rendered":"\n<p>A capixaba<strong> ESG\u00e1s<\/strong> foi adquirida nesta sexta-feira (31) pela el\u00e9trica <strong>Energisa<\/strong> (<a href=\"https:\/\/investnews.com.br\/cotacao\/engi11-grupo-energisa\/\">ENGI11<\/a>) por R$ 1,42 bilh\u00e3o, marcando a entrada da el\u00e9trica no mercado de distribui\u00e7\u00e3o de g\u00e1s canalizado, em um movimento importante de diversifica\u00e7\u00e3o dos neg\u00f3cios da companhia mirando a tend\u00eancia de transi\u00e7\u00e3o energ\u00e9tica de seus clientes.<\/p>\n\n\n\n<p>A companhia adquiriu em <strong>leil\u00e3o de privatiza\u00e7\u00e3o<\/strong> da distribuidora as participa\u00e7\u00f5es de 51% do Estado do Esp\u00edrito Santo e os 49% da <strong>Vibra Energia <\/strong>(<a href=\"https:\/\/investnews.com.br\/cotacao\/vbbr3-br-distribuidora\/\">VBBR3<\/a>).<\/p>\n\n\n\n<p>O ativo foi disputado a viva voz com outra participante do leil\u00e3o, a empresa colombiana Promigas, representada pela GR RJ 010. O lance vencedor da Energisa significou um \u00e1gio de 7,28% frente ao valor m\u00ednimo de outorga fixa.<\/p>\n\n\n\n<h2 class=\"wp-block-heading\">Entrada no setor de g\u00e1s<\/h2>\n\n\n\n<p>Com a aquisi\u00e7\u00e3o, a Energisa complementa seu portf\u00f3lio de produtos com mais solu\u00e7\u00f5es energ\u00e9ticas associadas ao g\u00e1s, devendo aplicar sua expertise em redes e atendimento ao cliente final para crescer as opera\u00e7\u00f5es da ESG\u00e1s, disse o presidente da companhia, Ricardo Botelho.<\/p>\n\n\n\n<p>&#8220;Queremos ser protagonistas da transforma\u00e7\u00e3o energ\u00e9tica&#8230; E o passo que demos hoje, com aquisi\u00e7\u00e3o da ESG\u00e1s, representa uma alavanca para a materializa\u00e7\u00e3o desse prop\u00f3sito&#8221;, disse Botelho, ap\u00f3s o certame.<\/p>\n\n\n\n<p>A Energisa atua hoje nos principais segmentos do setor el\u00e9trico, tendo sua maior opera\u00e7\u00e3o na \u00e1rea de distribui\u00e7\u00e3o de energia, com 11 concess\u00f5es que atendem o equivalente a 10% da popula\u00e7\u00e3o brasileira. A empresa tamb\u00e9m opera nas \u00e1reas de transmiss\u00e3o, gera\u00e7\u00e3o centralizada e distribu\u00edda e comercializa\u00e7\u00e3o.<\/p>\n\n\n\n<p>&#8220;Vemos muita similaridade com os neg\u00f3cios de rede de distribui\u00e7\u00e3o que temos&#8230; A parte de lidar com regula\u00e7\u00e3o econ\u00f4mica e t\u00e9cnica tamb\u00e9m \u00e9 muito semelhante&#8221;, comentou Botelho, mencionando ainda que o Esp\u00edrito Santo \u00e9 um dos Estados com a regula\u00e7\u00e3o mais prop\u00edcia para desenvolver neg\u00f3cios no mercado livre de g\u00e1s natural.<\/p>\n\n\n\n<p>Quando assumir a ESG\u00e1s, passar\u00e1 a distribuir g\u00e1s canalizado a 70 mil clientes capixabas dos segmentos residencial, comercial, industrial, automotivo e termel\u00e9trico.<\/p>\n\n\n\n<h2 class=\"wp-block-heading\">Crescimento no mercado de distribui\u00e7\u00e3o<\/h2>\n\n\n\n<p>A companhia tem interesse em crescer ainda mais no mercado de distribui\u00e7\u00e3o de g\u00e1s, que apresenta outras oportunidades de privatiza\u00e7\u00e3o, mas vai fazer &#8220;uma coisa de cada vez&#8221;, disse o executivo.<\/p>\n\n\n\n<p>&#8220;Temos muito trabalho pela frente&#8230; N\u00e3o gostaria de comentar sobre o que ainda n\u00e3o vimos&#8221;, afirmou, ao ser questionado sobre o interesse da companhia em participar do leil\u00e3o de privatiza\u00e7\u00e3o da distribuidora paranaense Compagas.<\/p>\n\n\n\n<p>O ingresso no novo setor tamb\u00e9m poder\u00e1 ajudar a Energisa a desenvolver neg\u00f3cios em biog\u00e1s e biometano, atividades consideradas correlatas e que j\u00e1 vinham sendo estudadas pela companhia.<\/p>\n\n\n\n<p>&#8220;Isso pode ser desenvolvido no pr\u00f3prio Estado do Esp\u00edrito Santo&#8230; mas tamb\u00e9m em outros locais&#8221;.<\/p>\n\n\n\n<p>Em rela\u00e7\u00e3o ao funding para a aquisi\u00e7\u00e3o, o CEO da Energisa disse ainda que a companhia possui caixa para fazer frente ao montante de 1,42 bilh\u00e3o de reais, e que os n\u00edveis atuais de alavancagem est\u00e3o &#8220;sob controle&#8221;.<\/p>\n\n\n\n<ul class=\"wp-block-list\">\n<li><strong><em><strong><em>Confira as a\u00e7\u00f5es da IRB Brasil RE (<a href=\"https:\/\/investnews.com.br\/cotacao\/irbr3-irb-brasil\/\" target=\"_blank\" rel=\"noreferrer noopener\">IRBR3<\/a>)<\/em><\/strong><\/em><\/strong><\/li>\n<\/ul>\n","protected":false},"excerpt":{"rendered":"<p>Companhia adquiriu fatias de 51% do estado do Esp\u00edrito Santo e 49% da Vibra Energia.<\/p>\n","protected":false},"author":61,"featured_media":459097,"comment_status":"closed","ping_status":"open","sticky":false,"template":"","format":"standard","meta":{"_acf_changed":false,"inline_featured_image":false,"footnotes":""},"categories":[6],"tags":[824,1076,1450],"autor-wsj":[],"coauthors":[2494],"class_list":["post-459095","post","type-post","status-publish","format-standard","has-post-thumbnail","hentry","category-negocios","tag-energia","tag-energisa","tag-gas-natural"],"acf":[],"amp_enabled":true,"_links":{"self":[{"href":"https:\/\/investnews.com.br\/inv-api\/wp\/v2\/posts\/459095","targetHints":{"allow":["GET"]}}],"collection":[{"href":"https:\/\/investnews.com.br\/inv-api\/wp\/v2\/posts"}],"about":[{"href":"https:\/\/investnews.com.br\/inv-api\/wp\/v2\/types\/post"}],"author":[{"embeddable":true,"href":"https:\/\/investnews.com.br\/inv-api\/wp\/v2\/users\/61"}],"replies":[{"embeddable":true,"href":"https:\/\/investnews.com.br\/inv-api\/wp\/v2\/comments?post=459095"}],"version-history":[{"count":4,"href":"https:\/\/investnews.com.br\/inv-api\/wp\/v2\/posts\/459095\/revisions"}],"predecessor-version":[{"id":540914,"href":"https:\/\/investnews.com.br\/inv-api\/wp\/v2\/posts\/459095\/revisions\/540914"}],"wp:featuredmedia":[{"embeddable":true,"href":"https:\/\/investnews.com.br\/inv-api\/wp\/v2\/media\/459097"}],"wp:attachment":[{"href":"https:\/\/investnews.com.br\/inv-api\/wp\/v2\/media?parent=459095"}],"wp:term":[{"taxonomy":"category","embeddable":true,"href":"https:\/\/investnews.com.br\/inv-api\/wp\/v2\/categories?post=459095"},{"taxonomy":"post_tag","embeddable":true,"href":"https:\/\/investnews.com.br\/inv-api\/wp\/v2\/tags?post=459095"},{"taxonomy":"autor-wsj","embeddable":true,"href":"https:\/\/investnews.com.br\/inv-api\/wp\/v2\/autor-wsj?post=459095"},{"taxonomy":"author","embeddable":true,"href":"https:\/\/investnews.com.br\/inv-api\/wp\/v2\/coauthors?post=459095"}],"curies":[{"name":"wp","href":"https:\/\/api.w.org\/{rel}","templated":true}]}}