{"id":462620,"date":"2023-04-10T16:20:40","date_gmt":"2023-04-10T19:20:40","guid":{"rendered":"https:\/\/investnews.com.br\/?p=462620"},"modified":"2025-08-08T16:43:12","modified_gmt":"2025-08-08T19:43:12","slug":"haddad-diz-que-fechara-texto-de-nova-regra-fiscal-antes-de-viagem-a-china","status":"publish","type":"post","link":"https:\/\/investnews.com.br\/economia\/haddad-diz-que-fechara-texto-de-nova-regra-fiscal-antes-de-viagem-a-china\/","title":{"rendered":"Haddad diz que fechar\u00e1 texto de nova regra fiscal antes de viagem \u00e0 China"},"content":{"rendered":"<p>O ministro da Fazenda, Fernando Haddad, disse nesta segunda-feira que fechar\u00e1 os textos da nova regra fiscal e do projeto da Lei de Diretrizes Or\u00e7ament\u00e1rias<strong> (LDO)<\/strong> de 2024 antes da viagem que far\u00e1 com o presidente Luiz In\u00e1cio Lula da Silva \u00e0 China.<\/p><p>&#8220;Antes de viajar, conforme a gente prometeu, temos que fechar os textos da LDO e da nova proposta do arcabou\u00e7o&#8221;, afirmou ele a jornalistas.<\/p><p>Mais cedo Haddad j\u00e1 havia afirmado que ambos os projetos seriam enviados juntos ao Congresso Nacional. Segundo Haddad, ainda falta validar &#8220;microdetalhes&#8221; da reda\u00e7\u00e3o das propostas. O ministro acompanhar\u00e1 a comitiva de Lula que embarca na ter\u00e7a para a capital chinesa Pequim.<\/p><blockquote class=\"wp-block-quote is-layout-flow wp-block-quote-is-layout-flow\">\n<p>&#8220;O que vou fazer agora \u00e9 validar os microdetalhes que est\u00e3o faltando para a gente poder viajar numa seguran\u00e7a de que a \u00e1rea econ\u00f4mica e a Casa Civil est\u00e3o com os textos em ordem. S\u00e3o coisas pequenas de reda\u00e7\u00e3o, mas precisa de valida\u00e7\u00e3o formal&#8221;.<\/p>\n<cite>fernando haddad<\/cite><\/blockquote><p><\/p><figure class=\"wp-block-image size-large\"><img loading=\"lazy\" decoding=\"async\" width=\"1024\" height=\"683\" src=\"https:\/\/media.investnews.com.br\/uploads\/2023\/04\/2023-04-10T184124Z_1_LYNXMPEJ390JI_RTROPTP_4_MACRO-HADDAD-ARCABOUCO-1024x683.jpg\" alt=\"Homem de terno e gravata sendo entrevistado por microfones de not\u00edcias, incluindo CNN.\" class=\"wp-image-462621\" srcset=\"https:\/\/media.investnews.com.br\/uploads\/2023\/04\/2023-04-10T184124Z_1_LYNXMPEJ390JI_RTROPTP_4_MACRO-HADDAD-ARCABOUCO-1024x683.jpg 1024w, https:\/\/media.investnews.com.br\/uploads\/2023\/04\/2023-04-10T184124Z_1_LYNXMPEJ390JI_RTROPTP_4_MACRO-HADDAD-ARCABOUCO-300x200.jpg 300w, https:\/\/media.investnews.com.br\/uploads\/2023\/04\/2023-04-10T184124Z_1_LYNXMPEJ390JI_RTROPTP_4_MACRO-HADDAD-ARCABOUCO-768x512.jpg 768w, https:\/\/media.investnews.com.br\/uploads\/2023\/04\/2023-04-10T184124Z_1_LYNXMPEJ390JI_RTROPTP_4_MACRO-HADDAD-ARCABOUCO-1536x1025.jpg 1536w, https:\/\/media.investnews.com.br\/uploads\/2023\/04\/2023-04-10T184124Z_1_LYNXMPEJ390JI_RTROPTP_4_MACRO-HADDAD-ARCABOUCO-1256x838.jpg 1256w, https:\/\/media.investnews.com.br\/uploads\/2023\/04\/2023-04-10T184124Z_1_LYNXMPEJ390JI_RTROPTP_4_MACRO-HADDAD-ARCABOUCO-172x115.jpg 172w, https:\/\/media.investnews.com.br\/uploads\/2023\/04\/2023-04-10T184124Z_1_LYNXMPEJ390JI_RTROPTP_4_MACRO-HADDAD-ARCABOUCO-150x100.jpg 150w, https:\/\/media.investnews.com.br\/uploads\/2023\/04\/2023-04-10T184124Z_1_LYNXMPEJ390JI_RTROPTP_4_MACRO-HADDAD-ARCABOUCO.jpg 2048w\" sizes=\"auto, (max-width: 1024px) 100vw, 1024px\" \/><figcaption class=\"wp-element-caption\">Ministro da Fazenda, Fernando Haddad\n03\/04\/2023\nREUTERS\/Ueslei Marcelino\/File Photo<\/figcaption><\/figure><p>A data limite para que o governo entregue ao Legislativo o projeto da LDO, com as premissas or\u00e7ament\u00e1rias para o ano seguinte, \u00e9 15 de abril. Portanto, o texto pode ser enviado com a proposta de<a href=\"https:\/\/investnews.com.br\/economia\/arcabouco-fiscal-entenda-o-que-se-sabe-ate-agora-e-perspectivas\/\"> arcabou\u00e7o fiscal <\/a>at\u00e9 a sexta-feira, dia 14.<\/p><p>&#8220;A ministra Simone (Tebet) vai estar aqui. O dia 15 \u00e9 o prazo para mandar (para o Congresso Nacional) e ela vai estar tranquila de que est\u00e1 validada por todos os ministros&#8221;, completou Haddad.<\/p><p>Na semana passada, a ministra do Planejamento, Simone Tebet, chegou a afirmar que o arcabou\u00e7o seria formalizado at\u00e9 ter\u00e7a-feira, dia do embarque do presidente Luiz In\u00e1cio Lula da Silva com ministros para a China.<\/p><p>Uma fonte do minist\u00e9rio confirmou que a previs\u00e3o anterior mudou e o texto deve mesmo ser enviado at\u00e9 sexta-feira.<\/p><p>As linhas gerais da nova regra fiscal j\u00e1 foram apresentadas ao p\u00fablico pela equipe de Haddad, mas t\u00e9cnicos da pasta ainda discutiam ajustes finais do texto antes do envio formal ao Congresso.<\/p><p>Um dos pontos em debate \u00e9 a defini\u00e7\u00e3o de qual data ser\u00e1 considerada para apura\u00e7\u00e3o das receitas do governo. Essa escolha poder\u00e1 impactar os gastos do governo no ano seguinte, que ser\u00e3o limitados a 70% das receitas apuradas.<\/p>\n","protected":false},"excerpt":{"rendered":"<p>As linhas gerais da nova regra fiscal j\u00e1 foram apresentadas ao p\u00fablico pela equipe de Haddad, mas t\u00e9cnicos da pasta ainda discutiam ajustes finais do texto antes do envio formal ao Congresso.<\/p>\n","protected":false},"author":61,"featured_media":462621,"comment_status":"closed","ping_status":"open","sticky":false,"template":"","format":"standard","meta":{"_acf_changed":false,"inline_featured_image":false,"footnotes":""},"categories":[5],"tags":[1019,499,101620,2370],"autor-wsj":[],"coauthors":[2494],"class_list":["post-462620","post","type-post","status-publish","format-standard","has-post-thumbnail","hentry","category-economia","tag-ajuste-fiscal","tag-economia","tag-fernando-haddad","tag-luiz-inacio-lula-da-silva"],"acf":[],"amp_enabled":true,"_links":{"self":[{"href":"https:\/\/investnews.com.br\/inv-api\/wp\/v2\/posts\/462620","targetHints":{"allow":["GET"]}}],"collection":[{"href":"https:\/\/investnews.com.br\/inv-api\/wp\/v2\/posts"}],"about":[{"href":"https:\/\/investnews.com.br\/inv-api\/wp\/v2\/types\/post"}],"author":[{"embeddable":true,"href":"https:\/\/investnews.com.br\/inv-api\/wp\/v2\/users\/61"}],"replies":[{"embeddable":true,"href":"https:\/\/investnews.com.br\/inv-api\/wp\/v2\/comments?post=462620"}],"version-history":[{"count":4,"href":"https:\/\/investnews.com.br\/inv-api\/wp\/v2\/posts\/462620\/revisions"}],"predecessor-version":[{"id":704617,"href":"https:\/\/investnews.com.br\/inv-api\/wp\/v2\/posts\/462620\/revisions\/704617"}],"wp:featuredmedia":[{"embeddable":true,"href":"https:\/\/investnews.com.br\/inv-api\/wp\/v2\/media\/462621"}],"wp:attachment":[{"href":"https:\/\/investnews.com.br\/inv-api\/wp\/v2\/media?parent=462620"}],"wp:term":[{"taxonomy":"category","embeddable":true,"href":"https:\/\/investnews.com.br\/inv-api\/wp\/v2\/categories?post=462620"},{"taxonomy":"post_tag","embeddable":true,"href":"https:\/\/investnews.com.br\/inv-api\/wp\/v2\/tags?post=462620"},{"taxonomy":"autor-wsj","embeddable":true,"href":"https:\/\/investnews.com.br\/inv-api\/wp\/v2\/autor-wsj?post=462620"},{"taxonomy":"author","embeddable":true,"href":"https:\/\/investnews.com.br\/inv-api\/wp\/v2\/coauthors?post=462620"}],"curies":[{"name":"wp","href":"https:\/\/api.w.org\/{rel}","templated":true}]}}