{"id":462879,"date":"2023-04-11T10:46:15","date_gmt":"2023-04-11T13:46:15","guid":{"rendered":"https:\/\/investnews.com.br\/?p=462879"},"modified":"2023-04-11T11:17:07","modified_gmt":"2023-04-11T14:17:07","slug":"itau-faz-acordo-bilionario-com-governo-do-parana-acoes-da-copel-sobem","status":"publish","type":"post","link":"https:\/\/investnews.com.br\/financas\/itau-faz-acordo-bilionario-com-governo-do-parana-acoes-da-copel-sobem\/","title":{"rendered":"Ita\u00fa faz acordo bilion\u00e1rio com governo do Paran\u00e1; a\u00e7\u00f5es da Copel sobem"},"content":{"rendered":"\n<p>O banco Ita\u00fa Unibanco (ITUB4) informou em fato relevante que firmou acordo com o governo do estado do Paran\u00e1 para pagamento de R$ 1,7 bilh\u00e3o referente a uma d\u00edvida hist\u00f3rica contra\u00edda pelo banco estatal Banestado h\u00e1 mais de 20 anos e que tinha como garantia as a\u00e7\u00f5es da Companhia Paranaense de Energia <strong>Copel<\/strong> (<a href=\"https:\/\/investnews.com.br\/cotacao\/cple6-cia-paranaense-de-energia-copel\/\">CPLE6<\/a>). <\/p>\n\n\n\n<p>Segundo o comunicado do banco, o valor ser\u00e1 pago em tr\u00eas parcelas ao longo dos pr\u00f3ximos dois anos e, de acordo com os pagamentos, &#8220;o Ita\u00fa Unibanco S.A. liberar\u00e1 o gravame sobre as a\u00e7\u00f5es de emiss\u00e3o da Copel detidas pelo estado do Paran\u00e1&#8221;.<\/p>\n\n\n\n<p>O acordo garante ao governo um desconto de 62% da d\u00edvida total, que era de R$ 4,5 bilh\u00f5es.<\/p>\n\n\n\n<blockquote class=\"wp-block-quote is-layout-flow wp-block-quote-is-layout-flow\">\n<p>&#8220;O Ita\u00fa Unibanco S.A. tamb\u00e9m liberar\u00e1 do gravame as a\u00e7\u00f5es necess\u00e1rias para a realiza\u00e7\u00e3o de eventual oferta p\u00fablica de a\u00e7\u00f5es relativa \u00e0 transforma\u00e7\u00e3o da Copel em uma companhia de capital pulverizado, sem <a href=\"https:\/\/investnews.com.br\/guias\/acionista-o-que-e-e-como-funciona\/\">acionista<\/a> controlador definido&#8221;.<\/p>\n<\/blockquote>\n\n\n\n<p><\/p>\n\n\n\n<p>O Ita\u00fa reivindicava o cr\u00e9dito com a\u00e7\u00f5es da Copel, logo, o processo era apontado por parlamentares como um empecilho \u00e0 tentativa do governo paranaense de privatizar a companhia de energia. <\/p>\n\n\n\n<p>O acordo abre caminho para a privatiza\u00e7\u00e3o da Copel, uma vez que libera pap\u00e9is da companhia para a realiza\u00e7\u00e3o da oferta em bolsa que diluir\u00e1 a participa\u00e7\u00e3o do Paran\u00e1 no capital da el\u00e9trica.<\/p>\n\n\n\n<p>Segundo despacho do ministro Ricardo Lewandowski, do Supremo Tribunal Federal (STF), o acordo tem por objetivo garantir a quita\u00e7\u00e3o da obriga\u00e7\u00e3o assumida, de forma parcelada, a fim de que o estado do Paran\u00e1 possa fazer os pagamentos. <\/p>\n\n\n\n<p>A \u00faltima parcela do pagamento ser\u00e1 antecipada caso a oferta de a\u00e7\u00f5es para privatiza\u00e7\u00e3o da Copel ocorra durante o exerc\u00edcio de 2023, disse o Ita\u00fa, em fato relevante.<\/p>\n\n\n\n<p>As a\u00e7\u00f5es da companhia de energia (CPLE6) subiam 4%, negociadas a R$ 7,46 \u00e0s 10h38.<\/p>\n\n\n\n<figure class=\"wp-block-image size-large\"><img loading=\"lazy\" decoding=\"async\" width=\"1024\" height=\"683\" src=\"https:\/\/media.investnews.com.br\/uploads\/2023\/04\/2023-04-11T111232Z_1_LYNXMPEJ3A0C3_RTROPTP_4_ELETROBRAS-DIVESTITURE-1024x683.jpg\" alt=\"Copel\" class=\"wp-image-463063\" srcset=\"https:\/\/media.investnews.com.br\/uploads\/2023\/04\/2023-04-11T111232Z_1_LYNXMPEJ3A0C3_RTROPTP_4_ELETROBRAS-DIVESTITURE-1024x683.jpg 1024w, https:\/\/media.investnews.com.br\/uploads\/2023\/04\/2023-04-11T111232Z_1_LYNXMPEJ3A0C3_RTROPTP_4_ELETROBRAS-DIVESTITURE-300x200.jpg 300w, https:\/\/media.investnews.com.br\/uploads\/2023\/04\/2023-04-11T111232Z_1_LYNXMPEJ3A0C3_RTROPTP_4_ELETROBRAS-DIVESTITURE-768x512.jpg 768w, https:\/\/media.investnews.com.br\/uploads\/2023\/04\/2023-04-11T111232Z_1_LYNXMPEJ3A0C3_RTROPTP_4_ELETROBRAS-DIVESTITURE-1536x1024.jpg 1536w, https:\/\/media.investnews.com.br\/uploads\/2023\/04\/2023-04-11T111232Z_1_LYNXMPEJ3A0C3_RTROPTP_4_ELETROBRAS-DIVESTITURE-1256x837.jpg 1256w, https:\/\/media.investnews.com.br\/uploads\/2023\/04\/2023-04-11T111232Z_1_LYNXMPEJ3A0C3_RTROPTP_4_ELETROBRAS-DIVESTITURE-172x115.jpg 172w, https:\/\/media.investnews.com.br\/uploads\/2023\/04\/2023-04-11T111232Z_1_LYNXMPEJ3A0C3_RTROPTP_4_ELETROBRAS-DIVESTITURE-150x100.jpg 150w, https:\/\/media.investnews.com.br\/uploads\/2023\/04\/2023-04-11T111232Z_1_LYNXMPEJ3A0C3_RTROPTP_4_ELETROBRAS-DIVESTITURE.jpg 2048w\" sizes=\"auto, (max-width: 1024px) 100vw, 1024px\" \/><figcaption class=\"wp-element-caption\">Linhas de transmiss\u00e3o de energia \n29\/08\/2018\nREUTERS\/Ueslei Marcelino<\/figcaption><\/figure>\n\n\n\n<h2 class=\"wp-block-heading\">Entenda o caso<\/h2>\n\n\n\n<p>Segundo apurou o Jota, a d\u00edvida foi contra\u00edda em 1998 quando o governo do Paran\u00e1 fez uma opera\u00e7\u00e3o de cr\u00e9dito junto ao Banestado, que na \u00e9poca, era de controle estatal. Como garantia, foram oferecidas a\u00e7\u00f5es da Copel. <\/p>\n\n\n\n<p>\u00c0 \u00e9poca, uma Lei Estadual autorizava o Poder Executivo dar em cau\u00e7\u00e3o ou oferecer como garantia de opera\u00e7\u00f5es de cr\u00e9dito, financiamentos e opera\u00e7\u00f5es de qualquer natureza, a\u00e7\u00f5es da Copel.<\/p>\n\n\n\n<p>Por\u00e9m, com a privatiza\u00e7\u00e3o do Banestado nos anos 2000, o banco estatal foi adquirido pelo Ita\u00fa Unibanco pelo montante de R$ 1,625 bilh\u00e3o. O valor estaria acima do pre\u00e7o fixado pelo governo do Paran\u00e1, que era de R$ 403 milh\u00f5es.<\/p>\n\n\n\n<p>Como o estado do Paran\u00e1 n\u00e3o faz o pagamento da d\u00edvida desde 2002, o Ita\u00fa resolveu executar as garantias e ter acesso \u00e0s a\u00e7\u00f5es da Copel.<\/p>\n\n\n\n<p>A Justi\u00e7a do Paran\u00e1 entendeu que as a\u00e7\u00f5es da empresa n\u00e3o podem passar para uma companhia privada, uma vez que isso se enquadraria em um tipo de \u201cprivatiza\u00e7\u00e3o\u201d  &#8211; mas sem seguir os tr\u00e2mites legais. O Ita\u00fa, por sua vez, recorreu ao Superior Tribunal de Justi\u00e7a (STJ) alegando que a garantia real permite a relativiza\u00e7\u00e3o da fila dos precat\u00f3rios. <\/p>\n\n\n\n<h2 class=\"wp-block-heading\">Avan\u00e7o na privatiza\u00e7\u00e3o<\/h2>\n\n\n\n<p>A solu\u00e7\u00e3o do imbr\u00f3glio judicial \u00e9 um passo &#8220;significativo&#8221; para a desestatiza\u00e7\u00e3o da Copel, avaliou o Bradesco BBI, em relat\u00f3rio.<\/p>\n\n\n\n<p>&#8220;Do contr\u00e1rio, com as a\u00e7\u00f5es travadas como garantia, o Estado n\u00e3o conseguiria vend\u00ea-las e a oferta prim\u00e1ria total para privatiza\u00e7\u00e3o teria que ser muito maior&#8221;, disseram os analistas Francisco Navarrete, Jo\u00e3o Fagundes e Andr\u00e9 Silveira.<\/p>\n\n\n\n<p>Eles destacaram ainda a divulga\u00e7\u00e3o pelo governo, nesta ter\u00e7a-feira, dos valores de b\u00f4nus de outorga que a el\u00e9trica dever\u00e1 pagar para renovar a concess\u00e3o de tr\u00eas hidrel\u00e9tricas, em um processo que ocorrer\u00e1 em paralelo com a privatiza\u00e7\u00e3o.<\/p>\n\n\n\n<p>&#8220;O governo federal est\u00e1 permitindo que a privatiza\u00e7\u00e3o da Copel flua da melhor maneira poss\u00edvel, e n\u00e3o est\u00e1 tentando interferir ou inviabilizar o processo, como muitos temiam&#8221;, escreveram os analistas.<\/p>\n\n\n\n<p>A desestatiza\u00e7\u00e3o da companhia el\u00e9trica paranaense dever\u00e1 seguir o modelo adotado para a Eletrobras, com uma oferta de a\u00e7\u00f5es em bolsa visando diminuir a participa\u00e7\u00e3o do acionista controlador, o Estado do Paran\u00e1, e tornar a empresa uma &#8220;corporation&#8221;.<\/p>\n\n\n\n<p>No m\u00eas passado, executivos da Copel afirmaram que a oferta de a\u00e7\u00f5es est\u00e1 em fase de &#8220;constru\u00e7\u00e3o&#8221;, trabalhando com assessores em &#8220;valuations&#8221; e &#8220;due dilligence&#8221;, o que ser\u00e1 posteriormente submetido \u00e0 aprova\u00e7\u00e3o do Tribunal de Contas do Estado (TCE-PR). A expectativa \u00e9 realizar a opera\u00e7\u00e3o no segundo semestre deste ano, tendo como base os resultados financeiros da companhia referentes ao segundo trimestre.<\/p>\n\n\n\n<p><em>Com Reuters<\/em><\/p>\n","protected":false},"excerpt":{"rendered":"<p>O acordo, que soma R$ 1,7 bilh\u00e3o, abre caminho para a privatiza\u00e7\u00e3o da Copel, uma vez que libera pap\u00e9is da companhia para a realiza\u00e7\u00e3o da oferta em bolsa.<\/p>\n","protected":false},"author":37,"featured_media":386080,"comment_status":"closed","ping_status":"open","sticky":false,"template":"","format":"standard","meta":{"_acf_changed":false,"inline_featured_image":false,"footnotes":""},"categories":[4],"tags":[186],"autor-wsj":[],"coauthors":[2270],"class_list":["post-462879","post","type-post","status-publish","format-standard","has-post-thumbnail","hentry","category-financas","tag-itau-unibanco"],"acf":[],"amp_enabled":true,"_links":{"self":[{"href":"https:\/\/investnews.com.br\/inv-api\/wp\/v2\/posts\/462879","targetHints":{"allow":["GET"]}}],"collection":[{"href":"https:\/\/investnews.com.br\/inv-api\/wp\/v2\/posts"}],"about":[{"href":"https:\/\/investnews.com.br\/inv-api\/wp\/v2\/types\/post"}],"author":[{"embeddable":true,"href":"https:\/\/investnews.com.br\/inv-api\/wp\/v2\/users\/37"}],"replies":[{"embeddable":true,"href":"https:\/\/investnews.com.br\/inv-api\/wp\/v2\/comments?post=462879"}],"version-history":[{"count":30,"href":"https:\/\/investnews.com.br\/inv-api\/wp\/v2\/posts\/462879\/revisions"}],"predecessor-version":[{"id":463066,"href":"https:\/\/investnews.com.br\/inv-api\/wp\/v2\/posts\/462879\/revisions\/463066"}],"wp:featuredmedia":[{"embeddable":true,"href":"https:\/\/investnews.com.br\/inv-api\/wp\/v2\/media\/386080"}],"wp:attachment":[{"href":"https:\/\/investnews.com.br\/inv-api\/wp\/v2\/media?parent=462879"}],"wp:term":[{"taxonomy":"category","embeddable":true,"href":"https:\/\/investnews.com.br\/inv-api\/wp\/v2\/categories?post=462879"},{"taxonomy":"post_tag","embeddable":true,"href":"https:\/\/investnews.com.br\/inv-api\/wp\/v2\/tags?post=462879"},{"taxonomy":"autor-wsj","embeddable":true,"href":"https:\/\/investnews.com.br\/inv-api\/wp\/v2\/autor-wsj?post=462879"},{"taxonomy":"author","embeddable":true,"href":"https:\/\/investnews.com.br\/inv-api\/wp\/v2\/coauthors?post=462879"}],"curies":[{"name":"wp","href":"https:\/\/api.w.org\/{rel}","templated":true}]}}