{"id":465770,"date":"2023-04-17T09:15:49","date_gmt":"2023-04-17T12:15:49","guid":{"rendered":"https:\/\/investnews.com.br\/?p=465770"},"modified":"2025-08-08T16:42:46","modified_gmt":"2025-08-08T19:42:46","slug":"ibc-br-previa-do-pib-teve-queda-de-004-em-janeiro","status":"publish","type":"post","link":"https:\/\/investnews.com.br\/economia\/ibc-br-previa-do-pib-teve-queda-de-004-em-janeiro\/","title":{"rendered":"IBC-Br, pr\u00e9via do PIB, teve queda de 0,04% em janeiro"},"content":{"rendered":"<figure class=\"wp-block-image size-full\"><img loading=\"lazy\" decoding=\"async\" width=\"895\" height=\"540\" src=\"https:\/\/media.investnews.com.br\/uploads\/2023\/04\/out_2384.png\" alt=\"Gr\u00e1fico de barras: varia\u00e7\u00e3o mensal do IBC-Br de Jan\/22 a Jan\/23. Pico em Jul\/22 (2,17%), queda em Ago\/22 (-1,51%).\" class=\"wp-image-465793\" srcset=\"https:\/\/media.investnews.com.br\/uploads\/2023\/04\/out_2384.png 895w, https:\/\/media.investnews.com.br\/uploads\/2023\/04\/out_2384-300x181.png 300w, https:\/\/media.investnews.com.br\/uploads\/2023\/04\/out_2384-768x463.png 768w, https:\/\/media.investnews.com.br\/uploads\/2023\/04\/out_2384-172x104.png 172w, https:\/\/media.investnews.com.br\/uploads\/2023\/04\/out_2384-150x91.png 150w\" sizes=\"auto, (max-width: 895px) 100vw, 895px\" \/><\/figure><p>O \u00cdndice de Atividade Econ\u00f4mica do Banco Central (IBC-Br), considerado a pr\u00e9via do Produto Interno Bruto (PIB), teve varia\u00e7\u00e3o negativa de 0,04% em janeiro deste ano ante o m\u00eas anterior, segundo dado divulgado pelo Banco Central nesta segunda-feira (17). <\/p><p>Em dezembro de 2022, o IBC-Br teve alta de 0,47%. E em janeiro do ano passado, o \u00edndice registrou crescimento de 3,03%.<\/p><figure class=\"wp-block-image size-large\"><img decoding=\"async\" src=\"https:\/\/media.investnews.com.br\/uploads\/2023\/04\/2023-04-17T123641Z_1_LYNXMPEJ3G0DE_RTROPTP_4_MACRO-PRODUCAO-INDUSTRIAL-1024x678.jpg\" alt=\"Linha de montagem de carros: trabalhadores montam ve\u00edculos brancos suspensos. F\u00e1brica FCA.\" class=\"wp-image-465816\"><figcaption class=\"wp-element-caption\">Funcion\u00e1rios trabalham em f\u00e1brica da Fiat Chrysler, em Betim, Minas Gerais\n20\/05\/2020\nREUTERS\/Washington Alves<\/figcaption><\/figure><p>A pr\u00e9via do PIB mostra que houve uma desacelera\u00e7\u00e3o no in\u00edcio do ano. O PIB, que \u00e9 a soma de todos os bens e servi\u00e7os produzidos no pa\u00eds, \u00e9 um term\u00f4metro da economia.<\/p><p>Em 2022, a economia brasileira cresceu 2,90%, menos do que em 2021, quando o IBC-Br foi de 4,68%.<\/p><figure class=\"wp-block-image size-full\"><img loading=\"lazy\" decoding=\"async\" width=\"895\" height=\"540\" src=\"https:\/\/media.investnews.com.br\/uploads\/2023\/04\/out_2385.png\" alt=\"Gr\u00e1fico de barras: Pr\u00e9via do PIB (IBC-Br), varia\u00e7\u00e3o em 12 meses, de Jan\/22 a Jan\/23. Mostra decl\u00ednio e recupera\u00e7\u00e3o.\" class=\"wp-image-465799\" srcset=\"https:\/\/media.investnews.com.br\/uploads\/2023\/04\/out_2385.png 895w, https:\/\/media.investnews.com.br\/uploads\/2023\/04\/out_2385-300x181.png 300w, https:\/\/media.investnews.com.br\/uploads\/2023\/04\/out_2385-768x463.png 768w, https:\/\/media.investnews.com.br\/uploads\/2023\/04\/out_2385-172x104.png 172w, https:\/\/media.investnews.com.br\/uploads\/2023\/04\/out_2385-150x91.png 150w\" sizes=\"auto, (max-width: 895px) 100vw, 895px\" \/><\/figure><p>O <a href=\"https:\/\/investnews.com.br\/guias\/boletim-focus-entenda-o-que-e\/\">Boletim Focus<\/a>, divulgado nesta manh\u00e3, mostra que a <a href=\"https:\/\/investnews.com.br\/economia\/focus-projecao-para-selic-em-2023-cai-enquanto-inflacao-vai-na-contramao\/\">proje\u00e7\u00e3o do PIB de 2023 caiu de 0,91% para 0,90%<\/a> uma semana antes. J\u00e1 para 2024 a proje\u00e7\u00e3o sofreu um recuo de 1,44% para 1,40%.<\/p><p>Para 2025 \u00e9 previsto uma redu\u00e7\u00e3o de 1,76% para 1,72%, enquanto que para 2026 a taxa foi mantida em 1,8%.<\/p><figure class=\"wp-block-image size-full\"><img loading=\"lazy\" decoding=\"async\" width=\"895\" height=\"540\" src=\"https:\/\/media.investnews.com.br\/uploads\/2023\/04\/out_2390.png\" alt=\"Gr\u00e1fico de barras: varia\u00e7\u00e3o anual da pr\u00e9via do PIB (IBC-Br) de jan\/11 a jan\/23. Em jan\/23, 3,03%.\" class=\"wp-image-465809\" srcset=\"https:\/\/media.investnews.com.br\/uploads\/2023\/04\/out_2390.png 895w, https:\/\/media.investnews.com.br\/uploads\/2023\/04\/out_2390-300x181.png 300w, https:\/\/media.investnews.com.br\/uploads\/2023\/04\/out_2390-768x463.png 768w, https:\/\/media.investnews.com.br\/uploads\/2023\/04\/out_2390-172x104.png 172w, https:\/\/media.investnews.com.br\/uploads\/2023\/04\/out_2390-150x91.png 150w\" sizes=\"auto, (max-width: 895px) 100vw, 895px\" \/><\/figure>\n","protected":false},"excerpt":{"rendered":"<p>Dado que mostra desacelera\u00e7\u00e3o da economia foi divulgado pelo Banco Central na manh\u00e3 desta segunda (17).<\/p>\n","protected":false},"author":73,"featured_media":349570,"comment_status":"closed","ping_status":"open","sticky":false,"template":"","format":"standard","meta":{"_acf_changed":false,"inline_featured_image":false,"footnotes":""},"categories":[5],"tags":[56,52,53],"autor-wsj":[],"coauthors":[101284],"class_list":["post-465770","post","type-post","status-publish","format-standard","has-post-thumbnail","hentry","category-economia","tag-banco-central","tag-inflacao","tag-pib"],"acf":[],"amp_enabled":true,"_links":{"self":[{"href":"https:\/\/investnews.com.br\/inv-api\/wp\/v2\/posts\/465770","targetHints":{"allow":["GET"]}}],"collection":[{"href":"https:\/\/investnews.com.br\/inv-api\/wp\/v2\/posts"}],"about":[{"href":"https:\/\/investnews.com.br\/inv-api\/wp\/v2\/types\/post"}],"author":[{"embeddable":true,"href":"https:\/\/investnews.com.br\/inv-api\/wp\/v2\/users\/73"}],"replies":[{"embeddable":true,"href":"https:\/\/investnews.com.br\/inv-api\/wp\/v2\/comments?post=465770"}],"version-history":[{"count":27,"href":"https:\/\/investnews.com.br\/inv-api\/wp\/v2\/posts\/465770\/revisions"}],"predecessor-version":[{"id":704593,"href":"https:\/\/investnews.com.br\/inv-api\/wp\/v2\/posts\/465770\/revisions\/704593"}],"wp:featuredmedia":[{"embeddable":true,"href":"https:\/\/investnews.com.br\/inv-api\/wp\/v2\/media\/349570"}],"wp:attachment":[{"href":"https:\/\/investnews.com.br\/inv-api\/wp\/v2\/media?parent=465770"}],"wp:term":[{"taxonomy":"category","embeddable":true,"href":"https:\/\/investnews.com.br\/inv-api\/wp\/v2\/categories?post=465770"},{"taxonomy":"post_tag","embeddable":true,"href":"https:\/\/investnews.com.br\/inv-api\/wp\/v2\/tags?post=465770"},{"taxonomy":"autor-wsj","embeddable":true,"href":"https:\/\/investnews.com.br\/inv-api\/wp\/v2\/autor-wsj?post=465770"},{"taxonomy":"author","embeddable":true,"href":"https:\/\/investnews.com.br\/inv-api\/wp\/v2\/coauthors?post=465770"}],"curies":[{"name":"wp","href":"https:\/\/api.w.org\/{rel}","templated":true}]}}