{"id":46605,"date":"2021-01-13T11:11:09","date_gmt":"2021-01-13T14:11:09","guid":{"rendered":"https:\/\/investnews.com.br\/?p=46605"},"modified":"2021-01-13T11:11:14","modified_gmt":"2021-01-13T14:11:14","slug":"ford-discute-com-montadoras-venda-de-fabrica-na-bahia-diz-governo-local","status":"publish","type":"post","link":"https:\/\/investnews.com.br\/negocios\/ford-discute-com-montadoras-venda-de-fabrica-na-bahia-diz-governo-local\/","title":{"rendered":"Ford discute com montadoras venda de f\u00e1brica na Bahia, diz governo local"},"content":{"rendered":"\n<p>A Ford tem discuss\u00f5es em andamento com outras montadoras globais de ve\u00edculos para a <a href=\"https:\/\/investnews.com.br\/programas\/boletim-investnews\/brasil-sem-ford-quem-deve-assumir-as-fabricas-da-montadora\/\" class=\"rank-math-link\">venda de seu complexo fabril<\/a> em Cama\u00e7ari (BA), afirmou nesta ter\u00e7a-feira (13) o governador baiano, Rui Costa, ap\u00f3s reuni\u00e3o de grupo de trabalho criado para minimizar os efeitos da decis\u00e3o da companhia norte-americana de <a href=\"https:\/\/investnews.com.br\/negocios\/ford-vai-encerrar-operacoes-no-brasil\/\" class=\"rank-math-link\">parar de produzir no pa\u00eds<\/a>.<\/p>\n\n\n\n<p>&#8220;Eles verbalizaram que j\u00e1 t\u00eam di\u00e1logos abertos com outras montadoras globais, mas que teriam assinado protocolo de sigilo&#8221;, disse Costa a jornalistas ap\u00f3s a reuni\u00e3o, que contou com representantes sindicais e da federa\u00e7\u00e3o industrial da Bahia. O Estado abriga a maior f\u00e1brica da Ford na Am\u00e9rica do Sul.<\/p>\n\n\n\n<p>Costa n\u00e3o deu detalhes sobre os eventuais interessados na f\u00e1brica da Ford em Cama\u00e7ari, que at\u00e9 atualmente produz os modelos EcoSport e Ka. Procurada, a Ford afirmou que n\u00e3o comenta especula\u00e7\u00f5es.<\/p>\n\n\n\n<p>O governador, por\u00e9m, disse que o governo estadual contatou as embaixadas da China, Jap\u00e3o e Coreia do Sul para tentar obter apoio para encontrar interessados em assumir o complexo fabril.<\/p>\n\n\n\n<figure class=\"wp-block-embed-youtube wp-block-embed is-type-video is-provider-youtube wp-embed-aspect-16-9 wp-has-aspect-ratio\"><div class=\"wp-block-embed__wrapper\">\n<iframe loading=\"lazy\" title=\"Ford fora do Brasil: quais as consequ\u00eancias e quem pode assumir as f\u00e1bricas?\" width=\"500\" height=\"281\" src=\"https:\/\/www.youtube.com\/embed\/gNMiF1leDHQ?feature=oembed\" frameborder=\"0\" allow=\"accelerometer; autoplay; clipboard-write; encrypted-media; gyroscope; picture-in-picture; web-share\" referrerpolicy=\"strict-origin-when-cross-origin\" allowfullscreen><\/iframe>\n<\/div><\/figure>\n\n\n\n<p>Na v\u00e9spera, a companhia informou em comunicado \u00e0 imprensa que &#8220;vai continuar a facilitar alternativas razo\u00e1veis para as partes interessadas assumirem as f\u00e1bricas&#8221;.<\/p>\n\n\n\n<p>Na entrevista, o governador da Bahia negou afirma\u00e7\u00f5es do presidente Jair Bolsonaro, que afirmou nesta ter\u00e7a-feira que a Ford queria subs\u00eddios para manter suas opera\u00e7\u00f5es no pa\u00eds.<\/p>\n\n\n\n<p><strong>LEIA MAIS:<\/strong> <a href=\"https:\/\/investnews.com.br\/colunistas\/sos-financas\/ford-vai-sair-do-brasil-vender-carro-da-marca-e-achar-pecas-fica-mais-dificil\/\" class=\"rank-math-link\"><strong>Vender carro da Ford e achar pe\u00e7as vai ficar mais dif\u00edcil?<\/strong><\/a><\/p>\n\n\n\n<p>&#8220;Para o governo do Estado, a Ford n\u00e3o solicitou nenhum novo incentivo e n\u00e3o acho que o que levou \u00e0 decis\u00e3o de fechamento tenha sido aus\u00eancia de incentivos&#8221;, disse o governador da Bahia. Segundo ele, o que levou a Ford a optar pelo encerramento da produ\u00e7\u00e3o no Brasil at\u00e9 o final deste ano foi &#8220;aus\u00eancia de uma pol\u00edtica industrial nos \u00faltimos seis anos&#8221;, acrescentou.<\/p>\n\n\n\n<p>&#8220;Estamos falando de uma situa\u00e7\u00e3o macroecon\u00f4mica que torna invi\u00e1vel a produ\u00e7\u00e3o industrial no Brasil n\u00e3o s\u00f3 para a Ford, mas para v\u00e1rios segmentos industriais&#8221;, disse Costa, referindo-se \u00e0 queda do real ante o d\u00f3lar, que torna dif\u00edcil a importa\u00e7\u00e3o de insumos usados na produ\u00e7\u00e3o.<\/p>\n\n\n\n<h2 class=\"wp-block-heading\">Preju\u00edzo de US$ 300 milh\u00f5es em 2019<\/h2>\n\n\n\n<p>Mais cedo, o JPMorgan divulgou relat\u00f3rio em que afirma que a <strong>Ford amargou preju\u00edzo de US$ 300 milh\u00f5es em 2019<\/strong> nas opera\u00e7\u00f5es na Am\u00e9rica do Sul e que com a decis\u00e3o de encerrar a produ\u00e7\u00e3o no Brasil a empresa deve atingir o equil\u00edbrio financeiro na regi\u00e3o em 2020.<\/p>\n\n\n\n<p>A Ford afirma que <strong>emprega em Cama\u00e7ari 4.059 funcion\u00e1rios<\/strong>, mas representantes sindicais e o governador citaram n\u00fameros maiores, chegando a mais de 10 mil funcion\u00e1rios incluindo os trabalhadores das cinco empresas fornecedoras da montadora que est\u00e3o no complexo fabril.<\/p>\n\n\n\n<p>O presidente do Sindicato dos Metal\u00fargicos de Cama\u00e7ari, J\u00falio Bonfim, presente na reuni\u00e3o, afirmou que na pr\u00f3xima segunda-feira os trabalhadores v\u00e3o se reunir com a empresa para negociarem as compensa\u00e7\u00f5es das demiss\u00f5es.<\/p>\n\n\n\n<p>Segundo ele, a categoria tinha negocia\u00e7\u00e3o para que a f\u00e1brica recebesse tr\u00eas novos produtos nos pr\u00f3ximos anos o que garantiria estabilidade de emprego at\u00e9 mar\u00e7o de 2024. &#8220;Vamos juridicamente ver o que podermos construir de valor agregado indenizat\u00f3rio&#8221;, disse Bonfim, lembrando que no caso do fechamento da f\u00e1brica da Ford em S\u00e3o Bernardo do Campo, em 2019, foi acertado o valor de 2 sal\u00e1rios por ano trabalhado, limitado a um teto de R$ 500 mil.<\/p>\n\n\n\n<p>Na v\u00e9spera, a Ford afirmou que <strong>vai assumir encargo de US$ 4,1 bilh\u00f5es<\/strong> com o fechamento das f\u00e1bricas no pa\u00eds, mas n\u00e3o especificou o valor relacionado \u00e0s demiss\u00f5es.<\/p>\n\n\n\n<p>Costa afirmou que apenas em sal\u00e1rios, a Ford em Cama\u00e7ari movimentava 500 milh\u00f5es de reais por m\u00eas na regi\u00e3o metropolitana de Salvador e que em 2018 o Estado arrecadou R$ 200 milh\u00f5es com a f\u00e1brica, mas os valores foram caindo para R$ 150 milh\u00f5es em 2019 e cerca de R$ 100 milh\u00f5es em 2020, em meio \u00e0 queda nos volumes vendidos.<\/p>\n\n\n\n<p>Segundo o governo baiano, o Estado concedeu \u00e0 Ford R$ 948 milh\u00f5es em benef\u00edcios fiscais entre 2018 e 2020, enquanto o investimento da companhia em Cama\u00e7ari entre 2015 e 2019 foi de R$ 2,5 bilh\u00f5es.<\/p>\n\n\n\n<h2 class=\"wp-block-heading\">Financiamentos do BNDES<\/h2>\n\n\n\n<p>Procurado, o Banco Nacional de Desenvolvimento Econ\u00f4mico e Social (BNDES) afirmou que a Ford tem dois contratos de financiamento direto com a institui\u00e7\u00e3o de fomento, no valor total de 335 milh\u00f5es de reais, contratados em 2014 e 2017.<\/p>\n\n\n\n<p>Os contratos t\u00eam cl\u00e1usulas envolvendo manuten\u00e7\u00e3o do emprego durante a implementa\u00e7\u00e3o dos projetos alvo dos financiamentos, &#8221; que j\u00e1 ocorreu&#8221;. Estes empr\u00e9stimos j\u00e1 passaram da metade do prazo total, estando com pagamentos em dia, afirmou o banco.<\/p>\n\n\n\n<p>&#8220;O banco aguarda as respostas (da Ford) para avaliar os impactos da decis\u00e3o da companhia sobre os financiamentos diretos ainda em curso&#8221;, afirmou o BNDES em comunicado, acrescentando que pediu \u00e0 montadora esclarecimentos sobre o fechamento das f\u00e1bricas no pa\u00eds.<\/p>\n","protected":false},"excerpt":{"rendered":"<p>Montadora manteria di\u00e1logos abertos para se desfazer da unidade em Cama\u00e7ari.<\/p>\n","protected":false},"author":7,"featured_media":46624,"comment_status":"closed","ping_status":"open","sticky":false,"template":"","format":"standard","meta":{"_acf_changed":false,"inline_featured_image":false,"footnotes":""},"categories":[6],"tags":[462,864,2321,1032],"autor-wsj":[],"coauthors":[1494],"class_list":["post-46605","post","type-post","status-publish","format-standard","has-post-thumbnail","hentry","category-negocios","tag-industria","tag-montadoras","tag-ford","tag-veiculos"],"acf":[],"amp_enabled":true,"_links":{"self":[{"href":"https:\/\/investnews.com.br\/inv-api\/wp\/v2\/posts\/46605","targetHints":{"allow":["GET"]}}],"collection":[{"href":"https:\/\/investnews.com.br\/inv-api\/wp\/v2\/posts"}],"about":[{"href":"https:\/\/investnews.com.br\/inv-api\/wp\/v2\/types\/post"}],"author":[{"embeddable":true,"href":"https:\/\/investnews.com.br\/inv-api\/wp\/v2\/users\/7"}],"replies":[{"embeddable":true,"href":"https:\/\/investnews.com.br\/inv-api\/wp\/v2\/comments?post=46605"}],"version-history":[{"count":2,"href":"https:\/\/investnews.com.br\/inv-api\/wp\/v2\/posts\/46605\/revisions"}],"predecessor-version":[{"id":46681,"href":"https:\/\/investnews.com.br\/inv-api\/wp\/v2\/posts\/46605\/revisions\/46681"}],"wp:featuredmedia":[{"embeddable":true,"href":"https:\/\/investnews.com.br\/inv-api\/wp\/v2\/media\/46624"}],"wp:attachment":[{"href":"https:\/\/investnews.com.br\/inv-api\/wp\/v2\/media?parent=46605"}],"wp:term":[{"taxonomy":"category","embeddable":true,"href":"https:\/\/investnews.com.br\/inv-api\/wp\/v2\/categories?post=46605"},{"taxonomy":"post_tag","embeddable":true,"href":"https:\/\/investnews.com.br\/inv-api\/wp\/v2\/tags?post=46605"},{"taxonomy":"autor-wsj","embeddable":true,"href":"https:\/\/investnews.com.br\/inv-api\/wp\/v2\/autor-wsj?post=46605"},{"taxonomy":"author","embeddable":true,"href":"https:\/\/investnews.com.br\/inv-api\/wp\/v2\/coauthors?post=46605"}],"curies":[{"name":"wp","href":"https:\/\/api.w.org\/{rel}","templated":true}]}}