{"id":466140,"date":"2023-04-17T16:24:05","date_gmt":"2023-04-17T19:24:05","guid":{"rendered":"https:\/\/investnews.com.br\/?p=466140"},"modified":"2023-04-17T16:24:58","modified_gmt":"2023-04-17T19:24:58","slug":"lula-e-haddad-devem-entregar-texto-de-arcabouco-na-3a-diz-padilha","status":"publish","type":"post","link":"https:\/\/investnews.com.br\/economia\/lula-e-haddad-devem-entregar-texto-de-arcabouco-na-3a-diz-padilha\/","title":{"rendered":"Lula e Haddad devem entregar texto de arcabou\u00e7o na 3\u00aa, diz Padilha"},"content":{"rendered":"\n<p>O presidente Luiz In\u00e1cio Lula da Silva e o ministro da Fazenda, Fernando Haddad, devem entregar na ter\u00e7a-feira o texto da <a href=\"https:\/\/investnews.com.br\/economia\/arcabouco-fiscal-entenda-o-que-se-sabe-ate-agora-e-perspectivas\/\">proposta de novo arcabou\u00e7o fiscal <\/a>aos presidentes da C\u00e2mara dos Deputados, Arthur Lira (PP-AL), e do Senado, Rodrigo Pacheco (PSD-MG), no Pal\u00e1cio do Planalto, disse a jornalistas nesta segunda-feira o ministro das Rela\u00e7\u00f5es Institucionais, Alexandre Padilha.<\/p>\n\n\n\n<p>O ministro explicou que Lula dever\u00e1 aproveitar as presen\u00e7as de Lira e Pacheco no Planalto para uma reuni\u00e3o com chefes dos Poderes, governadores e prefeitos sobre viol\u00eancia nas escolas para entregar formalmente o texto das propostas aos presidentes das duas Casas do Congresso.<\/p>\n\n\n\n<blockquote class=\"wp-block-quote is-layout-flow wp-block-quote-is-layout-flow\">\n<p>&#8220;Estamos na expectativa amanh\u00e3 da entrega pelo ministro Fernando Haddad, pelo presidente Lula, ao presidente da C\u00e2mara, ao presidente do Senado, ao Congresso Nacional do texto do novo marco fiscal&#8221;<\/p>\n<cite>alexandre Padilha, ministro das Rela\u00e7\u00f5es Institucionais<\/cite><\/blockquote>\n\n\n\n<p><\/p>\n\n\n\n<p>&#8220;A ideia \u00e9 no pr\u00f3prio Pal\u00e1cio do Planalto. Vamos ter uma reuni\u00e3o com governadores, com prefeitos para tratar do tema das escolas, aproveitar a ida dos presidentes das duas Casas ao Pal\u00e1cio do Planalto e fazer uma entrega formal do texto sob a lideran\u00e7a do ministro Fernando Haddad&#8230; juntamente com o presidente&#8221;, acrescentou.<\/p>\n\n\n\n<p>A reuni\u00e3o sobre a viol\u00eancia nas escolas est\u00e1 marcada para 9h30 de ter\u00e7a.<\/p>\n\n\n\n<p>Padilha assegurou que o texto a ser entregue a Lira e Pacheco &#8220;vai expressar exatamente&#8221; as linhas gerais do novo regramento j\u00e1 apresentadas por Haddad. O ministro, respons\u00e1vel pela articula\u00e7\u00e3o pol\u00edtica do governo, disse ainda esperar que a C\u00e2mara, por onde o texto come\u00e7ar\u00e1 a tramitar antes de ir ao Senado, defina um relator para o arcabou\u00e7o ainda nesta semana.<\/p>\n\n\n\n<p>Padilha avaliou que a proposta de um novo marco fiscal n\u00e3o divide governo e oposi\u00e7\u00e3o e disse esperar que a proposta seja rapidamente aprovada pelo Congresso. Mais cedo, em entrevista \u00e0 GloboNews, o l\u00edder do governo na C\u00e2mara, Jos\u00e9 Guimar\u00e3es, disse esperar que a proposta seja aprovada na C\u00e2mara em entre 15 e 20 dias.<\/p>\n\n\n\n<figure class=\"wp-block-image size-large\"><img loading=\"lazy\" decoding=\"async\" width=\"1024\" height=\"683\" src=\"https:\/\/media.investnews.com.br\/uploads\/2023\/04\/2023-04-17T185508Z_2_LYNXMPEJ3G0O4_RTROPTP_4_BRAZIL-POLITICS-1024x683.jpg\" alt=\"Padilha (de \u00f3culos) participa de reuni\u00e3o ministerial no Pal\u00e1cio do Planalto\" class=\"wp-image-466141\" srcset=\"https:\/\/media.investnews.com.br\/uploads\/2023\/04\/2023-04-17T185508Z_2_LYNXMPEJ3G0O4_RTROPTP_4_BRAZIL-POLITICS-1024x683.jpg 1024w, https:\/\/media.investnews.com.br\/uploads\/2023\/04\/2023-04-17T185508Z_2_LYNXMPEJ3G0O4_RTROPTP_4_BRAZIL-POLITICS-300x200.jpg 300w, https:\/\/media.investnews.com.br\/uploads\/2023\/04\/2023-04-17T185508Z_2_LYNXMPEJ3G0O4_RTROPTP_4_BRAZIL-POLITICS-768x512.jpg 768w, https:\/\/media.investnews.com.br\/uploads\/2023\/04\/2023-04-17T185508Z_2_LYNXMPEJ3G0O4_RTROPTP_4_BRAZIL-POLITICS-1536x1025.jpg 1536w, https:\/\/media.investnews.com.br\/uploads\/2023\/04\/2023-04-17T185508Z_2_LYNXMPEJ3G0O4_RTROPTP_4_BRAZIL-POLITICS-1256x838.jpg 1256w, https:\/\/media.investnews.com.br\/uploads\/2023\/04\/2023-04-17T185508Z_2_LYNXMPEJ3G0O4_RTROPTP_4_BRAZIL-POLITICS-172x115.jpg 172w, https:\/\/media.investnews.com.br\/uploads\/2023\/04\/2023-04-17T185508Z_2_LYNXMPEJ3G0O4_RTROPTP_4_BRAZIL-POLITICS-150x100.jpg 150w, https:\/\/media.investnews.com.br\/uploads\/2023\/04\/2023-04-17T185508Z_2_LYNXMPEJ3G0O4_RTROPTP_4_BRAZIL-POLITICS.jpg 2048w\" sizes=\"auto, (max-width: 1024px) 100vw, 1024px\" \/><figcaption class=\"wp-element-caption\">Padilha (de \u00f3culos) participa de reuni\u00e3o ministerial no Pal\u00e1cio do Planalto 06\/01\/2023\nREUTERS\/Adriano Machado<\/figcaption><\/figure>\n\n\n\n<p>Na entrevista a jornalistas, ap\u00f3s se reunir com Lula no Pal\u00e1cio da Alvorada, Padilha tamb\u00e9m disse que o novo marco fiscal e a aprova\u00e7\u00e3o dos conte\u00fados das medidas provis\u00f3rias enviadas por Lula ao Legislativo s\u00e3o as duas grandes prioridades legislativas do governo para este primeiro semestre.<\/p>\n\n\n\n<p>&#8220;N\u00f3s temos duas grandes prioridades para o primeiro semestre&#8221;, disse. &#8220;Tanto a aprova\u00e7\u00e3o das medidas provis\u00f3rias, do conte\u00fado das 12 medidas provis\u00f3rias&#8230; e junto com isso aprovar o novo marco fiscal&#8221;, disse.<\/p>\n\n\n\n<p>O ministro disse tamb\u00e9m que a proposta de reforma tribut\u00e1ria deve ser apresentada at\u00e9 19 de maio e que o governo tamb\u00e9m gostaria de aprov\u00e1-la ainda na primeira metade deste ano.<\/p>\n","protected":false},"excerpt":{"rendered":"<p>O ministro das Rela\u00e7\u00f5es Institucionais assegurou que o texto a ser entregue a Lira e Pacheco &#8220;vai expressar exatamente&#8221; as linhas gerais do novo regramento j\u00e1 apresentadas por Haddad. <\/p>\n","protected":false},"author":61,"featured_media":466141,"comment_status":"closed","ping_status":"open","sticky":false,"template":"","format":"standard","meta":{"_acf_changed":false,"inline_featured_image":false,"footnotes":""},"categories":[5],"tags":[1019,1636,101620,2370],"autor-wsj":[],"coauthors":[2494],"class_list":["post-466140","post","type-post","status-publish","format-standard","has-post-thumbnail","hentry","category-economia","tag-ajuste-fiscal","tag-contas-publicas","tag-fernando-haddad","tag-luiz-inacio-lula-da-silva"],"acf":[],"amp_enabled":true,"_links":{"self":[{"href":"https:\/\/investnews.com.br\/inv-api\/wp\/v2\/posts\/466140","targetHints":{"allow":["GET"]}}],"collection":[{"href":"https:\/\/investnews.com.br\/inv-api\/wp\/v2\/posts"}],"about":[{"href":"https:\/\/investnews.com.br\/inv-api\/wp\/v2\/types\/post"}],"author":[{"embeddable":true,"href":"https:\/\/investnews.com.br\/inv-api\/wp\/v2\/users\/61"}],"replies":[{"embeddable":true,"href":"https:\/\/investnews.com.br\/inv-api\/wp\/v2\/comments?post=466140"}],"version-history":[{"count":4,"href":"https:\/\/investnews.com.br\/inv-api\/wp\/v2\/posts\/466140\/revisions"}],"predecessor-version":[{"id":466146,"href":"https:\/\/investnews.com.br\/inv-api\/wp\/v2\/posts\/466140\/revisions\/466146"}],"wp:featuredmedia":[{"embeddable":true,"href":"https:\/\/investnews.com.br\/inv-api\/wp\/v2\/media\/466141"}],"wp:attachment":[{"href":"https:\/\/investnews.com.br\/inv-api\/wp\/v2\/media?parent=466140"}],"wp:term":[{"taxonomy":"category","embeddable":true,"href":"https:\/\/investnews.com.br\/inv-api\/wp\/v2\/categories?post=466140"},{"taxonomy":"post_tag","embeddable":true,"href":"https:\/\/investnews.com.br\/inv-api\/wp\/v2\/tags?post=466140"},{"taxonomy":"autor-wsj","embeddable":true,"href":"https:\/\/investnews.com.br\/inv-api\/wp\/v2\/autor-wsj?post=466140"},{"taxonomy":"author","embeddable":true,"href":"https:\/\/investnews.com.br\/inv-api\/wp\/v2\/coauthors?post=466140"}],"curies":[{"name":"wp","href":"https:\/\/api.w.org\/{rel}","templated":true}]}}