{"id":468547,"date":"2023-04-24T06:15:00","date_gmt":"2023-04-24T09:15:00","guid":{"rendered":"https:\/\/investnews.com.br\/?p=468547"},"modified":"2024-06-24T12:26:07","modified_gmt":"2024-06-24T15:26:07","slug":"qual-o-lugar-das-pessoas-com-deficiencia-na-agenda-esg-das-empresas","status":"publish","type":"post","link":"https:\/\/investnews.com.br\/colunistas\/qual-o-lugar-das-pessoas-com-deficiencia-na-agenda-esg-das-empresas\/","title":{"rendered":"Qual o lugar das pessoas com defici\u00eancia na agenda ESG das empresas?"},"content":{"rendered":"\n<p>Estamos quase finalizando o m\u00eas de abril, e temos uma oportunidade \u00fanica de refletir sobre os direitos das milhares de pessoas com defici\u00eancia que temos no Brasil, sua inser\u00e7\u00e3o no mercado de trabalho e o seu direito \u00e0 cidadania.<\/p>\n\n\n\n<p>Os marcos simb\u00f3licos e de luta deste m\u00eas foram: 2 de abril, Dia Mundial da Conscientiza\u00e7\u00e3o do Autismo; 8 de abril, Dia Nacional do Sistema Braille e 24 de abril, Dia Nacional da Linguagem Brasileira de Sinais &#8211; Libras.&nbsp;<\/p>\n\n\n\n<p>Para come\u00e7ar a refletir, o Censo Demogr\u00e1fico do IBGE de 2010 apontou que 6,7% de pessoas com defici\u00eancia na popula\u00e7\u00e3o brasileira t\u00eam muita dificuldade ou n\u00e3o conseguem realizar fun\u00e7\u00f5es e atividades do dia a dia.&nbsp;<\/p>\n\n\n\n<p>Esse percentual representa mais de 14 milh\u00f5es de pessoas. \u00c9 muita gente! S\u00e3o cidad\u00e3os e cidad\u00e3s que pagam impostos, que investem, que s\u00e3o consumidoras, regidas pela mesma Constitui\u00e7\u00e3o Federal e certamente merecem direito de acesso ao mercado de trabalho.&nbsp;<\/p>\n\n\n\n<p>Vamos refletir sobre cada uma destas datas? Quando falamos de autismo, segundo o portal brasileiro Canal Autismo, estima-se que o Brasil possua um n\u00famero que gira em torno de 2 milh\u00f5es a 4,8 milh\u00f5es de pessoas com autismo, o que significa que cerca de 1% a 2% da popula\u00e7\u00e3o do pa\u00eds est\u00e1 no espectro. Esse n\u00famero, infelizmente, n\u00e3o est\u00e1 dispon\u00edvel no estudo do IBGE, por isso n\u00e3o est\u00e1 contemplado nos dados que mencionei anteriormente, j\u00e1 que o Brasil ainda n\u00e3o inclui esse mapeamento em suas pesquisas. Mas, fica evidente por que esse \u00e9 um tema cada vez mais presente na nossa vida e nas empresas.<\/p>\n\n\n\n<p>O Dia Nacional do Sistema Braille nos remete \u00e0s pessoas com defici\u00eancia visual, que diz respeito \u00e0 perda total ou redu\u00e7\u00e3o da acuidade visual. Segundo o Censo de 2010 do IBGE, cerca de 6,5 milh\u00f5es de brasileiros apresenta defici\u00eancia visual severa, sendo que 506 mil, ou 0,3% da popula\u00e7\u00e3o, tem perda total da vis\u00e3o, e 6 milh\u00f5es, ou 3,2% da popula\u00e7\u00e3o, t\u00eam grande dificuldade para enxergar.<\/p>\n\n\n\n<p>J\u00e1 o Dia Nacional da Linguagem Brasileira de Sinais &#8211; Libras, nos remete aos cerca de 5% da popula\u00e7\u00e3o brasileira com defici\u00eancia auditiva, ainda de acordo com o IBGE. Esse n\u00famero representa 10 milh\u00f5es de pessoas, sendo que desse contingente 2,7 milh\u00f5es n\u00e3o ouvem nada.&nbsp;<\/p>\n\n\n\n<p>Por que este assunto \u00e9 t\u00e3o importante? Voc\u00ea que est\u00e1 tendo acesso a este artigo, quer saiba ou n\u00e3o, provavelmente tem um parente, amigo ou colega de trabalho com uma dessas defici\u00eancias ou outras que n\u00e3o abordamos aqui, e talvez nem saiba disso. Ou ainda, talvez venha a se tornar uma pessoa com defici\u00eancia em algum momento da sua vida. Sim, embora tendamos a achar que todas as pessoas com defici\u00eancia nascem com estas caracter\u00edsticas, a verdade \u00e9 que estudos apontam que 84% em m\u00e9dia, ou seja a maioria, das pessoas com defici\u00eancia f\u00edsica, auditiva visual as adquirem ao longo da vida.&nbsp;<\/p>\n\n\n\n<p>Segundo a Pesquisa Nacional de Sa\u00fade de 2013, dentro desse contingente total de pessoas com defici\u00eancia apontado pelo IBGE, do total de 0,8% de pessoas com defici\u00eancia intelectual, 0,5% nasceram com a defici\u00eancia, 0,3% adquiriram ao longo da vida. Dos 1,3% de pessoas com defici\u00eancia f\u00edsica 0,3% nasceram com a defici\u00eancia e 1% adquiriu ao longo da vida. Do total de 1,1% de pessoas com defici\u00eancia auditiva, 0,2% nasceram com a defici\u00eancia, 0,9% adquiriram ao longo da vida. Dos 3,6% de pessoas com defici\u00eancia visual 0,4% nasceram com a defici\u00eancia e 3,3% adquiriram ao longo da vida.<\/p>\n\n\n\n<p>Por outro lado, segundo o estudo Diversidade, Representatividade e Percep\u00e7\u00e3o da Gest\u00e3o Kair\u00f3s, feito entre 2019 e 2021, com mais de 26 mil respondentes de grandes empresas que s\u00e3o refer\u00eancia em diversidade, somente 2,7% do quadro funcional e da lideran\u00e7a s\u00e3o compostos por pessoas com defici\u00eancia, sendo que desse mesmo contingente 70% s\u00e3o homens e somente 30% s\u00e3o mulheres. Um contraponto inclusive com a Lei n\u00ba 8.213, de 24 de julho de 1991, que afirma que empresas com a partir de 1001 funcion\u00e1rios devem ter pelo menos 5% de profissionais com defici\u00eancia em seu quadro.<\/p>\n\n\n\n<p>Sempre digo que este \u00e9 um tema para o qual se n\u00e3o nos atentarmos por empatia ao pr\u00f3ximo, por um novo marco civilizat\u00f3rio e pela dignidade humana, que ent\u00e3o seja por saber que cada um de n\u00f3s tamb\u00e9m est\u00e1 sujeito a, em algum momento da vida, vivenciar esta condi\u00e7\u00e3o. Por isso, falar sobre direitos das pessoas com defici\u00eancia \u00e9 lutar por uma sociedade melhor para todos e todas n\u00f3s, e principalmente para cada um de n\u00f3s.<\/p>\n","protected":false},"excerpt":{"rendered":"<p>Mesmo com legisla\u00e7\u00e3o espec\u00edfica, o tema das pessoas com defici\u00eancia segue paralelo \u00e0 agenda ESG e n\u00e3o integrado a ela. <\/p>\n","protected":false},"author":37,"featured_media":468572,"comment_status":"closed","ping_status":"open","sticky":false,"template":"","format":"standard","meta":{"_acf_changed":false,"inline_featured_image":false,"footnotes":""},"categories":[2063],"tags":[63,1673],"autor-wsj":[],"coauthors":[101327],"class_list":["post-468547","post","type-post","status-publish","format-standard","has-post-thumbnail","hentry","category-colunistas","tag-carreira","tag-esg"],"acf":[],"amp_enabled":true,"_links":{"self":[{"href":"https:\/\/investnews.com.br\/inv-api\/wp\/v2\/posts\/468547","targetHints":{"allow":["GET"]}}],"collection":[{"href":"https:\/\/investnews.com.br\/inv-api\/wp\/v2\/posts"}],"about":[{"href":"https:\/\/investnews.com.br\/inv-api\/wp\/v2\/types\/post"}],"author":[{"embeddable":true,"href":"https:\/\/investnews.com.br\/inv-api\/wp\/v2\/users\/37"}],"replies":[{"embeddable":true,"href":"https:\/\/investnews.com.br\/inv-api\/wp\/v2\/comments?post=468547"}],"version-history":[{"count":9,"href":"https:\/\/investnews.com.br\/inv-api\/wp\/v2\/posts\/468547\/revisions"}],"predecessor-version":[{"id":468849,"href":"https:\/\/investnews.com.br\/inv-api\/wp\/v2\/posts\/468547\/revisions\/468849"}],"wp:featuredmedia":[{"embeddable":true,"href":"https:\/\/investnews.com.br\/inv-api\/wp\/v2\/media\/468572"}],"wp:attachment":[{"href":"https:\/\/investnews.com.br\/inv-api\/wp\/v2\/media?parent=468547"}],"wp:term":[{"taxonomy":"category","embeddable":true,"href":"https:\/\/investnews.com.br\/inv-api\/wp\/v2\/categories?post=468547"},{"taxonomy":"post_tag","embeddable":true,"href":"https:\/\/investnews.com.br\/inv-api\/wp\/v2\/tags?post=468547"},{"taxonomy":"autor-wsj","embeddable":true,"href":"https:\/\/investnews.com.br\/inv-api\/wp\/v2\/autor-wsj?post=468547"},{"taxonomy":"author","embeddable":true,"href":"https:\/\/investnews.com.br\/inv-api\/wp\/v2\/coauthors?post=468547"}],"curies":[{"name":"wp","href":"https:\/\/api.w.org\/{rel}","templated":true}]}}