{"id":468748,"date":"2023-04-20T18:08:30","date_gmt":"2023-04-20T21:08:30","guid":{"rendered":"https:\/\/investnews.com.br\/?p=468748"},"modified":"2024-01-18T11:45:26","modified_gmt":"2024-01-18T14:45:26","slug":"shein-promete-investir-r750-mi-para-ter-producao-no-brasil","status":"publish","type":"post","link":"https:\/\/investnews.com.br\/negocios\/shein-promete-investir-r750-mi-para-ter-producao-no-brasil\/","title":{"rendered":"Shein promete investir R$750 mi para ter produ\u00e7\u00e3o no Brasil"},"content":{"rendered":"\n<p>A marca de fast fashion chinesa Shein anunciou nesta quinta-feira (20) que vai investir R$ 750 milh\u00f5es no Brasil nos pr\u00f3ximos anos para estabelecer uma rede com milhares de fabricantes do setor t\u00eaxtil no pa\u00eds.<\/p>\n\n\n\n<p>A companhia, que anunciou tamb\u00e9m um marketplace para produtos e vendedores no Brasil, afirmou que pretende fazer parceria com 2 mil fabricantes no pa\u00eds, o que deve gerar 100 mil empregos nos pr\u00f3ximos tr\u00eas anos.<\/p>\n\n\n\n<p>Segundo a empresa, uma das mais procuradas pelo p\u00fablico jovem feminino no pa\u00eds, at\u00e9 o final de 2026 cerca de 85% das vendas no Brasil devem corresponder a fabricantes e vendedores locais.<\/p>\n\n\n\n<p>Os an\u00fancios da companhia ocorreram ap\u00f3s a miss\u00e3o brasileira \u00e0 China e ap\u00f3s o governo chegar a anunciar o fim da <a href=\"https:\/\/investnews.com.br\/economia\/governo-desiste-da-regra-de-taxacao-de-encomendas-importadas-abaixo-de-us-50\/\">isen\u00e7\u00e3o tarif\u00e1ria sobre mercadorias de at\u00e9 US$ 50<\/a>. O fim da isen\u00e7\u00e3o foi revisto ap\u00f3s intensas cr\u00edticas da popula\u00e7\u00e3o contra o governo do presidente Luiz In\u00e1cio Lula da Silva, que pretendia levantar cerca de R$ 8 bilh\u00f5es ao ano com a medida.<\/p>\n\n\n\n<p>Mais cedo, o ministro da Fazenda, Fernando Haddad, j\u00e1 havia informado que a Shein iria anunciar a nacionaliza\u00e7\u00e3o de 85% de suas vendas no Brasil em quatro anos. Haddad se reuniu com representantes da companhia chinesa nesta quinta-feira.<\/p>\n\n\n\n<p>&#8220;Nosso objetivo \u00e9 apoiar os fabricantes e fornecedores brasileiros para que possam aumentar seu alcance e crescimento no Brasil, bem como agir como um bloco de constru\u00e7\u00e3o para futuras oportunidades globais&#8221;, afirmou o presidente da Shein no Brasil, Felipe Feistler, em comunicado da companhia.<\/p>\n\n\n\n<p>&#8220;Temos visto grande sucesso no Brasil desde nosso lan\u00e7amento em 2020 e, com a crescente demanda dos consumidores, vimos a oportunidade de localizar mais a nossa cadeia de fornecimento&#8221;, disse o presidente do conselho da Shein para a Am\u00e9rica Latina, Marcelo Claure, no comunicado.<\/p>\n\n\n\n<p>Segundo a empresa, o investimento ser\u00e1 usado para fornecer tecnologia e treinamento aos fabricantes nacionais para que possam atualizar suas opera\u00e7\u00f5es para o modelo sob demanda da Shein. A companhia citou que a estrat\u00e9gia permitir\u00e1 aos produtores locais gerenciar melhor as encomendas da empresa, reduzir desperd\u00edcio e excesso de estoque.<\/p>\n\n\n\n<ul class=\"wp-block-list\">\n<li><strong><em>Confira as <\/em><\/strong><a href=\"https:\/\/investnews.com.br\/cotacao\/amer3-americanas\/\" target=\"_blank\" rel=\"noreferrer noopener\">a\u00e7\u00f5es AMER3<\/a><\/li>\n<\/ul>\n","protected":false},"excerpt":{"rendered":"<p>Companhia afirmou que pretende fazer parceria com 2 mil fabricantes no pa\u00eds.<\/p>\n","protected":false},"author":61,"featured_media":468758,"comment_status":"closed","ping_status":"closed","sticky":false,"template":"","format":"standard","meta":{"_acf_changed":false,"inline_featured_image":false,"footnotes":""},"categories":[6],"tags":[66,376],"autor-wsj":[],"coauthors":[2494],"class_list":["post-468748","post","type-post","status-publish","format-standard","has-post-thumbnail","hentry","category-negocios","tag-negocios","tag-varejo"],"acf":[],"amp_enabled":true,"_links":{"self":[{"href":"https:\/\/investnews.com.br\/inv-api\/wp\/v2\/posts\/468748","targetHints":{"allow":["GET"]}}],"collection":[{"href":"https:\/\/investnews.com.br\/inv-api\/wp\/v2\/posts"}],"about":[{"href":"https:\/\/investnews.com.br\/inv-api\/wp\/v2\/types\/post"}],"author":[{"embeddable":true,"href":"https:\/\/investnews.com.br\/inv-api\/wp\/v2\/users\/61"}],"replies":[{"embeddable":true,"href":"https:\/\/investnews.com.br\/inv-api\/wp\/v2\/comments?post=468748"}],"version-history":[{"count":14,"href":"https:\/\/investnews.com.br\/inv-api\/wp\/v2\/posts\/468748\/revisions"}],"predecessor-version":[{"id":546568,"href":"https:\/\/investnews.com.br\/inv-api\/wp\/v2\/posts\/468748\/revisions\/546568"}],"wp:featuredmedia":[{"embeddable":true,"href":"https:\/\/investnews.com.br\/inv-api\/wp\/v2\/media\/468758"}],"wp:attachment":[{"href":"https:\/\/investnews.com.br\/inv-api\/wp\/v2\/media?parent=468748"}],"wp:term":[{"taxonomy":"category","embeddable":true,"href":"https:\/\/investnews.com.br\/inv-api\/wp\/v2\/categories?post=468748"},{"taxonomy":"post_tag","embeddable":true,"href":"https:\/\/investnews.com.br\/inv-api\/wp\/v2\/tags?post=468748"},{"taxonomy":"autor-wsj","embeddable":true,"href":"https:\/\/investnews.com.br\/inv-api\/wp\/v2\/autor-wsj?post=468748"},{"taxonomy":"author","embeddable":true,"href":"https:\/\/investnews.com.br\/inv-api\/wp\/v2\/coauthors?post=468748"}],"curies":[{"name":"wp","href":"https:\/\/api.w.org\/{rel}","templated":true}]}}