{"id":472086,"date":"2023-04-30T07:30:00","date_gmt":"2023-04-30T10:30:00","guid":{"rendered":"https:\/\/investnews.com.br\/?p=472086"},"modified":"2025-08-08T16:41:32","modified_gmt":"2025-08-08T19:41:32","slug":"shein-coteminas-acordo-alivia-crise-da-industria-textil","status":"publish","type":"post","link":"https:\/\/investnews.com.br\/negocios\/shein-coteminas-acordo-alivia-crise-da-industria-textil\/","title":{"rendered":"Acordo entre Shein e Coteminas alivia crise da ind\u00fastria t\u00eaxtil no Brasil?"},"content":{"rendered":"<p>O grupo mineiro<strong> Coteminas<\/strong> (<a href=\"https:\/\/investnews.com.br\/cotacao\/ctnm4-cia-tecidos-norte-de-minas-coteminas\/\">CTMN4<\/a>) \u2013 um dos poucos players ainda ativos na ind\u00fastria t\u00eaxtil do pa\u00eds \u2013 viu suas a\u00e7\u00f5es dispararem 260% em tr\u00eas preg\u00f5es, ap\u00f3s a varejista chinesa<strong> Shein <\/strong>anunciar, no dia 21 de abril, um <a href=\"https:\/\/investnews.com.br\/geral\/3-fatos-para-hoje-acordo-entre-shein-e-coteminas-oi-diz-ter-r-32-bi-em-caixa\/\">acordo com a companhia<\/a> para ampliar sua produ\u00e7\u00e3o no Brasil. As subsidi\u00e1rias do grupo listadas na B3 tamb\u00e9m saltaram: <strong>Springs Global<\/strong> e <strong>Santanense<\/strong>, subiram 87% e 395%, respectivamente.<\/p><p>A parceria com a plataforma asi\u00e1tica foi vista como uma poss\u00edvel &#8220;t\u00e1bua de salva\u00e7\u00e3o&#8221; para reanimar o setor \u2013 que vem enfrentando custos crescentes e margens apertadas frente \u00e0 chegada de concorrentes internacionais. Mas ainda h\u00e1 d\u00favidas sobre a capacidade da Shein de manter sua produ\u00e7\u00e3o competitiva dentro do chamado &#8220;custo-pa\u00eds&#8221; \u2013 problema conhecido h\u00e1 anos por concorrentes nacionais.<\/p><figure class=\"wp-block-image size-large\"><img loading=\"lazy\" decoding=\"async\" width=\"1024\" height=\"576\" src=\"https:\/\/media.investnews.com.br\/uploads\/2023\/04\/loja_tecidos_03-1024x576.jpg\" alt=\"Rolos de tecido coloridos empilhados.\" class=\"wp-image-472262\" srcset=\"https:\/\/media.investnews.com.br\/uploads\/2023\/04\/loja_tecidos_03-1024x576.jpg 1024w, https:\/\/media.investnews.com.br\/uploads\/2023\/04\/loja_tecidos_03-300x169.jpg 300w, https:\/\/media.investnews.com.br\/uploads\/2023\/04\/loja_tecidos_03-768x432.jpg 768w, https:\/\/media.investnews.com.br\/uploads\/2023\/04\/loja_tecidos_03-172x97.jpg 172w, https:\/\/media.investnews.com.br\/uploads\/2023\/04\/loja_tecidos_03-150x84.jpg 150w, https:\/\/media.investnews.com.br\/uploads\/2023\/04\/loja_tecidos_03.jpg 1200w\" sizes=\"auto, (max-width: 1024px) 100vw, 1024px\" \/><figcaption class=\"wp-element-caption\">Tecidos. Cr\u00e9dito: Adobe Stock<\/figcaption><\/figure><p>O acordo entre Coteminas e Shein prev\u00ea<strong> <\/strong>que a empresa fundada pelo falecido ex-vice-presidente Jos\u00e9 Alencar \u2013 hoje comandada pelo filho, Josu\u00e9 Gomes da Silva, da Federa\u00e7\u00e3o das Ind\u00fastrias do Estado de S\u00e3o Paulo (Fiesp) \u2013, disponibilize 2 mil de seus clientes de confec\u00e7\u00e3o para fabricar produtos para a varejista asi\u00e1tica no Brasile na Am\u00e9rica Latina.\u00a0<\/p><p>Os planos da gigante chinesa tamb\u00e9m incluem financiamento para <a href=\"https:\/\/investnews.com.br\/guias\/capital-de-giro\/\">capital de giro<\/a> e contrato para exporta\u00e7\u00e3o de produtos. Al\u00e9m disso, a Shein refor\u00e7ou que pretende nacionalizar a produ\u00e7\u00e3o de 85% de suas vendas locais at\u00e9 o final de 2026.<\/p><p>Em 2022, a ind\u00fastria t\u00eaxtil no Brasil contava com 22.500 unidades de produ\u00e7\u00e3o e empregava 1,3 milh\u00e3o de pessoas com vagas formais, segundo dados da Abit\/Iemi. Em sua carta de compromisso, a Shein pretende fechar parceria com 10% dos fornecedores do ramo no pa\u00eds \u2013 o que elevaria a for\u00e7a de trabalho dessa ind\u00fastria em 7,5% nos pr\u00f3ximos tr\u00eas anos.<\/p><p>Para se ter uma ideia da dimens\u00e3o do plano, a varejista de moda nacional <strong>Renner<\/strong> (<a href=\"https:\/\/investnews.com.br\/cotacao\/lren3-lojas-renner\/\">LREN3<\/a>) possu\u00eda 1,402 fornecedores do ramo t\u00eaxtil para produzir seus produtos em 2022, enquanto a <strong>C&#038;A<\/strong> (<a href=\"https:\/\/investnews.com.br\/cotacao\/ceab3-ca\/\">CEAB3<\/a>) contava com 794, segundo levantamento feito por analistas de research do Santander.<\/p><div class=\"flourish-embed flourish-chart\" data-src=\"visualisation\/13579865?1266799\"><script src=\"https:\/\/public.flourish.studio\/resources\/embed.js\"><\/script><\/div><h2 class=\"wp-block-heading\">O que motivou o acordo da Shein?<\/h2><p>A parceria foi anunciada logo ap\u00f3s a Shein anunciar que pretende investir cerca de <a href=\"https:\/\/investnews.com.br\/negocios\/shein-promete-investir-r750-mi-para-ter-producao-no-brasil\/\">R$ 750 milh\u00f5es no setor t\u00eaxtil<\/a> brasileiro e gerar at\u00e9 100 mil empregos indiretos em tr\u00eas anos \u2013 a fim de encerrar uma pol\u00eamica com o governo Lula envolvendo o <a href=\"https:\/\/investnews.com.br\/negocios\/fim-isencao-compras-exterior-entenda\/\">fim da isen\u00e7\u00e3o<\/a> de imposto sobre produtos importados por pessoas f\u00edsicas \u2013 decis\u00e3o da qual o governo voltou atr\u00e1s em meio ao acordo. <\/p><p>Hoje, \u00e9 cobrado um tributo de 60% sobre o valor de encomendas internacionais, com exce\u00e7\u00e3o das compras entre pessoas f\u00edsicas (encomendas pessoais) de at\u00e9 US$ 50. A Receita Federal e varejistas brasileiros argumentavam que esse benef\u00edcio vinha sendo utilizado de forma fraudulenta para vendas feitas por empresas estrangeiras, o que geraria concorr\u00eancia desleal frente a players nacionais.<\/p><p><strong><em>Confira as <\/em><\/strong><a href=\"https:\/\/investnews.com.br\/cotacao\/amer3-americanas\/\" target=\"_blank\" rel=\"noreferrer noopener\">a\u00e7\u00f5es AMER3<\/a><\/p><h2 class=\"wp-block-heading\">Novo f\u00f4lego para a ind\u00fastria t\u00eaxtil?<\/h2><p>Na avalia\u00e7\u00e3o do especialista em gest\u00e3o de varejo Luiz Claudio D., fazia anos que a ind\u00fastria t\u00eaxtil n\u00e3o recebia uma not\u00edcia t\u00e3o positiva quanto o acordo entre Coteminas e Shein. No entanto, ele pondera que h\u00e1 um longo trajeto entre o discurso e colocar os planos em pr\u00e1tica.<\/p><p>Em meio a resultados negativos, sua controlada Springs Global reduziu suas opera\u00e7\u00f5es no ano passado, diminuindo suas linhas de produtos fabricados de 7 mil para cerca de 1,5 mil unidades fabricadas simultaneamente. <\/p><p>Nos nove primeiros meses de 2022, a Coteminas acumulava um preju\u00edzo financeiro de R$ 242,2 milh\u00f5es, segundo seu \u00faltimo balan\u00e7o financeiro dispon\u00edvel no site de RI \u2013 resultado 32,9% pior que no mesmo per\u00edodo de 2021.<\/p><p>Fundada em 1967 em Montes Claros (MG), a Coteminas \u00e9 dona no Brasil das marcas Santista, Artex, MMartan e Casa Moys\u00e9s. Tamb\u00e9m possui marcas na Argentina, Estados Unidos e Canad\u00e1. Em meio \u00e0 not\u00edcia da parceria com a Shein, o valor de mercado da Coteminas chegou a mais que triplicar (+270%) entre 20 e 25 de abril, segundo dados do TradeMap.<\/p><blockquote class=\"wp-block-quote is-layout-flow wp-block-quote-is-layout-flow\">\n<p>&#8220;Quando se fala em fomentar a cadeia como um todo, a Coteminas \u00e9 uma grande ind\u00fastria, uma das poucas que ainda sobrevivem nesse mercado. \u00c9 muito importante, sobretudo um plano do governo como principal patrocinador, que pode alcan\u00e7ar centenas de milhares de confec\u00e7\u00f5es candidatas a fornecer produtos dentro desse plano de reestrutura\u00e7\u00e3o&#8221;.<\/p>\n<cite>LUIZ CLAUDIO D., ESPECIALISTA EM VAREJO<\/cite><\/blockquote><p>Embora o acordo gere a expectativa de fomentar a ind\u00fastria t\u00eaxtil como um todo, o especialista em gest\u00e3o de varejo questiona de que forma a Shein seria capaz de colocar em pr\u00e1tica um plano que muitas varejistas nacionais t\u00eam dificuldade em fazer.<\/p><p>&#8220;Se de um lado, vemos esse projeto com bastante otimismo, a grande quest\u00e3o \u00e9 o que vai ser feito de diferente, a partir do momento em que a Shein, vendendo produtos fabricados na China, passar\u00e1 a produzir no Brasil. Os pre\u00e7os ser\u00e3o os mesmos?&#8221;, questiona.<\/p><h2 class=\"wp-block-heading\">Concorr\u00eancia com varejistas nacionais<\/h2><p>Para analistas do Ita\u00fa BBA, com a varejista chinesa nacionalizando grande parte de sua produ\u00e7\u00e3o, os players de vestu\u00e1rio dom\u00e9stico ser\u00e3o melhor posicionado para competir com a empresa localmente. Eles avaliam que o fato de o segmento de vestu\u00e1rio ser pulverizado, com participa\u00e7\u00e3o de mercado dos tr\u00eas maiores players n\u00e3o passando de 20%, como oportunidade para novos competidores coexistirem nesse mercado.<\/p><figure class=\"wp-block-image size-full\"><img loading=\"lazy\" decoding=\"async\" width=\"2048\" height=\"1431\" src=\"https:\/\/media.investnews.com.br\/uploads\/2023\/02\/2023-02-09T124149Z_1_LYNXMPEJ180K5_RTROPTP_4_BRAZIL-ECONOMY-INFLATION.jpg\" alt=\"Mulher de jaqueta vermelha anda em frente \u00e0 vitrine de loja com manequins e roupas listradas.\" class=\"wp-image-433517\" srcset=\"https:\/\/media.investnews.com.br\/uploads\/2023\/02\/2023-02-09T124149Z_1_LYNXMPEJ180K5_RTROPTP_4_BRAZIL-ECONOMY-INFLATION.jpg 2048w, https:\/\/media.investnews.com.br\/uploads\/2023\/02\/2023-02-09T124149Z_1_LYNXMPEJ180K5_RTROPTP_4_BRAZIL-ECONOMY-INFLATION-300x210.jpg 300w, https:\/\/media.investnews.com.br\/uploads\/2023\/02\/2023-02-09T124149Z_1_LYNXMPEJ180K5_RTROPTP_4_BRAZIL-ECONOMY-INFLATION-1024x716.jpg 1024w, https:\/\/media.investnews.com.br\/uploads\/2023\/02\/2023-02-09T124149Z_1_LYNXMPEJ180K5_RTROPTP_4_BRAZIL-ECONOMY-INFLATION-768x537.jpg 768w, https:\/\/media.investnews.com.br\/uploads\/2023\/02\/2023-02-09T124149Z_1_LYNXMPEJ180K5_RTROPTP_4_BRAZIL-ECONOMY-INFLATION-1536x1073.jpg 1536w, https:\/\/media.investnews.com.br\/uploads\/2023\/02\/2023-02-09T124149Z_1_LYNXMPEJ180K5_RTROPTP_4_BRAZIL-ECONOMY-INFLATION-1256x878.jpg 1256w, https:\/\/media.investnews.com.br\/uploads\/2023\/02\/2023-02-09T124149Z_1_LYNXMPEJ180K5_RTROPTP_4_BRAZIL-ECONOMY-INFLATION-172x120.jpg 172w, https:\/\/media.investnews.com.br\/uploads\/2023\/02\/2023-02-09T124149Z_1_LYNXMPEJ180K5_RTROPTP_4_BRAZIL-ECONOMY-INFLATION-150x105.jpg 150w\" sizes=\"auto, (max-width: 2048px) 100vw, 2048px\" \/><figcaption class=\"wp-element-caption\">Loja de roupas, no Rio de Janeiro\n04\/09\/2018\nREUTERS\/Pilar Olivares<\/figcaption><\/figure><p>&#8220;Em nossa opini\u00e3o, competir com o cross-border da Shein (com\u00e9rcio de produtos fabricados em outro pa\u00eds) foi muito mais desafiador, dada sua prov\u00e1vel vantagem de pre\u00e7os em rela\u00e7\u00e3o ao custo de produ\u00e7\u00e3o no mercado chin\u00eas&#8221;, observaram em relat\u00f3rio.<\/p><p>Em relat\u00f3rio, analistas do Santander avaliaram que a recente desacelera\u00e7\u00e3o da importa\u00e7\u00e3o de  produtos de baixo valor entre de janeiro a fevereiro de 2023, segundo o Banco Central, pode ter implica\u00e7\u00f5es favor\u00e1veis \u200b\u200bpara as varejistas de moda nacionais. Ainda assim, eles acreditam que os pre\u00e7os da Shein podem permanecer competitivos neste cen\u00e1rio.<\/p><p>&#8220;Embora os compromissos de investimento da Shein para a produ\u00e7\u00e3o local sejam substanciais, eles ainda assim indicam a consci\u00eancia da empresa sobre os riscos potenciais do aumento da supervis\u00e3o do governo&#8221;, diz o Santander em relat\u00f3rio.<\/p>\n","protected":false},"excerpt":{"rendered":"<p>Especialistas veem plano com bons olhos, mas questionam capacidade da varejista chinesa de se manter competitiva.<\/p>\n","protected":false},"author":5,"featured_media":472262,"comment_status":"closed","ping_status":"open","sticky":false,"template":"","format":"standard","meta":{"_acf_changed":false,"inline_featured_image":false,"footnotes":""},"categories":[6],"tags":[869,376],"autor-wsj":[],"coauthors":[1495],"class_list":["post-472086","post","type-post","status-publish","format-standard","has-post-thumbnail","hentry","category-negocios","tag-e-commerce","tag-varejo"],"acf":[],"amp_enabled":true,"_links":{"self":[{"href":"https:\/\/investnews.com.br\/inv-api\/wp\/v2\/posts\/472086","targetHints":{"allow":["GET"]}}],"collection":[{"href":"https:\/\/investnews.com.br\/inv-api\/wp\/v2\/posts"}],"about":[{"href":"https:\/\/investnews.com.br\/inv-api\/wp\/v2\/types\/post"}],"author":[{"embeddable":true,"href":"https:\/\/investnews.com.br\/inv-api\/wp\/v2\/users\/5"}],"replies":[{"embeddable":true,"href":"https:\/\/investnews.com.br\/inv-api\/wp\/v2\/comments?post=472086"}],"version-history":[{"count":60,"href":"https:\/\/investnews.com.br\/inv-api\/wp\/v2\/posts\/472086\/revisions"}],"predecessor-version":[{"id":704523,"href":"https:\/\/investnews.com.br\/inv-api\/wp\/v2\/posts\/472086\/revisions\/704523"}],"wp:featuredmedia":[{"embeddable":true,"href":"https:\/\/investnews.com.br\/inv-api\/wp\/v2\/media\/472262"}],"wp:attachment":[{"href":"https:\/\/investnews.com.br\/inv-api\/wp\/v2\/media?parent=472086"}],"wp:term":[{"taxonomy":"category","embeddable":true,"href":"https:\/\/investnews.com.br\/inv-api\/wp\/v2\/categories?post=472086"},{"taxonomy":"post_tag","embeddable":true,"href":"https:\/\/investnews.com.br\/inv-api\/wp\/v2\/tags?post=472086"},{"taxonomy":"autor-wsj","embeddable":true,"href":"https:\/\/investnews.com.br\/inv-api\/wp\/v2\/autor-wsj?post=472086"},{"taxonomy":"author","embeddable":true,"href":"https:\/\/investnews.com.br\/inv-api\/wp\/v2\/coauthors?post=472086"}],"curies":[{"name":"wp","href":"https:\/\/api.w.org\/{rel}","templated":true}]}}